{"id":1004,"date":"2024-03-18T13:30:49","date_gmt":"2024-03-18T16:30:49","guid":{"rendered":"https:\/\/tveventos.tv.br\/?p=1004"},"modified":"2024-03-18T13:30:52","modified_gmt":"2024-03-18T16:30:52","slug":"feiras-e-eventos-especialista-revela-como-contratar-a-montadora-de-stand-ideal","status":"publish","type":"post","link":"https:\/\/tveventos.tv.br\/?p=1004","title":{"rendered":"Feiras e eventos: especialista revela como contratar a montadora de stand ideal"},"content":{"rendered":"\n<p><em>Segundo Natalie Acera, CEO do Grupo Plus Stands, esse \u00e9 o primeiro movimento para garantir o sucesso de uma marca durante as feiras de neg\u00f3cios&nbsp;<\/em><\/p>\n\n\n\n<p>Participar de feiras de neg\u00f3cios \u00e9 uma estrat\u00e9gia valiosa para empresas que buscam visibilidade e networking, tornando a escolha da montadora de stands uma decis\u00e3o crucial para o sucesso do evento. Nesse processo, as equipes de marketing desempenham um papel fundamental, sendo respons\u00e1veis por garantir que a presen\u00e7a de seus clientes nas feiras seja marcante e inovadora.<\/p>\n\n\n\n<p>De acordo com Natalie Acera, CEO do Grupo Plus Stands, empresa que atua h\u00e1 mais de 12 anos no segmento de feiras e eventos, ao buscar uma montadora de stand \u00e9 essencial avaliar sua experi\u00eancia no ramo e examinar seu portf\u00f3lio. \u201cEmpresas com hist\u00f3rico s\u00f3lido demonstram capacidade de enfrentar desafios e entregar projetos de qualidade. Por isso, \u00e9 necess\u00e1rio priorizar aqueles que tenham experi\u00eancia em eventos semelhantes e que possuam um portf\u00f3lio diversificado, criativo e inovador\u201d, relata.<\/p>\n\n\n\n<p><strong>Entendimento da marca e dos objetivos do cliente<\/strong><\/p>\n\n\n\n<p>A especialista acredita que \u00e9 preciso compreender profundamente a marca e os objetivos da empresa representada. \u201cAs equipes de marketing fornecem informa\u00e7\u00f5es detalhadas sobre a identidade da marca e as metas espec\u00edficas para o evento, facilitando a tradu\u00e7\u00e3o desses elementos no design do stand para criar uma presen\u00e7a mais impactante na feira\u201d, pontua.<\/p>\n\n\n\n<p>A criatividade no design do stand \u00e9 um diferencial competitivo em feiras de neg\u00f3cios. \u201cAo buscar uma montadora, \u00e9 fundamental priorizar aquelas capazes de oferecer solu\u00e7\u00f5es inovadoras e criativas. A capacidade de surpreender e envolver o p\u00fablico-alvo \u00e9 o primeiro passo para se destacar em um ambiente onde a concorr\u00eancia pela aten\u00e7\u00e3o \u00e9 acirrada\u201d, declara.<\/p>\n\n\n\n<p><strong>Evitando contratempos desnecess\u00e1rios<\/strong><\/p>\n\n\n\n<p>A pontualidade na entrega do stand \u00e9 vital para o sucesso do evento. \u201c\u00c9 preciso garantir que a montadora escolhida cumpra com todos os prazos, evitando dores de cabe\u00e7a e assegurando que a empresa representada tenha tempo suficiente para realizar testes e ajustes antes da feira\u201d, alerta.<\/p>\n\n\n\n<p>Natalie acredita que a combina\u00e7\u00e3o de experi\u00eancia, alinhamento estrat\u00e9gico, criatividade, pontualidade e qualidade \u00e9 a chave para garantir que a presen\u00e7a em feiras de neg\u00f3cios seja n\u00e3o apenas not\u00e1vel, mas tamb\u00e9m eficaz na busca dos objetivos da empresa representada. \u201cEscolher com sabedoria significa construir uma presen\u00e7a marcante e duradoura no cen\u00e1rio de eventos corporativos\u201d, finaliza.<\/p>\n\n\n\n<p><strong>Sobre o Grupo Plus Stands<\/strong><\/p>\n\n\n\n<p>O Grupo Plus Stands, muito al\u00e9m de uma montadora de Stands, gera solu\u00e7\u00f5es inovadoras para feiras de neg\u00f3cios, proporcionando ao expositor tudo o que precisa no formato 360\u00ba , sem necessitar de outros fornecedores no stand. Com 12 anos de expertise, a marca sabe o que o expositor busca: solu\u00e7\u00f5es pr\u00e1ticas que visam facilitar a exposi\u00e7\u00e3o de sua marca, produtos ou servi\u00e7os, sem preocupa\u00e7\u00f5es burocr\u00e1ticas.<\/p>\n\n\n\n<p>Para mais informa\u00e7\u00f5es, acesse o site <a href=\"http:\/\/grupoplusstands.com.br\/\">grupoplusstands.com.br<\/a> ou o <a href=\"http:\/\/instagram.com\/plusstands\">instagram.com\/plusstands<\/a><\/p>\n\n\n\n<p><strong>Sobre Natalie Acera<\/strong><\/p>\n\n\n\n<p>Natalie Acera \u00e9 uma eterna produtora de eventos, no qual, hoje lidera como CEO de seu grupo de empresas dedicadas a organizar e promover stands em feiras de neg\u00f3cios. Entusiasta nata, m\u00e3e do pequeno Pedro Andr\u00e9s, que \u00e9 o principal fio condutor de sua felicidade, \u00e9 impar\u00e1vel e dedicada na miss\u00e3o de transformar as pessoas que passam por suas empresas.&nbsp;<\/p>\n\n\n\n<p>Chief Happiness Officer certificada, Natalie segue os passos de seu pai desde os 12 anos, que tamb\u00e9m atua no mercado de feiras de neg\u00f3cios lidando diretamente com pessoas.&nbsp;<\/p>\n\n\n\n<p>Para mais informa\u00e7\u00f5es, acesse o <a href=\"http:\/\/instagram.com\/natyacera\">instagram.com\/natyacera<\/a>.<\/p>\n","protected":false},"excerpt":{"rendered":"<p>Segundo Natalie Acera, CEO do Grupo Plus Stands, esse \u00e9 o primeiro movimento para garantir o sucesso de uma marca durante as feiras de neg\u00f3cios&nbsp; Participar de feiras de neg\u00f3cios \u00e9 uma estrat\u00e9gia valiosa para empresas que buscam visibilidade e networking, tornando a escolha da montadora de stands uma decis\u00e3o crucial para o sucesso do [&hellip;]<\/p>\n","protected":false},"author":2,"featured_media":1006,"comment_status":"open","ping_status":"open","sticky":false,"template":"","format":"standard","meta":{"footnotes":""},"categories":[1],"tags":[],"class_list":{"0":"post-1004","1":"post","2":"type-post","3":"status-publish","4":"format-standard","5":"has-post-thumbnail","7":"category-workshopsepalestras"},"_links":{"self":[{"href":"https:\/\/tveventos.tv.br\/index.php?rest_route=\/wp\/v2\/posts\/1004","targetHints":{"allow":["GET"]}}],"collection":[{"href":"https:\/\/tveventos.tv.br\/index.php?rest_route=\/wp\/v2\/posts"}],"about":[{"href":"https:\/\/tveventos.tv.br\/index.php?rest_route=\/wp\/v2\/types\/post"}],"author":[{"embeddable":true,"href":"https:\/\/tveventos.tv.br\/index.php?rest_route=\/wp\/v2\/users\/2"}],"replies":[{"embeddable":true,"href":"https:\/\/tveventos.tv.br\/index.php?rest_route=%2Fwp%2Fv2%2Fcomments&post=1004"}],"version-history":[{"count":1,"href":"https:\/\/tveventos.tv.br\/index.php?rest_route=\/wp\/v2\/posts\/1004\/revisions"}],"predecessor-version":[{"id":1007,"href":"https:\/\/tveventos.tv.br\/index.php?rest_route=\/wp\/v2\/posts\/1004\/revisions\/1007"}],"wp:featuredmedia":[{"embeddable":true,"href":"https:\/\/tveventos.tv.br\/index.php?rest_route=\/wp\/v2\/media\/1006"}],"wp:attachment":[{"href":"https:\/\/tveventos.tv.br\/index.php?rest_route=%2Fwp%2Fv2%2Fmedia&parent=1004"}],"wp:term":[{"taxonomy":"category","embeddable":true,"href":"https:\/\/tveventos.tv.br\/index.php?rest_route=%2Fwp%2Fv2%2Fcategories&post=1004"},{"taxonomy":"post_tag","embeddable":true,"href":"https:\/\/tveventos.tv.br\/index.php?rest_route=%2Fwp%2Fv2%2Ftags&post=1004"}],"curies":[{"name":"wp","href":"https:\/\/api.w.org\/{rel}","templated":true}]}}