{"id":1009,"date":"2024-03-18T13:39:35","date_gmt":"2024-03-18T16:39:35","guid":{"rendered":"https:\/\/tveventos.tv.br\/?p=1009"},"modified":"2024-03-18T13:39:38","modified_gmt":"2024-03-18T16:39:38","slug":"sao-paulo-recebe-um-maiores-eventos-de-educacao-da-america-latina-em-abril","status":"publish","type":"post","link":"https:\/\/tveventos.tv.br\/?p=1009","title":{"rendered":"S\u00e3o Paulo recebe um maiores eventos de educa\u00e7\u00e3o da Am\u00e9rica Latina em Abril"},"content":{"rendered":"\n<p><em>Grupo SWA apresenta solu\u00e7\u00f5es de impacto para a gest\u00e3o educacional na Bett Brasil 2024<\/em><\/p>\n\n\n\n<p>A inser\u00e7\u00e3o da tecnologia nos ambientes universit\u00e1rios tem enriquecido a experi\u00eancia de professores, alunos e institui\u00e7\u00f5es. Recentemente, a Associa\u00e7\u00e3o Brasileira de Mantenedoras de Ensino Superior (ABMES) promoveu um semin\u00e1rio, justamente, abordando as tend\u00eancias e desafios para 2024. Dentre essas, destaca-se a utiliza\u00e7\u00e3o mais eficiente das conex\u00f5es digitais, integradas a modelos pedag\u00f3gicos s\u00f3lidos.<\/p>\n\n\n\n<p>Na edi\u00e7\u00e3o deste ano da Bett Brasil, o maior evento dedicado \u00e0 Inova\u00e7\u00e3o e Tecnologia para a Educa\u00e7\u00e3o na Am\u00e9rica Latina, ser\u00e1 apresentado um panorama global sobre o tema. O evento, que acontece no Expo Center Norte, em S\u00e3o Paulo, ter\u00e1 como foco o debate sobre &#8220;Inova\u00e7\u00e3o com Prop\u00f3sito: Educa\u00e7\u00e3o em Di\u00e1logo com as Transforma\u00e7\u00f5es Sociais&#8221;. A proposta da Bett \u00e9 discutir as principais quest\u00f5es que permeiam as \u00e1reas social, econ\u00f4mica, emocional e educacional, permeadas pela tecnologia.<\/p>\n\n\n\n<p>Do Paran\u00e1, o JACAD, idealizado pela EdTech Grupo SWA, um dos cinco principais softwares educacionais do Brasil, ser\u00e1 apresentado aos visitantes. A plataforma \u00e9 reconhecida em 22 estados brasileiros por ser inclusiva e assertiva, uma vez que torna n\u00e3o apenas a jornada do aluno din\u00e2mica, mas permite ao administrador universit\u00e1rio a gest\u00e3o de todos os processos, desde a matr\u00edcula at\u00e9 o pagamento de mensalidades, por exemplo.<\/p>\n\n\n\n<p>\u201cEstamos muito felizes em participar pela segunda vez da Bett Brasil 2024, com um olhar de crescimento da nossa marca. \u00c9 uma oportunidade para apresentar como n\u00f3s podemos auxiliar as institui\u00e7\u00f5es no crescimento constante, atrav\u00e9s de nossas tecnologias\u201d, destaca Leandro Scalabrin, CEO do Grupo SWA.<\/p>\n\n\n\n<p>Segundo Leandro, a proposta da solu\u00e7\u00e3o est\u00e1 alinhada ao DNA da Bett Brasil, oferecendo uma experi\u00eancia aprimorada, com foco na usabilidade, acessibilidade e na entrega eficiente de relat\u00f3rios e indicadores de gest\u00e3o, como destaca o CEO.<\/p>\n\n\n\n<p>Atualmente, auxiliando o trabalho de 40 mil professores e atendendo 500 mil estudantes, atrav\u00e9s da plataforma, o aluno tem acesso ao conte\u00fado, pode assistir \u00e0s aulas, conferir notas e tarefas. Al\u00e9m disso, tem acesso aos seus dados pessoais, financeiros e acad\u00eamicos.<\/p>\n\n\n\n<p>\u201cA solu\u00e7\u00e3o unifica processos, desde a capta\u00e7\u00e3o de alunos at\u00e9 a certifica\u00e7\u00e3o final. A plataforma tamb\u00e9m ajuda com a expans\u00e3o de polos, automatiza\u00e7\u00e3o de jornadas acad\u00eamicas, financeiras e administrativas, brainstorming&nbsp;de gest\u00e3o e traz ferramentas de an\u00e1lise de indicadores\u201d.<\/p>\n\n\n\n<p>Entre as institui\u00e7\u00f5es que utilizam a tecnologia e com a ajuda dela cresceram significativamente est\u00e1 o Centro Universit\u00e1rio Cidade Verde (UniCV), criado em Maring\u00e1. Ele passou de 5 mil alunos para os atuais 67 mil estudantes na modalidade Ensino \u00e0 Dist\u00e2ncia (EAD) com o JACAD. A institui\u00e7\u00e3o pretende, ainda, atingir o n\u00famero de cem mil pessoas at\u00e9 o final do ano, com polos distribu\u00eddos no Brasil e no exterior. Dentre os projetos que se destacam como frutos da parceria entre a SWA e a UniCV est\u00e1 a forma\u00e7\u00e3o de ind\u00edgenas moradores da aldeia Tekoha Marangatu, em Gua\u00edra, no Paran\u00e1.<\/p>\n\n\n\n<p>At\u00e9 dezembro, o Grupo SWA busca conquistar 13% do market share nacional do ensino superior e dobrar esse percentual at\u00e9 2026.<\/p>\n\n\n\n<p><strong>Sobre a Bett Brasil&nbsp;<\/strong><\/p>\n\n\n\n<p>A feira tem como principal objetivo o compartilhamento e a constru\u00e7\u00e3o de conhecimento, a fim de promover o debate entre seus participantes e causar impacto positivo no setor educacional. Ela n\u00e3o acontece apenas no Brasil. Atualmente, a Bett Brasil faz parte de uma s\u00e9rie de eventos para o setor educacional promovidos pelo Hyve Group ao redor do mundo. No entanto, aqui no pa\u00eds \u00e9 o maior evento de educa\u00e7\u00e3o e tecnologia da Am\u00e9rica Latina. Re\u00fane anualmente mais de 270 empresas l\u00edderes nacionais e internacionais, 26 startups de EdTech e mais de 29.000 mil participantes da comunidade educacional. Neste ano, alcan\u00e7a a edi\u00e7\u00e3o n\u00famero 29.<\/p>\n\n\n\n<p>Data: de 23 a 26 de abril<\/p>\n\n\n\n<p>Local: Expo Center Norte, em S\u00e3o Paulo\/SP.<\/p>\n","protected":false},"excerpt":{"rendered":"<p>Grupo SWA apresenta solu\u00e7\u00f5es de impacto para a gest\u00e3o educacional na Bett Brasil 2024 A inser\u00e7\u00e3o da tecnologia nos ambientes universit\u00e1rios tem enriquecido a experi\u00eancia de professores, alunos e institui\u00e7\u00f5es. Recentemente, a Associa\u00e7\u00e3o Brasileira de Mantenedoras de Ensino Superior (ABMES) promoveu um semin\u00e1rio, justamente, abordando as tend\u00eancias e desafios para 2024. Dentre essas, destaca-se a [&hellip;]<\/p>\n","protected":false},"author":2,"featured_media":1010,"comment_status":"open","ping_status":"open","sticky":false,"template":"","format":"standard","meta":{"footnotes":""},"categories":[1],"tags":[],"class_list":{"0":"post-1009","1":"post","2":"type-post","3":"status-publish","4":"format-standard","5":"has-post-thumbnail","7":"category-workshopsepalestras"},"_links":{"self":[{"href":"https:\/\/tveventos.tv.br\/index.php?rest_route=\/wp\/v2\/posts\/1009","targetHints":{"allow":["GET"]}}],"collection":[{"href":"https:\/\/tveventos.tv.br\/index.php?rest_route=\/wp\/v2\/posts"}],"about":[{"href":"https:\/\/tveventos.tv.br\/index.php?rest_route=\/wp\/v2\/types\/post"}],"author":[{"embeddable":true,"href":"https:\/\/tveventos.tv.br\/index.php?rest_route=\/wp\/v2\/users\/2"}],"replies":[{"embeddable":true,"href":"https:\/\/tveventos.tv.br\/index.php?rest_route=%2Fwp%2Fv2%2Fcomments&post=1009"}],"version-history":[{"count":1,"href":"https:\/\/tveventos.tv.br\/index.php?rest_route=\/wp\/v2\/posts\/1009\/revisions"}],"predecessor-version":[{"id":1011,"href":"https:\/\/tveventos.tv.br\/index.php?rest_route=\/wp\/v2\/posts\/1009\/revisions\/1011"}],"wp:featuredmedia":[{"embeddable":true,"href":"https:\/\/tveventos.tv.br\/index.php?rest_route=\/wp\/v2\/media\/1010"}],"wp:attachment":[{"href":"https:\/\/tveventos.tv.br\/index.php?rest_route=%2Fwp%2Fv2%2Fmedia&parent=1009"}],"wp:term":[{"taxonomy":"category","embeddable":true,"href":"https:\/\/tveventos.tv.br\/index.php?rest_route=%2Fwp%2Fv2%2Fcategories&post=1009"},{"taxonomy":"post_tag","embeddable":true,"href":"https:\/\/tveventos.tv.br\/index.php?rest_route=%2Fwp%2Fv2%2Ftags&post=1009"}],"curies":[{"name":"wp","href":"https:\/\/api.w.org\/{rel}","templated":true}]}}