{"id":1013,"date":"2024-03-18T14:16:02","date_gmt":"2024-03-18T17:16:02","guid":{"rendered":"https:\/\/tveventos.tv.br\/?p=1013"},"modified":"2024-03-18T14:16:06","modified_gmt":"2024-03-18T17:16:06","slug":"expo-revestir-10-palestras-que-profissionais-de-arquitetura-nao-podem-perder","status":"publish","type":"post","link":"https:\/\/tveventos.tv.br\/?p=1013","title":{"rendered":"Expo Revestir: 10 palestras que profissionais de arquitetura n\u00e3o podem perder"},"content":{"rendered":"\n<p><em>Espa\u00e7o Promob Talk traz arquiteto Marcos Nascimento como destaque de quatro dias de programa\u00e7\u00e3o de conte\u00fado sobre arquitetura e design de interiores<\/em><\/p>\n\n\n\n<p>Entre os dias 19 e 22 de mar\u00e7o, o Espa\u00e7o Promob Talk, que acontecer\u00e1 durante a Expo Revestir 2024, um dos principais eventos do segmento de arquitetura e constru\u00e7\u00e3o, contar\u00e1 com mais de 30 palestras e conte\u00fados para o setor. O ambiente ser\u00e1 dedicado a palestras e debates com profissionais renomados, como o arquiteto e urbanista Marcos Nascimento, que compartilhar\u00e1 sua expertise no segmento.&nbsp;<\/p>\n\n\n\n<p>A diretora de marketing do Grupo Cyncly na Am\u00e9rica Latina, Jaqueline Maraschin, ressalta a import\u00e2ncia da Expo Revestir. &#8220;\u00c9 uma oportunidade \u00fanica para os profissionais da \u00e1rea se atualizarem e se inspirarem. Estamos muito felizes em contar com a parceria de grandes nomes, que podem contribuir com conte\u00fado relevante para o mercado&#8221;, afirma.<\/p>\n\n\n\n<p>Reconhecida por sua expertise no desenvolvimento de solu\u00e7\u00f5es inovadoras para o setor moveleiro, atendendo cerca de 33 mil clientes na Am\u00e9rica Latina,&nbsp; a Promob trar\u00e1 ensinamentos, demonstrando seu compromisso com os profissionais do setor e refor\u00e7ando o posicionamento como refer\u00eancia no segmento.<\/p>\n\n\n\n<p>Abaixo, confira algumas palestras que ser\u00e3o apresentadas no Espa\u00e7o Promob Talk:<\/p>\n\n\n\n<ol class=\"wp-block-list\">\n<li><strong>Neuroci\u00eancia e o Design de Interiores &#8211; a percep\u00e7\u00e3o humana em processo de projeto:&nbsp;<\/strong>Palestra que abordar\u00e1 como a neuroci\u00eancia pode influenciar o design de interiores, considerando a percep\u00e7\u00e3o humana durante o processo de projeto.<\/li>\n<\/ol>\n\n\n\n<p><strong>Data e hor\u00e1rio: 19 de mar\u00e7o \u00e0s 14h&nbsp;<\/strong><\/p>\n\n\n\n<ol class=\"wp-block-list\" start=\"2\">\n<li><strong>A arte de vender projetos &#8211; Marketing estrat\u00e9gico para arquitetos e designers de interiores<\/strong>: Com a participa\u00e7\u00e3o especial de Marcos Nascimento, esta palestra discutir\u00e1 estrat\u00e9gias de marketing para profissionais da \u00e1rea.<\/li>\n<\/ol>\n\n\n\n<p><strong>Data e hor\u00e1rio: 19 de mar\u00e7o \u00e0s 15h30&nbsp;<\/strong><\/p>\n\n\n\n<ol class=\"wp-block-list\" start=\"3\">\n<li><strong>Projeto X Entrega: materiais e revestimentos:&nbsp;<\/strong>Um debate sobre a escolha dos materiais e revestimentos ideais para cada projeto, considerando quest\u00f5es como durabilidade, est\u00e9tica e funcionalidade.<\/li>\n<\/ol>\n\n\n\n<p><strong>Data e hor\u00e1rio: 20 de mar\u00e7o \u00e0s 13h&nbsp;<\/strong><\/p>\n\n\n\n<ol class=\"wp-block-list\" start=\"4\">\n<li><strong>Planejados &#8211; A evolu\u00e7\u00e3o e o desenvolvimento do Mobili\u00e1rio na Arquitetura Atual:&nbsp;<\/strong>Palestra que apresentar\u00e1 as tend\u00eancias e inova\u00e7\u00f5es no desenvolvimento de mobili\u00e1rio planejado para a arquitetura contempor\u00e2nea.<\/li>\n<\/ol>\n\n\n\n<p><strong>Data e hor\u00e1rio: 20 de mar\u00e7o \u00e0s 15h&nbsp;<\/strong><\/p>\n\n\n\n<ol class=\"wp-block-list\" start=\"5\">\n<li><strong>Planejamento e desenvolvimento de carreira no Design de Interiores:&nbsp;<\/strong>Dicas e estrat\u00e9gias para o planejamento e desenvolvimento de uma carreira s\u00f3lida e bem-sucedida no design de interiores.<\/li>\n<\/ol>\n\n\n\n<p><strong>Data e hor\u00e1rio: 20 de mar\u00e7o \u00e0s 16h&nbsp;<\/strong><\/p>\n\n\n\n<ol class=\"wp-block-list\" start=\"6\">\n<li><strong>Arquitetura em Movimento: tr\u00eas pilares essenciais &#8211; Agilidade, Inova\u00e7\u00e3o e Paix\u00e3o pelo cliente:&nbsp;<\/strong>Palestra que abordar\u00e1 a import\u00e2ncia da agilidade, inova\u00e7\u00e3o e foco no cliente para o sucesso na arquitetura contempor\u00e2nea.<\/li>\n<\/ol>\n\n\n\n<p><strong>Data e hor\u00e1rio: 21 de mar\u00e7o \u00e0s 15h&nbsp;<\/strong><\/p>\n\n\n\n<ol class=\"wp-block-list\" start=\"7\">\n<li><strong>Ilumina\u00e7\u00e3o Estar &#8211; Estrat\u00e9gias para um bom projeto:&nbsp;<\/strong>Um guia pr\u00e1tico para a escolha e aplica\u00e7\u00e3o da ilumina\u00e7\u00e3o em projetos de interiores, considerando aspectos t\u00e9cnicos e est\u00e9ticos.<\/li>\n<\/ol>\n\n\n\n<p><strong>Data e hor\u00e1rio: 21 de mar\u00e7o \u00e0s 17h&nbsp;<\/strong><\/p>\n\n\n\n<ol class=\"wp-block-list\" start=\"8\">\n<li><strong>Psicologia do espa\u00e7o &#8211; Sentidos do morar:&nbsp;<\/strong>Discuss\u00e3o sobre como o espa\u00e7o f\u00edsico influencia o bem-estar e a qualidade de vida das pessoas, considerando aspectos psicol\u00f3gicos e emocionais.<\/li>\n<\/ol>\n\n\n\n<p><strong>Data e hor\u00e1rio: 21 de mar\u00e7o \u00e0s 16h&nbsp;<\/strong><\/p>\n\n\n\n<ol class=\"wp-block-list\" start=\"9\">\n<li><strong>A import\u00e2ncia da apresenta\u00e7\u00e3o 3D para projetos de interiores:&nbsp;<\/strong>Palestra que destacar\u00e1 a import\u00e2ncia da apresenta\u00e7\u00e3o 3D na visualiza\u00e7\u00e3o e aprova\u00e7\u00e3o de projetos de design de interiores.<\/li>\n<\/ol>\n\n\n\n<p><strong>Data e hor\u00e1rio: 22 de mar\u00e7o \u00e0s 15h&nbsp;<\/strong><\/p>\n\n\n\n<ol class=\"wp-block-list\" start=\"10\">\n<li><strong>Feng Shui &#8211; casa como instrumento de bem-estar:<\/strong>&nbsp;Uma introdu\u00e7\u00e3o ao Feng Shui e sua aplica\u00e7\u00e3o na cria\u00e7\u00e3o de espa\u00e7os harmoniosos e equilibrados.<\/li>\n<\/ol>\n\n\n\n<p><strong>Data e hor\u00e1rio: 22 de mar\u00e7o \u00e0s 16h&nbsp;<\/strong><\/p>\n\n\n\n<p><strong>Servi\u00e7o<\/strong><\/p>\n\n\n\n<p><strong>Expo Revestir 2024&nbsp;<\/strong><\/p>\n\n\n\n<p>Data e hor\u00e1rio: 19 a 21 de mar\u00e7o: das 10h \u00e0s 19h \/ 22 de mar\u00e7o: 10h \u00e0s 17h&nbsp;<\/p>\n\n\n\n<p>Local: Pavilh\u00e3o de Exposi\u00e7\u00f5es S\u00e3o Paulo Expo &#8211; Endere\u00e7o: KM 1,5, Rodovia dos Imigrantes<\/p>\n\n\n\n<p>Espa\u00e7o Promob Talk: Estande Promob &#8211; Rua O 20<\/p>\n\n\n\n<p><strong>Sobre a Promob<\/strong><\/p>\n\n\n\n<p>A Promob Software Solutions \u00e9 l\u00edder no desenvolvimento de software para o segmento moveleiro. A marca Promob \u00e9 refer\u00eancia em software para a ambienta\u00e7\u00e3o virtual e seus produtos s\u00e3o continuamente aprimorados para atualizar profissionais e indicar tend\u00eancias. Os softwares Promob para projeto, produ\u00e7\u00e3o e gerenciamento s\u00e3o desenvolvidos com o intuito de tornar mais eficiente o relacionamento entre usu\u00e1rios, tecnologia e mercado e, as3sim, agregar valor e competitividade ao trabalho de fabricantes, lojistas, marceneiros, arquitetos e designers de interiores. Saiba mais em<a href=\"http:\/\/www.promob.com\/\" target=\"_blank\" rel=\"noreferrer noopener\">&nbsp;www.promob.com<\/a><\/p>\n\n\n\n<p><strong>Sobre a Cyncly<\/strong><\/p>\n\n\n\n<p>A Cyncly foi criada em setembro de 2022 como a nova marca para unificar grandes desenvolvedoras de tecnologia. O grupo combinado criou uma pot\u00eancia global de software com mais de 2.300 funcion\u00e1rios e 70 mil clientes em mais de 100 pa\u00edses. As solu\u00e7\u00f5es de software de ponta a ponta da Cyncly conectam designers, varejistas e fabricantes por meio de software intuitivo, ferramentas de gerenciamento integradas e o maior hub de conte\u00fado de cat\u00e1logo do mundo. As opera\u00e7\u00f5es da Cyncly est\u00e3o presentes na Am\u00e9rica do Norte, Europa, Am\u00e9rica do Sul, \u00c1sia-Pac\u00edfico e \u00c1frica. Para saber mais sobre a Cyncly e suas marcas, visite<a href=\"http:\/\/www.cyncly.com\/\" target=\"_blank\" rel=\"noreferrer noopener\">&nbsp;<strong>www.cyncly.com<\/strong><\/a>.<\/p>\n","protected":false},"excerpt":{"rendered":"<p>Espa\u00e7o Promob Talk traz arquiteto Marcos Nascimento como destaque de quatro dias de programa\u00e7\u00e3o de conte\u00fado sobre arquitetura e design de interiores Entre os dias 19 e 22 de mar\u00e7o, o Espa\u00e7o Promob Talk, que acontecer\u00e1 durante a Expo Revestir 2024, um dos principais eventos do segmento de arquitetura e constru\u00e7\u00e3o, contar\u00e1 com mais de [&hellip;]<\/p>\n","protected":false},"author":2,"featured_media":1014,"comment_status":"open","ping_status":"open","sticky":false,"template":"","format":"standard","meta":{"footnotes":""},"categories":[1],"tags":[],"class_list":{"0":"post-1013","1":"post","2":"type-post","3":"status-publish","4":"format-standard","5":"has-post-thumbnail","7":"category-workshopsepalestras"},"_links":{"self":[{"href":"https:\/\/tveventos.tv.br\/index.php?rest_route=\/wp\/v2\/posts\/1013","targetHints":{"allow":["GET"]}}],"collection":[{"href":"https:\/\/tveventos.tv.br\/index.php?rest_route=\/wp\/v2\/posts"}],"about":[{"href":"https:\/\/tveventos.tv.br\/index.php?rest_route=\/wp\/v2\/types\/post"}],"author":[{"embeddable":true,"href":"https:\/\/tveventos.tv.br\/index.php?rest_route=\/wp\/v2\/users\/2"}],"replies":[{"embeddable":true,"href":"https:\/\/tveventos.tv.br\/index.php?rest_route=%2Fwp%2Fv2%2Fcomments&post=1013"}],"version-history":[{"count":1,"href":"https:\/\/tveventos.tv.br\/index.php?rest_route=\/wp\/v2\/posts\/1013\/revisions"}],"predecessor-version":[{"id":1015,"href":"https:\/\/tveventos.tv.br\/index.php?rest_route=\/wp\/v2\/posts\/1013\/revisions\/1015"}],"wp:featuredmedia":[{"embeddable":true,"href":"https:\/\/tveventos.tv.br\/index.php?rest_route=\/wp\/v2\/media\/1014"}],"wp:attachment":[{"href":"https:\/\/tveventos.tv.br\/index.php?rest_route=%2Fwp%2Fv2%2Fmedia&parent=1013"}],"wp:term":[{"taxonomy":"category","embeddable":true,"href":"https:\/\/tveventos.tv.br\/index.php?rest_route=%2Fwp%2Fv2%2Fcategories&post=1013"},{"taxonomy":"post_tag","embeddable":true,"href":"https:\/\/tveventos.tv.br\/index.php?rest_route=%2Fwp%2Fv2%2Ftags&post=1013"}],"curies":[{"name":"wp","href":"https:\/\/api.w.org\/{rel}","templated":true}]}}