{"id":1017,"date":"2024-03-18T16:04:42","date_gmt":"2024-03-18T19:04:42","guid":{"rendered":"https:\/\/tveventos.tv.br\/?p=1017"},"modified":"2024-03-18T16:04:46","modified_gmt":"2024-03-18T19:04:46","slug":"beauty-show-2024","status":"publish","type":"post","link":"https:\/\/tveventos.tv.br\/?p=1017","title":{"rendered":"BEAUTY SHOW 2024"},"content":{"rendered":"\n<p><strong>Entre os dias 27 e 29 de abril de 2024<\/strong>\u00a0acontece a segunda edi\u00e7\u00e3o da\u202f<a href=\"https:\/\/s2403.imxsnd02.com\/link.php?code=bDpodHRwcyUzQSUyRiUyRmJlYXV0eXNob3cuY29tLmJyJTJGOjg5Nzk0Mjc2NDpyZWRhY2FvdHZldmVudG9zQGdtYWlsLmNvbTplZDg4OWY6NzI=\" target=\"_blank\" rel=\"noreferrer noopener\">Beauty Show \u2013 Make &amp; Nails<\/a><strong>,\u202f<\/strong>feira organizada pela Beauty Fair e dedicada aos amantes de maquiagem, unhas e cosm\u00e9ticos em geral. O evento acontece no Centro de Eventos Pro Magno, das 10h \u00e0s 20h, em S\u00e3o Paulo, e \u00e9 dedicado para que consumidores e influenciadores digitais possam experimentar e conhecer os lan\u00e7amentos de marcas do setor, al\u00e9m de criar um relacionamento entre as marcas participantes e seu p\u00fablico-alvo.\u00a0\u00a0<\/p>\n\n\n\n<p>Para os consumidores, a venda de ingressos j\u00e1 est\u00e1 dispon\u00edvel no site da Beauty Show,&nbsp;<a href=\"https:\/\/s2403.imxsnd02.com\/link.php?code=bDpodHRwcyUzQSUyRiUyRmxldHMuNC5ldmVudHMlMkZiZWF1dHktc2hvdy0yMDI0LUMyMTQ3OUUxNSUzRmF1dG9vcGVuOjg5Nzk0Mjc2NDpyZWRhY2FvdHZldmVudG9zQGdtYWlsLmNvbTozOTU1ZDM6NzI=\" target=\"_blank\" rel=\"noreferrer noopener\"><u>clicando aqui<\/u><\/a>. \u00c9 poss\u00edvel adquirir ingressos para a visita\u00e7\u00e3o na feira (R\uff04 25) ou para os congressos (R\uff04 267), que d\u00e3o acesso a feira tamb\u00e9m. A programa\u00e7\u00e3o dos diversos congressos para atualiza\u00e7\u00e3o dos&nbsp;<a href=\"https:\/\/s2403.imxsnd02.com\/link.php?code=bDpodHRwcyUzQSUyRiUyRmJlYXV0eXNob3cuY29tLmJyJTJGY29uZ3Jlc3NvJTJGbWFuaWN1cmUlMkY6ODk3OTQyNzY0OnJlZGFjYW90dmV2ZW50b3NAZ21haWwuY29tOjFiNjYwMzo3Mg==\" target=\"_blank\" rel=\"noreferrer noopener\"><u>profissionais do setor de manicure<\/u><\/a>&nbsp;e&nbsp;<a href=\"https:\/\/s2403.imxsnd02.com\/link.php?code=bDpodHRwcyUzQSUyRiUyRmJlYXV0eXNob3cuY29tLmJyJTJGY29uZ3Jlc3NvJTJGbWFxdWlhZ2VtOjg5Nzk0Mjc2NDpyZWRhY2FvdHZldmVudG9zQGdtYWlsLmNvbTozY2U5YTg6NzI=\" target=\"_blank\" rel=\"noreferrer noopener\"><u>profissionais da maquiagem<\/u><\/a>&nbsp;est\u00e1 dispon\u00edvel no site oficial da feira. A compra do congresso da Beauty Show oferece, ainda, desconto de 5% para os Congressos da Beauty Fair 2024 (que acontece entre 7 e 10 de setembro, no Expo Center Norte\/SP).<br><br><strong>CREDENCIAMENTO DE IMPRENSA<\/strong><\/p>\n\n\n\n<p>Para a edi\u00e7\u00e3o 2024 da Beauty Show, pedimos que as demandas de imprensa sejam concentradas sempre pelo email&nbsp;<a href=\"https:\/\/s2403.imxsnd02.com\/link.php?code=bDpodHRwcyUzQSUyRiUyRmJlYXV0eXNob3clNDBhcHByb2FjaC5jb20uYnI6ODk3OTQyNzY0OnJlZGFjYW90dmV2ZW50b3NAZ21haWwuY29tOjlkOTgxYzo3Mg==\" target=\"_blank\" rel=\"noreferrer noopener\">beautyshow\uff20approach\u0702com\u0702br<\/a>.&nbsp;Para evitar o desperd\u00edcio de papel, a Beauty Show utiliza um hub digital para centralizar fotos, releases e demais informa\u00e7\u00f5es sobre a feira e seus expositores.&nbsp;<strong>A imprensa poder\u00e1 acessar o drive a partir do dia 24 de abril.<\/strong>&nbsp;<\/p>\n\n\n\n<p>Jornalistas e profissionais da m\u00eddia podem&nbsp;<a href=\"https:\/\/s2403.imxsnd02.com\/link.php?code=bDpodHRwcyUzQSUyRiUyRmJlYXV0eXNob3cuY29tLmJyJTJGOjg5Nzk0Mjc2NDpyZWRhY2FvdHZldmVudG9zQGdtYWlsLmNvbTplZDg4OWY6NzI=\" target=\"_blank\" rel=\"noreferrer noopener\">realizar o pedido de credenciamento diretamente pelo site da Beauty Show, acessando a aba CREDENCIAMENTO e preenchendo todos os campos do formul\u00e1rio de forma completa<\/a>. Podem se credenciar os profissionais de imprensa que atuem nas reda\u00e7\u00f5es dos ve\u00edculos das \u00e1reas de lifestyle, beleza, maquiagem, manicure, neg\u00f3cios, feiras, empreendedorismo, varejo, consumo, cidades, eventos.<\/p>\n\n\n\n<p>O acesso \u00e0 sala de imprensa \u00e9 exclusivo e limitado aos jornalistas credenciados, a fim de evitar aglomera\u00e7\u00f5es e tornar o local um ponto de trabalho, com \u00fanico objetivo de produ\u00e7\u00e3o de conte\u00fados e relacionamentos.\u202fCada expositor ter\u00e1 uma a\u00e7\u00e3o diferente com influenciadores durante o evento em seu respectivo stand. Consulte as marcas e\/ou suas assessorias e participe!<\/p>\n\n\n\n<p><strong>EQUIPES DE TVs e ENTRADAS AO VIVO BEAUTY SHOW &#8211; NECESS\u00c1RIO AGENDAMENTO\u202fPR\u00c9VIO<\/strong>&nbsp;<\/p>\n\n\n\n<p>Para a visita\u00e7\u00e3o de equipes de TV, solicitamos que informem com anteced\u00eancia o dia e hor\u00e1rio que pretendem ir, para que a assessoria possa recepcion\u00e1-los e acompanh\u00e1-los ao longo da feira. Al\u00e9m disso, \u00e9 importante que sinalizem se as reportagens ser\u00e3o gravadas ou transmitidas ao vivo, para que haja melhor organiza\u00e7\u00e3o e aux\u00edlio nas produ\u00e7\u00f5es.\u202fAgendamentos pelo email\u00a0<a href=\"https:\/\/s2403.imxsnd02.com\/link.php?code=bDpodHRwcyUzQSUyRiUyRmJlYXV0eXNob3clNDBhcHByb2FjaC5jb20uYnI6ODk3OTQyNzY0OnJlZGFjYW90dmV2ZW50b3NAZ21haWwuY29tOjlkOTgxYzo3Mg==\" target=\"_blank\" rel=\"noreferrer noopener\">beautyshow\uff20approach\u0702com\u0702br<\/a>.<\/p>\n\n\n\n<p><strong>CREDENCIAMENTO DE INFLUENCIADORES<\/strong>&nbsp;<\/p>\n\n\n\n<p>Os criadores de conte\u00fado interessados em visitar a Beauty Show devem\u00a0<a href=\"https:\/\/s2403.imxsnd02.com\/link.php?code=bDpodHRwcyUzQSUyRiUyRmJlYXV0eXNob3cuY29tLmJyJTJGOjg5Nzk0Mjc2NDpyZWRhY2FvdHZldmVudG9zQGdtYWlsLmNvbTplZDg4OWY6NzI=\" target=\"_blank\" rel=\"noreferrer noopener\">acessar, a partir de 11 de mar\u00e7o, o espa\u00e7o de credenciamento no site da Beauty Show e preencher o formul\u00e1rio de forma completa<\/a>. A feira, por meio da Approach Comunica\u00e7\u00e3o, sua assessoria, dedicar\u00e1 o per\u00edodo de 11 de mar\u00e7o a 20 de abril para receber os credenciamentos e at\u00e9 24 de abril para analisar tais pedidos, seguindo os crit\u00e9rios abaixo:<\/p>\n\n\n\n<figure class=\"wp-block-image size-large\"><img loading=\"lazy\" decoding=\"async\" width=\"1024\" height=\"305\" src=\"https:\/\/tveventos.tv.br\/wp-content\/uploads\/2024\/03\/image-28-1024x305.png\" alt=\"\" class=\"wp-image-1018\" srcset=\"https:\/\/tveventos.tv.br\/wp-content\/uploads\/2024\/03\/image-28-1024x305.png 1024w, https:\/\/tveventos.tv.br\/wp-content\/uploads\/2024\/03\/image-28-300x89.png 300w, https:\/\/tveventos.tv.br\/wp-content\/uploads\/2024\/03\/image-28-768x229.png 768w, https:\/\/tveventos.tv.br\/wp-content\/uploads\/2024\/03\/image-28-150x45.png 150w, https:\/\/tveventos.tv.br\/wp-content\/uploads\/2024\/03\/image-28-696x208.png 696w, https:\/\/tveventos.tv.br\/wp-content\/uploads\/2024\/03\/image-28-1068x319.png 1068w, https:\/\/tveventos.tv.br\/wp-content\/uploads\/2024\/03\/image-28.png 1133w\" sizes=\"auto, (max-width: 1024px) 100vw, 1024px\" \/><\/figure>\n\n\n\n<p>A Beauty Show se reserva ao direito de n\u00e3o aceitar todas as candidaturas, sem justificativa obrigat\u00f3ria. A resposta sobre o pedido de credenciamento ser\u00e1 enviada em at\u00e9 4 dias \u00fateis.&nbsp;<strong>N\u00e3o haver\u00e1 credenciamento de influenciadores durante a feira (presencial), devido a necessidade de an\u00e1lise dos perfis previamente.<\/strong>&nbsp;<\/p>\n\n\n\n<p>Sua credencial poder\u00e1 ser impressa pelo nosso sistema, usando seu login e senha, informados na hora do cadastro. Imprima seu crach\u00e1 e leve no dia do evento, junto com documento de identifica\u00e7\u00e3o. Evite aglomera\u00e7\u00f5es e agilize sua entrada!<\/p>\n\n\n\n<p><strong>Sobre a Beauty Fair<\/strong>\u202f\u202f\u202f\u202f<\/p>\n\n\n\n<p>A Beauty Fair atua como plataforma de neg\u00f3cios, relacionamento e desenvolvimento do varejo, ind\u00fastria e profissionais. Al\u00e9m de promover a maior feira de beleza das Am\u00e9ricas, a empresa tamb\u00e9m \u00e9 respons\u00e1vel por importantes projetos com foco no varejo, como a Delega\u00e7\u00e3o Beauty Fair na NRF (New York), L\u00edderes de Perfumaria, F\u00f3rum de Varejo de Beleza, F\u00f3rum Beauty Fair Farma e Beauty Show Make&amp;Nails. Por meio da iniciativa Beauty Fair Brazil, a empresa desempenha importante papel na exporta\u00e7\u00e3o de cosm\u00e9ticos e na capta\u00e7\u00e3o de novos neg\u00f3cios para a ind\u00fastria e varejo. Na \u00e1rea profissional, promove o Beauty Fair Summit Donos de Sal\u00e3o.<\/p>\n","protected":false},"excerpt":{"rendered":"<p>Entre os dias 27 e 29 de abril de 2024\u00a0acontece a segunda edi\u00e7\u00e3o da\u202fBeauty Show \u2013 Make &amp; Nails,\u202ffeira organizada pela Beauty Fair e dedicada aos amantes de maquiagem, unhas e cosm\u00e9ticos em geral. O evento acontece no Centro de Eventos Pro Magno, das 10h \u00e0s 20h, em S\u00e3o Paulo, e \u00e9 dedicado para que [&hellip;]<\/p>\n","protected":false},"author":2,"featured_media":1019,"comment_status":"open","ping_status":"open","sticky":false,"template":"","format":"standard","meta":{"footnotes":""},"categories":[1],"tags":[],"class_list":{"0":"post-1017","1":"post","2":"type-post","3":"status-publish","4":"format-standard","5":"has-post-thumbnail","7":"category-workshopsepalestras"},"_links":{"self":[{"href":"https:\/\/tveventos.tv.br\/index.php?rest_route=\/wp\/v2\/posts\/1017","targetHints":{"allow":["GET"]}}],"collection":[{"href":"https:\/\/tveventos.tv.br\/index.php?rest_route=\/wp\/v2\/posts"}],"about":[{"href":"https:\/\/tveventos.tv.br\/index.php?rest_route=\/wp\/v2\/types\/post"}],"author":[{"embeddable":true,"href":"https:\/\/tveventos.tv.br\/index.php?rest_route=\/wp\/v2\/users\/2"}],"replies":[{"embeddable":true,"href":"https:\/\/tveventos.tv.br\/index.php?rest_route=%2Fwp%2Fv2%2Fcomments&post=1017"}],"version-history":[{"count":1,"href":"https:\/\/tveventos.tv.br\/index.php?rest_route=\/wp\/v2\/posts\/1017\/revisions"}],"predecessor-version":[{"id":1020,"href":"https:\/\/tveventos.tv.br\/index.php?rest_route=\/wp\/v2\/posts\/1017\/revisions\/1020"}],"wp:featuredmedia":[{"embeddable":true,"href":"https:\/\/tveventos.tv.br\/index.php?rest_route=\/wp\/v2\/media\/1019"}],"wp:attachment":[{"href":"https:\/\/tveventos.tv.br\/index.php?rest_route=%2Fwp%2Fv2%2Fmedia&parent=1017"}],"wp:term":[{"taxonomy":"category","embeddable":true,"href":"https:\/\/tveventos.tv.br\/index.php?rest_route=%2Fwp%2Fv2%2Fcategories&post=1017"},{"taxonomy":"post_tag","embeddable":true,"href":"https:\/\/tveventos.tv.br\/index.php?rest_route=%2Fwp%2Fv2%2Ftags&post=1017"}],"curies":[{"name":"wp","href":"https:\/\/api.w.org\/{rel}","templated":true}]}}