{"id":1021,"date":"2024-03-19T14:55:11","date_gmt":"2024-03-19T17:55:11","guid":{"rendered":"https:\/\/tveventos.tv.br\/?p=1021"},"modified":"2024-03-19T14:55:14","modified_gmt":"2024-03-19T17:55:14","slug":"smart-city-expo-2024-startup-mapzer-apresenta-inteligencia-artificial-em-modo-noturno","status":"publish","type":"post","link":"https:\/\/tveventos.tv.br\/?p=1021","title":{"rendered":"Smart City Expo 2024: Startup Mapzer apresenta intelig\u00eancia artificial em modo noturno"},"content":{"rendered":"\n<p><em>Operando de norte a sul do pa\u00eds, IA tem contribu\u00eddo com cen\u00e1rios de intemp\u00e9ries clim\u00e1ticas e agora apresenta novos recursos como monitoramento da ilumina\u00e7\u00e3o noturna e picha\u00e7\u00f5es irregulares<\/em><\/p>\n\n\n\n<p>A Mapzer esteve entre as startups destaques na edi\u00e7\u00e3o do Smart City Expo Curitiba 2023 ao apresentar o ve\u00edculo criado para transformar munic\u00edpios em cidades inteligentes com uma solu\u00e7\u00e3o 100% nacional de intelig\u00eancia artificial. Agora presente de norte a sul do pa\u00eds, o ve\u00edculo voltado para a zeladoria urbana integra novamente o evento e traz novidades em primeira m\u00e3o para a edi\u00e7\u00e3o 2024 que acontece entre os dias 20 e 22 de mar\u00e7o. \u201cEstamos falando do maior evento de cidades inteligentes do mundo na capital que \u00e9 ber\u00e7o da Mapzer. Nele apresentamos nossa tecnologia ao mercado. Ela continua sendo in\u00e9dita no pa\u00eds e agora trazemos ainda mais aprimoramentos\u201d, explica Paulo Machado, diretor executivo da empresa.<\/p>\n\n\n\n<p>Uma das principais novidades \u00e9 a opera\u00e7\u00e3o do carro em modo noturno, identificando problemas de ilumina\u00e7\u00e3o como l\u00e2mpadas queimadas ou que por algum motivo n\u00e3o acenderam. \u201cA ilumina\u00e7\u00e3o est\u00e1 diretamente ligada a quest\u00f5es de seguran\u00e7a p\u00fablica. A partir de agora a Mapzer passa a contribuir neste sentido, identificando os mais de 30 problemas urbanos e trazendo esse recorte noturno que faz toda a diferen\u00e7a na vida dos cidad\u00e3os, al\u00e9m de permitir identificar picha\u00e7\u00e3o irregular que, infelizmente, ainda \u00e9 bastante vista nos cen\u00e1rios urbanos\u201d, completa Machado.<\/p>\n\n\n\n<p>Ainda para 2024 a Mapzer tamb\u00e9m anuncia que passar\u00e1 a medir a luminesc\u00eancia das regi\u00f5es, ou seja, n\u00e3o s\u00f3 l\u00e2mpadas queimadas que precisam de reparos como tamb\u00e9m o apontamento que indicam se a ilumina\u00e7\u00e3o \u00e9 suficiente para determinado espa\u00e7o. \u201cCom essa tecnologia ser\u00e1 poss\u00edvel dizer que determinada via tem a quantidade de luz necess\u00e1ria ou n\u00e3o\u201d, acrescenta o diretor executivo.<\/p>\n\n\n\n<p>A tecnologia tamb\u00e9m tem se adaptado a realidade do Brasil e contribu\u00eddo de forma significativa em frentes sazonais. Em Guarapuava (PR), por exemplo, um mun\u00edcipio que sofreu bastante com as chuvas nos \u00faltimos meses, a Mapzer foi aliada para identifica\u00e7\u00e3o de galhos e acumulo de entulhos provindos das enxurradas.<\/p>\n\n\n\n<p>Por meio de um ve\u00edculo que conta com uma c\u00e2mera de alta resolu\u00e7\u00e3o, sensores especiais e IA, a solu\u00e7\u00e3o faz o reconhecimento e mapeamento das necessidades de manuten\u00e7\u00e3o dos espa\u00e7os urbanos, identificando em tempo real ocorr\u00eancias como buracos em ruas e avenidas, falta de sinaliza\u00e7\u00e3o vertical ou horizontal, lixo em locais irregulares, carros estacionados, entulho nas cal\u00e7adas, tampas de bueiro quebradas, entre outros. Os dados com imagens e localiza\u00e7\u00f5es s\u00e3o inseridos em um software de acesso aos departamentos p\u00fablicos respons\u00e1veis que podem imediatamente gerar uma ordem de servi\u00e7o. A Mapzer garante a cobertura de 100% da \u00e1rea urbana com prazos que variam de acordo com a especificidade de cada regi\u00e3o: demanda, relevo, tr\u00e2nsito, dia da semana.<\/p>\n\n\n\n<p>Machado ainda revela que a empresa foi criada com base na percep\u00e7\u00e3o de um dos s\u00f3cios, Gabriel Terleski, e que tamb\u00e9m era un\u00e2nime aos demais: Rodrigo Streithorst, Rudimar e Ruimar Reis. \u201cPrecisamos inserir tecnologia e intelig\u00eancia artificial na gest\u00e3o p\u00fablica das cidades para que possam se tornar mais proativas. Temos ferramentas suficientes para que o cidad\u00e3o n\u00e3o precise ficar avisando ou reclamando dos problemas da sua regi\u00e3o. Isso faz com que recursos financeiros e de tempo sejam poupados. Esperamos levar esse recado para ainda mais pessoas durante o evento deste ano\u201d, finaliza o s\u00f3cio-fundador, Gabriel Terleski.<\/p>\n\n\n\n<p><strong>Cases pelo Brasil<\/strong><\/p>\n\n\n\n<p>Entre os munic\u00edpios que j\u00e1 apresentam melhoras com o uso da IA est\u00e1 a cidade de Goi\u00e2nia (GO) que reduziu 46% do n\u00famero de buracos e 49% de irregularidades em tampas de bueiro de junho a setembro de 2023.&nbsp;O munic\u00edpio que foi classificado entre as cidades mais inteligentes do Brasil de acordo com o Connected Smart Cities 2023, j\u00e1 havia apresentado cases de resolu\u00e7\u00e3o de problemas no primeiro semestre com o uso da IA: tampas de bueiro (28%); sinaliza\u00e7\u00e3o inexistente (21%), cal\u00e7ada irregular (13%) e lixo irregular (8%) \u2013 dados da Secretaria Municipal de Infraestrutura Urbana (Seinfra) de abril de 2023. &nbsp;<\/p>\n\n\n\n<p>O munic\u00edpio de Batatais (SP), localizado a 355 km da capital paulista, tamb\u00e9m tem registrado melhorias urbanas de forma mais eficiente depois do uso da intelig\u00eancia artificial. No mesmo per\u00edodo, de julho a setembro, a cidade reduziu em 57% as sinaliza\u00e7\u00f5es irregulares de tr\u00e2nsito, em 20% o ac\u00famulo irregular de lixo e em 22% as placas de tr\u00e2nsito irregulares.<\/p>\n\n\n\n<p>As irregularidades em tampas de bueiro em Hortol\u00e2ndia (SP), munic\u00edpio do estado de S\u00e3o Paulo, foram solucionadas em 71% de julho a setembro de 2023. J\u00e1 os buracos em 22% e os bueiros irregulares em 55%. Segundo<\/p>\n\n\n\n<p>A edi\u00e7\u00e3o 2024 do Smart City Expo Curitiba, organizado pelo ICities, hub brasileiro de neg\u00f3cios em cidades inteligentes, ser\u00e1 entre os dias 20 e 22 de mar\u00e7o, no Centro de Eventos Positivo, com a participa\u00e7\u00e3o de mais de 70 expositores e 180 palestrantes.<\/p>\n\n\n\n<p><strong>Sobre a Mapzer<\/strong><\/p>\n\n\n\n<p>A Mapzer \u00e9 uma startup brasileira que por meio de uma intelig\u00eancia artificial acoplada em ve\u00edculos faz o reconhecimento e mapeamento das necessidades de manuten\u00e7\u00e3o dos espa\u00e7os urbanos, identificando em tempo real ocorr\u00eancias que impactam diretamente na vida do cidad\u00e3o. A solu\u00e7\u00e3o j\u00e1 est\u00e1 em oito estados brasileiros e nasceu para transformar cidades inteligentes com uma tecnologia 100% nacional de IA que coloca na palma da m\u00e3o dos gestores um software com os dados coletados e que, conforme a inser\u00e7\u00e3o, realiza estudos que ficam \u00e0 disposi\u00e7\u00e3o para a tomada de a\u00e7\u00f5es mais eficientes, com assertividade de recursos e de forma proativa.&nbsp;<\/p>\n","protected":false},"excerpt":{"rendered":"<p>Operando de norte a sul do pa\u00eds, IA tem contribu\u00eddo com cen\u00e1rios de intemp\u00e9ries clim\u00e1ticas e agora apresenta novos recursos como monitoramento da ilumina\u00e7\u00e3o noturna e picha\u00e7\u00f5es irregulares A Mapzer esteve entre as startups destaques na edi\u00e7\u00e3o do Smart City Expo Curitiba 2023 ao apresentar o ve\u00edculo criado para transformar munic\u00edpios em cidades inteligentes com [&hellip;]<\/p>\n","protected":false},"author":2,"featured_media":1023,"comment_status":"open","ping_status":"open","sticky":false,"template":"","format":"standard","meta":{"footnotes":""},"categories":[1],"tags":[],"class_list":{"0":"post-1021","1":"post","2":"type-post","3":"status-publish","4":"format-standard","5":"has-post-thumbnail","7":"category-workshopsepalestras"},"_links":{"self":[{"href":"https:\/\/tveventos.tv.br\/index.php?rest_route=\/wp\/v2\/posts\/1021","targetHints":{"allow":["GET"]}}],"collection":[{"href":"https:\/\/tveventos.tv.br\/index.php?rest_route=\/wp\/v2\/posts"}],"about":[{"href":"https:\/\/tveventos.tv.br\/index.php?rest_route=\/wp\/v2\/types\/post"}],"author":[{"embeddable":true,"href":"https:\/\/tveventos.tv.br\/index.php?rest_route=\/wp\/v2\/users\/2"}],"replies":[{"embeddable":true,"href":"https:\/\/tveventos.tv.br\/index.php?rest_route=%2Fwp%2Fv2%2Fcomments&post=1021"}],"version-history":[{"count":1,"href":"https:\/\/tveventos.tv.br\/index.php?rest_route=\/wp\/v2\/posts\/1021\/revisions"}],"predecessor-version":[{"id":1024,"href":"https:\/\/tveventos.tv.br\/index.php?rest_route=\/wp\/v2\/posts\/1021\/revisions\/1024"}],"wp:featuredmedia":[{"embeddable":true,"href":"https:\/\/tveventos.tv.br\/index.php?rest_route=\/wp\/v2\/media\/1023"}],"wp:attachment":[{"href":"https:\/\/tveventos.tv.br\/index.php?rest_route=%2Fwp%2Fv2%2Fmedia&parent=1021"}],"wp:term":[{"taxonomy":"category","embeddable":true,"href":"https:\/\/tveventos.tv.br\/index.php?rest_route=%2Fwp%2Fv2%2Fcategories&post=1021"},{"taxonomy":"post_tag","embeddable":true,"href":"https:\/\/tveventos.tv.br\/index.php?rest_route=%2Fwp%2Fv2%2Ftags&post=1021"}],"curies":[{"name":"wp","href":"https:\/\/api.w.org\/{rel}","templated":true}]}}