{"id":1026,"date":"2024-03-19T16:03:45","date_gmt":"2024-03-19T19:03:45","guid":{"rendered":"https:\/\/tveventos.tv.br\/?p=1026"},"modified":"2024-03-19T16:03:48","modified_gmt":"2024-03-19T19:03:48","slug":"nelson-wilians-advogados-representa-o-brasil-em-evento-juridico-internacional-em-madri","status":"publish","type":"post","link":"https:\/\/tveventos.tv.br\/?p=1026","title":{"rendered":"Nelson Wilians Advogados representa o Brasil em evento jur\u00eddico internacional em Madri"},"content":{"rendered":"\n<p class=\"has-text-align-center\"><em>A 2.\u00aa edi\u00e7\u00e3o do encontro da Alianza Legal re\u00fane especialistas<\/em><em> de 23 pa\u00edses, com o intuito de impulsionar novas oportunidades de neg\u00f3cios na \u00e1rea jur\u00eddica<\/em><\/p>\n\n\n\n<p>O escrit\u00f3rio Nelson Wilians Advogados \u00e9 o \u00fanico participante brasileiro do 2.\u00ba Encontro Internacional da&nbsp;<em>Alianza Legal de Firmas de Abogados<\/em>&nbsp;\u2013 grupo internacional de escrit\u00f3rios de advocacia, vocacionados para a presta\u00e7\u00e3o de servi\u00e7os corporativos. Neste ano, o evento ocorre nos dias 21 e 22 deste m\u00eas, em Madri (Espanha).<\/p>\n\n\n\n<p>O grupo, que surgiu h\u00e1 6 anos como Alianza Latino-Americana (ALL), cresceu e, atualmente, conta com a participa\u00e7\u00e3o de profissionais de 23 pa\u00edses das Am\u00e9ricas e da Europa. Por conta disso, o espanhol foi substitu\u00eddo como l\u00edngua oficial do evento pelo ingl\u00eas, idioma universal do mundo dos neg\u00f3cios.<\/p>\n\n\n\n<p>\u201cO encontro \u00e9 muito importante para a troca de experi\u00eancias com os colegas internacionais, o que enriquece ainda mais nosso escopo de trabalho e aumentam as oportunidades de neg\u00f3cios para o Brasil\u201d, diz Marcel Daltro, s\u00f3cio da Nelson Wilians Advogados.<\/p>\n\n\n\n<p>Durante o evento jur\u00eddico, os representantes brasileiros v\u00e3o desenvolver uma pauta bilateral com o escrit\u00f3rio anfitri\u00e3o da Espanha, Ejaso ETL Global, a fim de solidificar o com\u00e9rcio entre os dois pa\u00edses e atrair novos players. \u201cVamos ter uma audi\u00eancia na embaixada brasileira em Madri, j\u00e1 que o pa\u00eds ibero-americano demonstrou interesse em investimentos no pa\u00eds, principalmente nas \u00e1reas de infraestrutura\u201d, aponta o advogado.<\/p>\n\n\n\n<p>Segundo o s\u00f3cio da Nelson Wilians Advogados, tamb\u00e9m ser\u00e3o convidados importantes fundos de investimentos ligados a tecnologia, al\u00e9m de infraestrutura. \u201cTamb\u00e9m teremos pautas espec\u00edficas com os representantes do Chile, do Panam\u00e1 e de Portugal.\u201d<\/p>\n\n\n\n<p>O grupo mant\u00e9m tamb\u00e9m contatos avan\u00e7ados com escrit\u00f3rios da China e da \u00cdndia, al\u00e9m de pa\u00edses do Oriente M\u00e9dio como o Catar e Emirados \u00c1rabes, que podem ser inclu\u00eddos nas pr\u00f3ximas edi\u00e7\u00f5es do evento. O primeiro encontro, presencial, ocorreu no ano passado, em S\u00e3o Paulo, e contou com a Nelson Wilians Advogados como o escrit\u00f3rio anfitri\u00e3o.<\/p>\n\n\n\n<p>Entre as advocacias participantes em Madri est\u00e3o Lagos Maclean Abogados (Chile) Torres y Torres Lara (Peru) Perez del Castillo (Uruguai) IHL (Panam\u00e1), EJASO ETL Global (Espanha), CRS Advogados (Portugal) Brick Abogados (Col\u00f4mbia), Cevallos, Casals Balseca &amp; Bilbao Abogados (Equador), Tavares &amp; Tavares (M\u00e9xico), Harper Meyer LPP (EUA), Carnelluti Law Firm (It\u00e1lia), Lazo de La Vega (Bol\u00edvia) e Lex Artis Legal Studio (El Salvador).<\/p>\n\n\n\n<p><strong>Sobre a Nelson Wilians Advogados<\/strong><\/p>\n\n\n\n<p>Com 25 anos de atua\u00e7\u00e3o no mercado, a Nelson Wilians Advogados (NWADV) est\u00e1 hoje em todas as capitais brasileiras e cidades estrat\u00e9gicas do interior do pa\u00eds, totalizando 29 escrit\u00f3rios, e conta tamb\u00e9m com representa\u00e7\u00e3o em pa\u00edses da Am\u00e9rica Latina, Am\u00e9rica do Norte e Europa. Essa caracter\u00edstica possibilita proporcionar aos clientes uma atua\u00e7\u00e3o jur\u00eddica \u00e1gil, moderna e eficaz nas mais variadas \u00e1reas do Direito, como direito empresarial, direito trabalhista, tribut\u00e1rio, societ\u00e1rio, penal estrat\u00e9gico, imobili\u00e1rio, do agroneg\u00f3cio e com a\u00e7\u00f5es relacionadas \u00e0 LGPD, entre outros. A NWADV conta hoje com aproximadamente 1.100 advogados contratados e cerca de 657 mil processos ativos sob sua responsabilidade.<\/p>\n","protected":false},"excerpt":{"rendered":"<p>A 2.\u00aa edi\u00e7\u00e3o do encontro da Alianza Legal re\u00fane especialistas de 23 pa\u00edses, com o intuito de impulsionar novas oportunidades de neg\u00f3cios na \u00e1rea jur\u00eddica O escrit\u00f3rio Nelson Wilians Advogados \u00e9 o \u00fanico participante brasileiro do 2.\u00ba Encontro Internacional da&nbsp;Alianza Legal de Firmas de Abogados&nbsp;\u2013 grupo internacional de escrit\u00f3rios de advocacia, vocacionados para a presta\u00e7\u00e3o [&hellip;]<\/p>\n","protected":false},"author":2,"featured_media":1027,"comment_status":"open","ping_status":"open","sticky":false,"template":"","format":"standard","meta":{"footnotes":""},"categories":[23,1],"tags":[],"class_list":{"0":"post-1026","1":"post","2":"type-post","3":"status-publish","4":"format-standard","5":"has-post-thumbnail","7":"category-feirasdenegocios","8":"category-workshopsepalestras"},"_links":{"self":[{"href":"https:\/\/tveventos.tv.br\/index.php?rest_route=\/wp\/v2\/posts\/1026","targetHints":{"allow":["GET"]}}],"collection":[{"href":"https:\/\/tveventos.tv.br\/index.php?rest_route=\/wp\/v2\/posts"}],"about":[{"href":"https:\/\/tveventos.tv.br\/index.php?rest_route=\/wp\/v2\/types\/post"}],"author":[{"embeddable":true,"href":"https:\/\/tveventos.tv.br\/index.php?rest_route=\/wp\/v2\/users\/2"}],"replies":[{"embeddable":true,"href":"https:\/\/tveventos.tv.br\/index.php?rest_route=%2Fwp%2Fv2%2Fcomments&post=1026"}],"version-history":[{"count":1,"href":"https:\/\/tveventos.tv.br\/index.php?rest_route=\/wp\/v2\/posts\/1026\/revisions"}],"predecessor-version":[{"id":1028,"href":"https:\/\/tveventos.tv.br\/index.php?rest_route=\/wp\/v2\/posts\/1026\/revisions\/1028"}],"wp:featuredmedia":[{"embeddable":true,"href":"https:\/\/tveventos.tv.br\/index.php?rest_route=\/wp\/v2\/media\/1027"}],"wp:attachment":[{"href":"https:\/\/tveventos.tv.br\/index.php?rest_route=%2Fwp%2Fv2%2Fmedia&parent=1026"}],"wp:term":[{"taxonomy":"category","embeddable":true,"href":"https:\/\/tveventos.tv.br\/index.php?rest_route=%2Fwp%2Fv2%2Fcategories&post=1026"},{"taxonomy":"post_tag","embeddable":true,"href":"https:\/\/tveventos.tv.br\/index.php?rest_route=%2Fwp%2Fv2%2Ftags&post=1026"}],"curies":[{"name":"wp","href":"https:\/\/api.w.org\/{rel}","templated":true}]}}