{"id":1030,"date":"2024-03-19T16:07:15","date_gmt":"2024-03-19T19:07:15","guid":{"rendered":"https:\/\/tveventos.tv.br\/?p=1030"},"modified":"2024-03-19T16:07:19","modified_gmt":"2024-03-19T19:07:19","slug":"mais-de-quarenta-empresas-de-equipamentos-confirmam-presenca-no-siavs-2024","status":"publish","type":"post","link":"https:\/\/tveventos.tv.br\/?p=1030","title":{"rendered":"Mais de quarenta empresas de equipamentos confirmam presen\u00e7a no SIAVS 2024"},"content":{"rendered":"\n<p class=\"has-text-align-center\"><em>Sal\u00e3o Internacional de Prote\u00edna Animal ser\u00e1 principal momento de lan\u00e7amento de novas tecnologias para a cadeia produtiva<\/em><\/p>\n\n\n\n<p>Est\u00e1 chegando o\u00a0<strong>Sal\u00e3o Internacional de Prote\u00edna Animal (SIAVS 2024),<\/strong>\u00a0a maior feira das cadeias produtivas de prote\u00edna animal, que acontecer\u00e1 entre os dias\u00a0<strong>06 e 08 de agosto deste ano no nov\u00edssimo Distrito Anhembi &#8211; o mais novo e moderno espa\u00e7o de exposi\u00e7\u00f5es de S\u00e3o Paulo (SP).<\/strong><\/p>\n\n\n\n<p>Reunindo centenas de empresas no pavilh\u00e3o localizado ao lado da Marginal Tiet\u00ea, o SIAVS ser\u00e1 o palco de diversos lan\u00e7amentos de novas tecnologias para a cadeia produtiva ao longo de seus tr\u00eas dias de exposi\u00e7\u00f5es.<\/p>\n\n\n\n<p>Um dos segmentos mais destacados no SIAVS \u00e9 o de equipamentos, que j\u00e1 conta com mais de 40 empresas de equipamentos para granjas, automa\u00e7\u00e3o industrial, alternadores, placas, e outras solu\u00e7\u00f5es para as diversas etapas produtivas da cadeia agroindustrial.<\/p>\n\n\n\n<p>S\u00e3o mais de 10 mil metros quadrados destinados apenas \u00e0s empresas fornecedoras de equipamentos, espalhados por diversos espa\u00e7os do evento.<\/p>\n\n\n\n<p><br>As expositoras se somam a outras duas centenas de empresas que integram a avicultura, suinocultura, bovinocultura de corte e leite e de peixes de cultivo do Brasil.<\/p>\n\n\n\n<p><br><em>\u201cO SIAVS ser\u00e1 o principal centro de promo\u00e7\u00e3o da inova\u00e7\u00e3o das cadeias produtivas do Brasil. \u00c9 o evento que tem como principal diferencial reunir, em um mesmo espa\u00e7o, empresas fornecedoras e produtoras de prote\u00ednas animais. H\u00e1 grande expectativa sobre a edi\u00e7\u00e3o deste ano, que j\u00e1 supera em quase 50% o maior SIAVS j\u00e1 realizado, ocorrido em 2022\u201d, destaca Ricardo Santin, presidente da Associa\u00e7\u00e3o Brasileira de Prote\u00edna Animal (ABPA), entidade promotora do evento.<\/em><\/p>\n\n\n\n<p>Saiba mais sobre o SIAVS pelo&nbsp;<a href=\"https:\/\/s2403.agenciareleases.com\/link.php?code=bDpodHRwcyUzQSUyRiUyRnd3dy5zaWF2cy5jb20uYnI6MzEyNzc4MTc5ODpyZWRhY2FvdHZldmVudG9zQGdtYWlsLmNvbTpmMzRjY2U6NzM=\" target=\"_blank\" rel=\"noreferrer noopener\">site do evento<\/a>.<\/p>\n","protected":false},"excerpt":{"rendered":"<p>Sal\u00e3o Internacional de Prote\u00edna Animal ser\u00e1 principal momento de lan\u00e7amento de novas tecnologias para a cadeia produtiva Est\u00e1 chegando o\u00a0Sal\u00e3o Internacional de Prote\u00edna Animal (SIAVS 2024),\u00a0a maior feira das cadeias produtivas de prote\u00edna animal, que acontecer\u00e1 entre os dias\u00a006 e 08 de agosto deste ano no nov\u00edssimo Distrito Anhembi &#8211; o mais novo e moderno [&hellip;]<\/p>\n","protected":false},"author":2,"featured_media":1031,"comment_status":"open","ping_status":"open","sticky":false,"template":"","format":"standard","meta":{"footnotes":""},"categories":[1],"tags":[],"class_list":{"0":"post-1030","1":"post","2":"type-post","3":"status-publish","4":"format-standard","5":"has-post-thumbnail","7":"category-workshopsepalestras"},"_links":{"self":[{"href":"https:\/\/tveventos.tv.br\/index.php?rest_route=\/wp\/v2\/posts\/1030","targetHints":{"allow":["GET"]}}],"collection":[{"href":"https:\/\/tveventos.tv.br\/index.php?rest_route=\/wp\/v2\/posts"}],"about":[{"href":"https:\/\/tveventos.tv.br\/index.php?rest_route=\/wp\/v2\/types\/post"}],"author":[{"embeddable":true,"href":"https:\/\/tveventos.tv.br\/index.php?rest_route=\/wp\/v2\/users\/2"}],"replies":[{"embeddable":true,"href":"https:\/\/tveventos.tv.br\/index.php?rest_route=%2Fwp%2Fv2%2Fcomments&post=1030"}],"version-history":[{"count":1,"href":"https:\/\/tveventos.tv.br\/index.php?rest_route=\/wp\/v2\/posts\/1030\/revisions"}],"predecessor-version":[{"id":1032,"href":"https:\/\/tveventos.tv.br\/index.php?rest_route=\/wp\/v2\/posts\/1030\/revisions\/1032"}],"wp:featuredmedia":[{"embeddable":true,"href":"https:\/\/tveventos.tv.br\/index.php?rest_route=\/wp\/v2\/media\/1031"}],"wp:attachment":[{"href":"https:\/\/tveventos.tv.br\/index.php?rest_route=%2Fwp%2Fv2%2Fmedia&parent=1030"}],"wp:term":[{"taxonomy":"category","embeddable":true,"href":"https:\/\/tveventos.tv.br\/index.php?rest_route=%2Fwp%2Fv2%2Fcategories&post=1030"},{"taxonomy":"post_tag","embeddable":true,"href":"https:\/\/tveventos.tv.br\/index.php?rest_route=%2Fwp%2Fv2%2Ftags&post=1030"}],"curies":[{"name":"wp","href":"https:\/\/api.w.org\/{rel}","templated":true}]}}