{"id":1038,"date":"2024-03-20T11:20:59","date_gmt":"2024-03-20T14:20:59","guid":{"rendered":"https:\/\/tveventos.tv.br\/?p=1038"},"modified":"2024-03-20T11:21:03","modified_gmt":"2024-03-20T14:21:03","slug":"primeira-festa-do-agricultor-tera-feira-de-exposicoes-encontro-de-tratores-e-show-de-rionegro-e-solimoes-em-parelheiros","status":"publish","type":"post","link":"https:\/\/tveventos.tv.br\/?p=1038","title":{"rendered":"Primeira Festa do Agricultor ter\u00e1 feira de exposi\u00e7\u00f5es, encontro de tratores e show de Rionegro e Solim\u00f5es em Parelheiros"},"content":{"rendered":"\n<p class=\"has-text-align-center\"><em>Evento acontece nos dias 23 e 24 de mar\u00e7o e abordar\u00e1 sustentabilidade e agricultura; confira a programa\u00e7\u00e3o<\/em><\/p>\n\n\n\n<p class=\"has-text-align-left\">Em celebra\u00e7\u00e3o ao Dia Mundial da Agricultura, a Prefeitura de S\u00e3o Paulo, por meio da Secretaria Municipal de Rela\u00e7\u00f5es Internacionais e de sua Coordenadoria Executiva de Coopera\u00e7\u00e3o para o Desenvolvimento Sustent\u00e1vel, convida a popula\u00e7\u00e3o para a 1\u00aa Festa do Agricultor, que acontece nos dias 23 e 24 de mar\u00e7o, no Parque Linear Parelheiros. Com a seguran\u00e7a alimentar da popula\u00e7\u00e3o em foco, o evento contar\u00e1 com feira de expositores; shows, como de Rionegro e Solim\u00f5es; gastronomia local, encontro de tratores, gincanas e atividades para toda a fam\u00edlia, al\u00e9m de servi\u00e7os da Prefeitura e do Estado relacionados ao cr\u00e9dito rural. A entrada ser\u00e1 gratuita.<\/p>\n\n\n\n<p>Realizado em comemora\u00e7\u00e3o ao Dia Mundial da Agricultura e voltado \u00e0 seguran\u00e7a alimentar, o evento abordar\u00e1 diferentes temas e os visitantes poder\u00e3o desfrutar de uma variedade de atividades e atra\u00e7\u00f5es, como:<\/p>\n\n\n\n<ul class=\"wp-block-list\">\n<li>Exposi\u00e7\u00e3o e venda de produtos agr\u00edcolas frescos, cultivados pelos pr\u00f3prios agricultores locais, destacando a diversidade e a qualidade dos alimentos produzidos na regi\u00e3o;<\/li>\n\n\n\n<li>Apresenta\u00e7\u00f5es culturais e manifesta\u00e7\u00f5es art\u00edsticas que celebram a identidade e tradi\u00e7\u00e3o local;<\/li>\n\n\n\n<li>Palestras e oficinas sobre temas relevantes como agricultura, valoriza\u00e7\u00e3o e prote\u00e7\u00e3o de terras ind\u00edgenas, turismo, renda e meio ambiente;<\/li>\n\n\n\n<li>Espa\u00e7os dedicados \u00e0 gastronomia regional, onde os visitantes poder\u00e3o saborear itens da culin\u00e1ria t\u00edpica e experimentar produtos artesanais feitos pelos agricultores locais.<\/li>\n<\/ul>\n\n\n\n<p>No <strong>dia 24 de mar\u00e7o (domingo)<\/strong>, diversas autoridades da municipalidade e do estado devem participar da cerim\u00f4nia, juntamente com o secret\u00e1rio de Rela\u00e7\u00f5es Internacionais, Aldo Rebelo, a partir das 17h.&nbsp; Al\u00e9m disso, o p\u00fablico contar\u00e1 com o show da dupla <strong>Rionegro e Solim\u00f5es<\/strong>, que est\u00e1 prestes a completar 35 anos de carreira e apresentar\u00e1 seus maiores sucessos, prometendo agitar o p\u00fablico em Parelheiros, pr\u00f3ximo das 19h. Confira abaixo a programa\u00e7\u00e3o completa.<\/p>\n\n\n\n<p><strong>Sobre o evento<\/strong><\/p>\n\n\n\n<p>A primeira Festa do Agricultor tem como objetivo reconhecer, valorizar e divulgar a agricultura da zona Sul de S\u00e3o Paulo e o <strong>Polo de Ecoturismo de S\u00e3o Paulo<\/strong>, incluindo as \u00c1reas de Prote\u00e7\u00e3o Ambiental, Parques Naturais e \u00e1reas protegidas. A programa\u00e7\u00e3o promover\u00e1 temas como agricultura, valoriza\u00e7\u00e3o e prote\u00e7\u00e3o de terras ind\u00edgenas, turismo, renda e meio ambiente, al\u00e9m de oferecer atra\u00e7\u00f5es e informa\u00e7\u00f5es de interesse da popula\u00e7\u00e3o de Parelheiros e seus produtores locais.<\/p>\n\n\n\n<p>Para a realiza\u00e7\u00e3o do evento, a Secretaria Municipal de Rela\u00e7\u00f5es Internacionais, em correaliza\u00e7\u00e3o com a Associa\u00e7\u00e3o de Produtores Rurais de Parelheiros e Regi\u00e3o (Aprupar), recebe apoio da S\u00e3o Paulo Turismo (SPTuris \u2013 empresa oficial de eventos e turismo da Prefeitura); Ag\u00eancia S\u00e3o Paulo de Desenvolvimento (Adesampa); Casa Civil Municipal; Secretaria Municipal do Verde e Meio Ambiente; Subprefeitura de Parelheiros; Secretaria Municipal de Cultura; Secretaria Municipal do Desenvolvimento Econ\u00f4mico e Trabalho; Secretaria de Sa\u00fade; Secretaria Municipal de Turismo; Secretaria Municipal de Educa\u00e7\u00e3o; Secretaria Executiva de Seguran\u00e7a Alimentar e Nutricional e de Abastecimento; Secretaria Executiva de Mudan\u00e7as Clim\u00e1ticas, Secretaria Estadual de Agricultura e Secretaria Estadual de Turismo e Viagens. Al\u00e9m disso, o evento conta com a parceria do Centro Paula Souza, CPTA \u2013 Centro Pr\u00e1tico de Treinamento Agropecu\u00e1rio e Sebrae.<\/p>\n\n\n\n<p><strong>Iniciativas empreendedoras<\/strong><\/p>\n\n\n\n<p>Al\u00e9m da feira expositiva e dos shows, 30 unidades de produ\u00e7\u00e3o rural do projeto <strong>Semeando Neg\u00f3cios<\/strong> receber\u00e3o aportes de R$30 mil (trinta mil reais) em uma cerim\u00f4nia oficial durante a Festa do Agricultor. As unidades produtivas foram selecionadas pelo edital de Acelera\u00e7\u00e3o de Neg\u00f3cios Rurais do projeto, e ir\u00e3o obter assessoria t\u00e9cnica mensal para apoio \u00e0 gest\u00e3o do neg\u00f3cio rural, em uma iniciativa que busca apoiar a atividade agropecu\u00e1ria na regi\u00e3o de Parelheiros e Capela do Socorro, refor\u00e7ando a voca\u00e7\u00e3o do extremo sul de S\u00e3o Paulo para a sustentabilidade, e fortalecendo o desenvolvimento econ\u00f4mico e sustent\u00e1vel do territ\u00f3rio.<\/p>\n\n\n\n<p>O evento tamb\u00e9m visa regularizar atividades agr\u00edcolas, fortalecer pequenos neg\u00f3cios e aumentar a renda dos produtores das \u00e1reas rurais e urbanas de Graja\u00fa\/ Ilha do Boror\u00e9, Parelheiros e Marsilac, que est\u00e3o integradas ao Polo de Ecoturismo de S\u00e3o Paulo. Ao promover o encontro entre produtores rurais, moradores da cidade e turistas, tamb\u00e9m refor\u00e7a o v\u00ednculo entre a comunidade e suas ra\u00edzes, inspirando um futuro mais pr\u00f3spero e sustent\u00e1vel para todos.<\/p>\n\n\n\n<p><strong>Programa\u00e7\u00e3o<\/strong><\/p>\n\n\n\n<p><strong>23\/03 (s\u00e1bado):<\/strong><\/p>\n\n\n\n<p>&#8211; 10h \u2013 Cerimonialista Fritz na tenda Aprupar<br>&#8211; 11h \u2013 Live ao vivo com a @Parelheiros News<br>&#8211; 12h \u2013 In\u00edcio da feira expositiva (com oficinas nas tendas, exposi\u00e7\u00f5es de produtos, gincanas)<br>&#8211; 14h \u2013 Andr\u00e9 Viola e Caipira Nato\/ Encontro de Tratores e Gaiola<br>&#8211; 19h \u2013 Encerramento<\/p>\n\n\n\n<p><strong>24\/03 (domingo):<\/strong><\/p>\n\n\n\n<p><strong>Rancho da Jandira<\/strong><strong><br><\/strong>&#8211; 8h30 \u2013 Concentra\u00e7\u00e3o do Encontro de Cavaleiros, no Rancho da Jandira<br>&#8211; 10h30 \u2013 sa\u00edda dos cavaleiros &#8211; s\u00e3o esperados at\u00e9 cem cavaleiros, que percorrer\u00e3o cerca de 10 km<br>&#8211; 12h \u2013 previs\u00e3o de chegada dos cavaleiros ao Parque Linear Parelheiros<br><\/p>\n\n\n\n<p><strong>Parque Linear Parelheiros<\/strong><strong><br><\/strong>&#8211; 10h \u2013 Cerimonialista Fritz na tenda Aprupar<br>&#8211; 11h \u2013 Live ao vivo com a @Parelheiros New<br>&#8211; 12h \u2013 In\u00edcio da feira expositiva (com oficinas nas tendas, exposi\u00e7\u00f5es de produtos, gincanas)<\/p>\n\n\n\n<p>Atividades no Palco<\/p>\n\n\n\n<p>&#8211; 12h \u2013 Apresenta\u00e7\u00e3o de sanfoneira<br>&#8211; 13h \u2013 Betto Mais e Eddy Reiz<br>&#8211; 14h \u2013 Fabio e Ronaldo<br>&#8211; 15h \u2013 Bruno Coelho<br>&#8211; 16h \u2013 Andr\u00e9 Viola e Caipira Nato<br>&#8211; 17h \u2013 Tour das autoridades<br>&#8211; 18h \u2013 Cerimonial das autoridades<br>&#8211; 19h \u2013 Rionegro e Solim\u00f5es<br>&#8211; 22h \u2013 Encerramento<\/p>\n\n\n\n<p><strong>Sobre o Polo de Ecoturismo de S\u00e3o Paulo<\/strong><\/p>\n\n\n\n<p>Em 2024 comemoram-se 10 anos do Polo de Ecoturismo de S\u00e3o Paulo, criado pela lei N\u00ba 15.953 de 7 de janeiro de 2014, com o objetivo de preservar o patrim\u00f4nio natural e cultural da regi\u00e3o, utilizando o turismo como vetor de desenvolvimento econ\u00f4mico e social, al\u00e9m de indutor da preserva\u00e7\u00e3o do meio ambiente, gerando oportunidades de empregos, apoio a neg\u00f3cios sustent\u00e1veis e conscientiza\u00e7\u00e3o da comunidade local.<\/p>\n\n\n\n<p>Ocupando cerca de um ter\u00e7o do munic\u00edpio, o Polo de Ecoturismo de S\u00e3o Paulo \u00e9 localizado no extremo sul da cidade. Tem mais de 400 km\u00b2 de extens\u00e3o, abriga importantes unidades de conserva\u00e7\u00e3o da mata atl\u00e2ntica, como \u00c1reas de Prote\u00e7\u00e3o Ambiental, Parques Naturais, Reservas Particulares de Patrim\u00f4nio Natural, al\u00e9m de abranger a Terra Ind\u00edgena Tenond\u00e9 Por\u00e3 e contar com parte da \u00e1rea definida como zona rural.<\/p>\n\n\n\n<p>Saiba mais no site oficial: <a href=\"http:\/\/polodeecoturismosp.com\/\">polodeecoturismosp.com<\/a> .<\/p>\n\n\n\n<p>Acesse tamb\u00e9m as redes sociais: @polodeecoturismosp em Instagram, YouTube, Facebook e TikTok.<\/p>\n\n\n\n<p><strong>Servi\u00e7o<\/strong><em>23 de mar\u00e7o, das 12h \u00e0s 19h<\/em><em><br><\/em><em>24 de mar\u00e7o, das 8h30 \u00e0s 22h<\/em><em><br><\/em><strong>Local: Parque Linear Parelheiros &#8211; <\/strong>Rua Terezinha do Prado Oliveira \u2013 Jd. Novo Parelheiros \u2013 Parelheiros, S\u00e3o Paulo \u2013 SP<\/p>\n","protected":false},"excerpt":{"rendered":"<p>Evento acontece nos dias 23 e 24 de mar\u00e7o e abordar\u00e1 sustentabilidade e agricultura; confira a programa\u00e7\u00e3o Em celebra\u00e7\u00e3o ao Dia Mundial da Agricultura, a Prefeitura de S\u00e3o Paulo, por meio da Secretaria Municipal de Rela\u00e7\u00f5es Internacionais e de sua Coordenadoria Executiva de Coopera\u00e7\u00e3o para o Desenvolvimento Sustent\u00e1vel, convida a popula\u00e7\u00e3o para a 1\u00aa Festa [&hellip;]<\/p>\n","protected":false},"author":2,"featured_media":1039,"comment_status":"open","ping_status":"open","sticky":false,"template":"","format":"standard","meta":{"footnotes":""},"categories":[23],"tags":[],"class_list":{"0":"post-1038","1":"post","2":"type-post","3":"status-publish","4":"format-standard","5":"has-post-thumbnail","7":"category-feirasdenegocios"},"_links":{"self":[{"href":"https:\/\/tveventos.tv.br\/index.php?rest_route=\/wp\/v2\/posts\/1038","targetHints":{"allow":["GET"]}}],"collection":[{"href":"https:\/\/tveventos.tv.br\/index.php?rest_route=\/wp\/v2\/posts"}],"about":[{"href":"https:\/\/tveventos.tv.br\/index.php?rest_route=\/wp\/v2\/types\/post"}],"author":[{"embeddable":true,"href":"https:\/\/tveventos.tv.br\/index.php?rest_route=\/wp\/v2\/users\/2"}],"replies":[{"embeddable":true,"href":"https:\/\/tveventos.tv.br\/index.php?rest_route=%2Fwp%2Fv2%2Fcomments&post=1038"}],"version-history":[{"count":1,"href":"https:\/\/tveventos.tv.br\/index.php?rest_route=\/wp\/v2\/posts\/1038\/revisions"}],"predecessor-version":[{"id":1040,"href":"https:\/\/tveventos.tv.br\/index.php?rest_route=\/wp\/v2\/posts\/1038\/revisions\/1040"}],"wp:featuredmedia":[{"embeddable":true,"href":"https:\/\/tveventos.tv.br\/index.php?rest_route=\/wp\/v2\/media\/1039"}],"wp:attachment":[{"href":"https:\/\/tveventos.tv.br\/index.php?rest_route=%2Fwp%2Fv2%2Fmedia&parent=1038"}],"wp:term":[{"taxonomy":"category","embeddable":true,"href":"https:\/\/tveventos.tv.br\/index.php?rest_route=%2Fwp%2Fv2%2Fcategories&post=1038"},{"taxonomy":"post_tag","embeddable":true,"href":"https:\/\/tveventos.tv.br\/index.php?rest_route=%2Fwp%2Fv2%2Ftags&post=1038"}],"curies":[{"name":"wp","href":"https:\/\/api.w.org\/{rel}","templated":true}]}}