{"id":1041,"date":"2024-03-20T11:26:49","date_gmt":"2024-03-20T14:26:49","guid":{"rendered":"https:\/\/tveventos.tv.br\/?p=1041"},"modified":"2024-03-20T11:26:52","modified_gmt":"2024-03-20T14:26:52","slug":"pequenos-negocios-foram-responsaveis-por-62-das-vagas-de-emprego-em-janeiro","status":"publish","type":"post","link":"https:\/\/tveventos.tv.br\/?p=1041","title":{"rendered":"Pequenos neg\u00f3cios foram respons\u00e1veis por 62% das vagas de emprego em janeiro"},"content":{"rendered":"\n<p class=\"has-text-align-center\"><em>Levantamento feito pelo Sebrae, a partir de dados do Caged, revela que aumentou em 52% o volume de empregos gerados nos pequenos neg\u00f3cios no primeiro m\u00eas do ano em compara\u00e7\u00e3o com 2023<\/em><\/p>\n\n\n\n<p>No conjunto da economia, o total de postos de trabalho criados em janeiro deste ano foi de 180,3 mil \u2013 desse universo, 62% estavam nas MPE. Os pequenos neg\u00f3cios geraram, no primeiro m\u00eas do ano, 52% mais empregos do que o registrado no mesmo per\u00edodo de 2023. \u00c9 o que mostra o levantamento feito pelo Sebrae a partir de dados do Cadastro Geral de Empregados e Desempregados (Caged). Foram 112 mil novas vagas contra 74 mil contabilizadas no ano passado somente nas micro e pequenas empresas.<\/p>\n\n\n\n<p>Para o presidente do Sebrae, D\u00e9cio Lima, os n\u00fameros do Caged confirmam o papel de destaque dos pequenos neg\u00f3cios para o pa\u00eds. \u201cOs 112 mil empregos criados apenas no m\u00eas de janeiro revelam a import\u00e2ncia das micro e pequenas empresas, as quais o Sebrae tem a responsabilidade de apoiar, mas, sobretudo, os acertos extraordin\u00e1rios da pol\u00edtica do presidente Lula e do vice Geraldo Alckmin. \u00c9 a confirma\u00e7\u00e3o daquela frase que o presidente tem destacado permanentemente: \u2018incluir o povo no or\u00e7amento\u2019. A atua\u00e7\u00e3o das MPE est\u00e1 permitindo que o Brasil possa sair rapidamente do mapa da fome\u201d, comenta. \u201cPara todos os pa\u00edses do continente americano, o Brasil \u00e9 o gigante, o bom exemplo e o Sebrae est\u00e1 trabalhando junto \u00e0 Organiza\u00e7\u00e3o dos Estados Americanos (OEA) e a outros organismos buscando abrir novos mercados\u201d, acrescenta o presidente do Sebrae. Ele lembra que o setor precisa contar com o apoio de pol\u00edticas p\u00fablicas, seja no cr\u00e9dito, seja no desenvolvimento dos seus neg\u00f3cios.<\/p>\n\n\n\n<p>Os setores de Servi\u00e7os (53.218), Constru\u00e7\u00e3o (36.579) e Ind\u00fastria da Transforma\u00e7\u00e3o (33.181) contribu\u00edram fortemente para a gera\u00e7\u00e3o de empregos nas MPE. Nas m\u00e9dias e grandes empresas (MGE), por sua vez, os principais setores respons\u00e1veis pela cria\u00e7\u00e3o de vagas de trabalho foram Ind\u00fastria da Transforma\u00e7\u00e3o (32.896), Servi\u00e7os (21.848) e Constru\u00e7\u00e3o (12.752).<\/p>\n\n\n\n<p>As atividades que mais contribu\u00edram para o fomento do emprego no pa\u00eds em janeiro de 2024, considerando o conjunto da economia, foram: \u201cConstru\u00e7\u00e3o de edif\u00edcios\u201d (20 mil vagas), \u201cCultivo de soja\u201d (8,6 mil vagas) e \u201cCultivo de frutas de lavoura permanente, exceto laranja e uva\u201d (7,3 mil vagas). Entre as MPE, o destaque fica com \u201cConstru\u00e7\u00e3o de edif\u00edcios\u201d (15,8 mil vagas). J\u00e1 para as atividades que mais somaram para o top 10 nas MGE foram: \u201cConstru\u00e7\u00e3o de edif\u00edcios\u201d (4,3 mil vagas) e \u201cCultivo de frutas de lavoura permanente, exceto laranja e uva\u201d (4,3 mil vagas).<\/p>\n\n\n\n<p><strong>Encontro<\/strong><\/p>\n\n\n\n<p>O presidente do Sebrae visitou o ministro do Trabalho e Emprego, Luiz Marinho, para pactuar projetos e a\u00e7\u00f5es para fomentar ainda mais a gera\u00e7\u00e3o de emprego e renda para os pequenos neg\u00f3cios. A audi\u00eancia aconteceu na ter\u00e7a-feira (19), na sede do Minist\u00e9rio em Bras\u00edlia.<br>&nbsp;<\/p>\n\n\n\n<p>O ministro Marinho convidou para a reuni\u00e3o representantes do setor do com\u00e9rcio de S\u00e3o Paulo, representado pela diretoria da FCDL SP, Roberto Folgueral, vice-presidente da entidade.<br>&nbsp;<\/p>\n\n\n\n<p>Na avalia\u00e7\u00e3o do presidente do Sebrae, D\u00e9cio Lima, a reuni\u00e3o foi importante para garantir projetos e a\u00e7\u00f5es que ajudem os pequenos neg\u00f3cios a continuarem a liderar a gera\u00e7\u00e3o de emprego e renda no pa\u00eds. \u201cEm 2023, o setor das micro e pequenas empresas gerou 80% dos postos de trabalho, surpreendendo as proje\u00e7\u00f5es do mercado e neste ano, ser\u00e1 ainda melhor\u201d, afirmou.<\/p>\n","protected":false},"excerpt":{"rendered":"<p>Levantamento feito pelo Sebrae, a partir de dados do Caged, revela que aumentou em 52% o volume de empregos gerados nos pequenos neg\u00f3cios no primeiro m\u00eas do ano em compara\u00e7\u00e3o com 2023 No conjunto da economia, o total de postos de trabalho criados em janeiro deste ano foi de 180,3 mil \u2013 desse universo, 62% [&hellip;]<\/p>\n","protected":false},"author":2,"featured_media":1042,"comment_status":"open","ping_status":"open","sticky":false,"template":"","format":"standard","meta":{"footnotes":""},"categories":[1],"tags":[],"class_list":{"0":"post-1041","1":"post","2":"type-post","3":"status-publish","4":"format-standard","5":"has-post-thumbnail","7":"category-workshopsepalestras"},"_links":{"self":[{"href":"https:\/\/tveventos.tv.br\/index.php?rest_route=\/wp\/v2\/posts\/1041","targetHints":{"allow":["GET"]}}],"collection":[{"href":"https:\/\/tveventos.tv.br\/index.php?rest_route=\/wp\/v2\/posts"}],"about":[{"href":"https:\/\/tveventos.tv.br\/index.php?rest_route=\/wp\/v2\/types\/post"}],"author":[{"embeddable":true,"href":"https:\/\/tveventos.tv.br\/index.php?rest_route=\/wp\/v2\/users\/2"}],"replies":[{"embeddable":true,"href":"https:\/\/tveventos.tv.br\/index.php?rest_route=%2Fwp%2Fv2%2Fcomments&post=1041"}],"version-history":[{"count":1,"href":"https:\/\/tveventos.tv.br\/index.php?rest_route=\/wp\/v2\/posts\/1041\/revisions"}],"predecessor-version":[{"id":1043,"href":"https:\/\/tveventos.tv.br\/index.php?rest_route=\/wp\/v2\/posts\/1041\/revisions\/1043"}],"wp:featuredmedia":[{"embeddable":true,"href":"https:\/\/tveventos.tv.br\/index.php?rest_route=\/wp\/v2\/media\/1042"}],"wp:attachment":[{"href":"https:\/\/tveventos.tv.br\/index.php?rest_route=%2Fwp%2Fv2%2Fmedia&parent=1041"}],"wp:term":[{"taxonomy":"category","embeddable":true,"href":"https:\/\/tveventos.tv.br\/index.php?rest_route=%2Fwp%2Fv2%2Fcategories&post=1041"},{"taxonomy":"post_tag","embeddable":true,"href":"https:\/\/tveventos.tv.br\/index.php?rest_route=%2Fwp%2Fv2%2Ftags&post=1041"}],"curies":[{"name":"wp","href":"https:\/\/api.w.org\/{rel}","templated":true}]}}