{"id":1044,"date":"2024-03-20T13:56:41","date_gmt":"2024-03-20T16:56:41","guid":{"rendered":"https:\/\/tveventos.tv.br\/?p=1044"},"modified":"2024-03-20T13:56:44","modified_gmt":"2024-03-20T16:56:44","slug":"23a-femagri-comeca-nesta-quarta-dia-20-em-guaxupe-mg","status":"publish","type":"post","link":"https:\/\/tveventos.tv.br\/?p=1044","title":{"rendered":"23\u00aa Femagri come\u00e7a nesta quarta, dia 20, em Guaxup\u00e9-MG"},"content":{"rendered":"\n<p class=\"has-text-align-center\"><em>A expectativa \u00e9 de que mais de 30 mil visitantes passem pela feira de neg\u00f3cios. Evento traz novidades tecnol\u00f3gicas, implementos e insumos agr\u00edcolas, al\u00e9m de abordagem e solu\u00e7\u00f5es de pr\u00e1ticas sustent\u00e1veis para os cafeicultores.<\/em><\/p>\n\n\n\n<p>Come\u00e7a nesta quarta-feira, dia 20 de mar\u00e7o, em Guaxup\u00e9 (MG), a 23\u00aa edi\u00e7\u00e3o da Femagri &#8211; Feira de M\u00e1quinas, Implementos e Insumos Agr\u00edcolas, organizada pela Cooperativa Regional de Cafeicultores em Guaxup\u00e9. O evento, que \u00e9 um dos maiores encontros da cafeicultura brasileira, receber\u00e1 mais de 30 mil visitantes compradores, at\u00e9 o dia 22 de mar\u00e7o.<\/p>\n\n\n\n<p>&nbsp;A abertura oficial da Femagri acontece na quarta-feira, \u00e0s 10 horas, em frente ao Espa\u00e7o Cooxup\u00e9, com a presen\u00e7a de toda a diretoria executiva da cooperativa e de produtores de caf\u00e9.<\/p>\n\n\n\n<p><strong>A Feira e seus n\u00fameros<\/strong><\/p>\n\n\n\n<p>Com o tema \u201cCooperativismo: Construindo o Futuro Sustent\u00e1vel das Gera\u00e7\u00f5es\u201d, a organiza\u00e7\u00e3o da Femagri enfatiza a import\u00e2ncia do desenvolvimento sustent\u00e1vel para um crescimento econ\u00f4mico duradouro e promissor para as pr\u00f3ximas gera\u00e7\u00f5es.<\/p>\n\n\n\n<p>&nbsp;Al\u00e9m do papel da sustentabilidade, os produtores t\u00eam acesso \u00e0s novas tecnologias e inova\u00e7\u00f5es de mercado, assim como conhecimentos para promover boas pr\u00e1ticas agr\u00edcolas em suas propriedades.<\/p>\n\n\n\n<p>&nbsp;Em uma \u00e1rea de 107 mil metros quadrados, a Femagri recebe neste ano mais de 120 marcas expositoras, em 148 estandes, com mais de 10 mil produtos cadastrados. A feira gera em m\u00e9dia 540 vagas diretas e indiretas de emprego durante o pr\u00e9, durante e p\u00f3s-evento.<\/p>\n\n\n\n<p><strong>Espa\u00e7os e orienta\u00e7\u00f5es<\/strong><\/p>\n\n\n\n<p>Al\u00e9m da plataforma de exposi\u00e7\u00e3o de servi\u00e7os e produtos, a Femagri apresenta novidades no Espa\u00e7o Fazendinha, considerado celeiro das pautas ambientais e de sustentabilidade. Dentre as demonstra\u00e7\u00f5es est\u00e3o a de drones de pulveriza\u00e7\u00e3o, remineralizadores de solo, mix de plantas de cobertura, o \u201cburrinho mec\u00e2nico\u201d, entre outras.<\/p>\n\n\n\n<p>No Espa\u00e7o Pecu\u00e1ria, o produtor ter\u00e1 aux\u00edlio para uma gest\u00e3o mais eficiente em rela\u00e7\u00e3o \u00e0s ra\u00e7\u00f5es, reprodu\u00e7\u00e3o de rebanho, an\u00e1lises qu\u00edmicas, al\u00e9m de sa\u00fade animal e sistemas de monitoramento de produ\u00e7\u00e3o.<\/p>\n\n\n\n<p>&nbsp;A feira tamb\u00e9m conta com a presen\u00e7a da SMC Specialty Coffees \u2013 a casa de caf\u00e9s especiais da Cooxup\u00e9; do Seguro Agr\u00edcola oferecido pela cooperativa; a oportunidade de financiamento rural pela Vect\u0702Ag \u2013 a plataforma de cr\u00e9dito especial da Cooxup\u00e9; e do Protocolo Gera\u00e7\u00f5es, o programa de sustentabilidade da cooperativa.<\/p>\n\n\n\n<p>&nbsp;A Femagri \u00e9 aberta aos cooperados da Cooxup\u00e9, com credenciamento gratuito realizado na recep\u00e7\u00e3o do evento, a partir das 08h at\u00e9 18h. O endere\u00e7o \u00e9: Avenida Vereador Nelson Elias, bairro Japy, Guaxup\u00e9, Sul de Minas Gerais.<\/p>\n","protected":false},"excerpt":{"rendered":"<p>A expectativa \u00e9 de que mais de 30 mil visitantes passem pela feira de neg\u00f3cios. Evento traz novidades tecnol\u00f3gicas, implementos e insumos agr\u00edcolas, al\u00e9m de abordagem e solu\u00e7\u00f5es de pr\u00e1ticas sustent\u00e1veis para os cafeicultores. Come\u00e7a nesta quarta-feira, dia 20 de mar\u00e7o, em Guaxup\u00e9 (MG), a 23\u00aa edi\u00e7\u00e3o da Femagri &#8211; Feira de M\u00e1quinas, Implementos e [&hellip;]<\/p>\n","protected":false},"author":2,"featured_media":1045,"comment_status":"open","ping_status":"open","sticky":false,"template":"","format":"standard","meta":{"footnotes":""},"categories":[1],"tags":[],"class_list":{"0":"post-1044","1":"post","2":"type-post","3":"status-publish","4":"format-standard","5":"has-post-thumbnail","7":"category-workshopsepalestras"},"_links":{"self":[{"href":"https:\/\/tveventos.tv.br\/index.php?rest_route=\/wp\/v2\/posts\/1044","targetHints":{"allow":["GET"]}}],"collection":[{"href":"https:\/\/tveventos.tv.br\/index.php?rest_route=\/wp\/v2\/posts"}],"about":[{"href":"https:\/\/tveventos.tv.br\/index.php?rest_route=\/wp\/v2\/types\/post"}],"author":[{"embeddable":true,"href":"https:\/\/tveventos.tv.br\/index.php?rest_route=\/wp\/v2\/users\/2"}],"replies":[{"embeddable":true,"href":"https:\/\/tveventos.tv.br\/index.php?rest_route=%2Fwp%2Fv2%2Fcomments&post=1044"}],"version-history":[{"count":1,"href":"https:\/\/tveventos.tv.br\/index.php?rest_route=\/wp\/v2\/posts\/1044\/revisions"}],"predecessor-version":[{"id":1046,"href":"https:\/\/tveventos.tv.br\/index.php?rest_route=\/wp\/v2\/posts\/1044\/revisions\/1046"}],"wp:featuredmedia":[{"embeddable":true,"href":"https:\/\/tveventos.tv.br\/index.php?rest_route=\/wp\/v2\/media\/1045"}],"wp:attachment":[{"href":"https:\/\/tveventos.tv.br\/index.php?rest_route=%2Fwp%2Fv2%2Fmedia&parent=1044"}],"wp:term":[{"taxonomy":"category","embeddable":true,"href":"https:\/\/tveventos.tv.br\/index.php?rest_route=%2Fwp%2Fv2%2Fcategories&post=1044"},{"taxonomy":"post_tag","embeddable":true,"href":"https:\/\/tveventos.tv.br\/index.php?rest_route=%2Fwp%2Fv2%2Ftags&post=1044"}],"curies":[{"name":"wp","href":"https:\/\/api.w.org\/{rel}","templated":true}]}}