{"id":1052,"date":"2024-03-20T15:07:02","date_gmt":"2024-03-20T18:07:02","guid":{"rendered":"https:\/\/tveventos.tv.br\/?p=1052"},"modified":"2024-03-20T15:07:06","modified_gmt":"2024-03-20T18:07:06","slug":"cni-sedia-o-workshop-embalagem-sustentabilidade-em-sao-paulo","status":"publish","type":"post","link":"https:\/\/tveventos.tv.br\/?p=1052","title":{"rendered":"CNI sedia o Workshop Embalagem &amp; Sustentabilidade em S\u00e3o Paulo"},"content":{"rendered":"\n<p><em>Promovido pelo Instituto de Embalagens, o workshop abordar\u00e1 as melhores pr\u00e1ticas para reduzir o impacto ambiental das embalagens.<\/em><\/p>\n\n\n\n<p>O mercado global de embalagens sustent\u00e1veis foi avaliado em aproximadamente US$271,86 bilh\u00f5es em 2023 e dever\u00e1 ultrapassar US$393 bilh\u00f5es at\u00e9 2028, segundo dados da Statista. O n\u00famero revela a import\u00e2ncia de se adequar \u00e0s novas tend\u00eancias de mercado e, principalmente, entender as melhores pr\u00e1ticas sustent\u00e1veis para reduzir ao m\u00e1ximo impactos ambientais. Pensando nisso, o Instituto de Embalagens, em parceria com a Confedera\u00e7\u00e3o Nacional da Ind\u00fastria (CNI), realiza o Workshop Embalagem &amp; Sustentabilidade.&nbsp;<\/p>\n\n\n\n<p>O workshop ser\u00e1 no dia 11 de abril na modalidade online e presencial, no audit\u00f3rio da CNI, localizado no Brooklin Novo, em S\u00e3o Paulo. Para a diretora do Instituto de Embalagens, Assunta Napolitano Camilo, a oportunidade \u00e9 \u00fanica para profissionais do setor. &#8220;O evento \u00e9 ideal para troca de ideias e colaborar em solu\u00e7\u00f5es inovadoras que impulsionam a ind\u00fastria em dire\u00e7\u00e3o a um mundo melhor&#8221;, afirmou.&nbsp;<\/p>\n\n\n\n<p>No Brasil, mais de 21 milh\u00f5es de pessoas, quase 10% da popula\u00e7\u00e3o, ficam sem comer todos os dias e 70,3 milh\u00f5es est\u00e3o em inseguran\u00e7a alimentar. No mundo, s\u00e3o 735 milh\u00f5es de pessoas passando fome e 2,3 bilh\u00f5es em situa\u00e7\u00e3o de inseguran\u00e7a alimentar, de acordo com a ONU (Organiza\u00e7\u00e3o das Na\u00e7\u00f5es Unidas).&nbsp;<\/p>\n\n\n\n<p>Para a diretora do Instituto, embalagens bem projetadas prolongam a vida \u00fatil dos produtos. \u201cProtegendo-os contra danos, contamina\u00e7\u00e3o e deteriora\u00e7\u00e3o e reduz significativamente o desperd\u00edcio ao evitar que os produtos sejam descartados prematuramente devido a danos durante o transporte ou armazenamento. Elas t\u00eam um papel crucial para salvar alimentos e garantir o acesso \u00e0 comida\u201d, disse Assunta Napolitano Camilo<\/p>\n\n\n\n<p><strong>Workshop<\/strong><\/p>\n\n\n\n<p>Durante o workshop, ser\u00e3o abordados t\u00f3picos de tend\u00eancias de embalagens e sustentabilidade, atualiza\u00e7\u00e3o tecnol\u00f3gica, reciclagem PET, simbologia ambiental, inova\u00e7\u00f5es em materiais de embalagem e outros temas. A oficina pr\u00e1tica \u00e9 um diferencial e servir\u00e1 para os participantes colocarem em pr\u00e1tica os conhecimentos te\u00f3ricos adquiridos durante o evento. Al\u00e9m disso, est\u00e1 previsto desafio pr\u00e1tico em equipe para desenvolver uma solu\u00e7\u00e3o de embalagem de menor impacto ambiental.<\/p>\n\n\n\n<p><strong>Sobre o Instituto de Embalagens&nbsp;<\/strong><\/p>\n\n\n\n<p>Fundado em 2005, o Instituto de Embalagens tem o objetivo de levar conhecimento para o setor de embalagens, visando o seu avan\u00e7o e crescimento. O trabalho consiste na coordena\u00e7\u00e3o e realiza\u00e7\u00e3o de cursos, encontros, treinamentos e publica\u00e7\u00f5es t\u00e9cnicas.&nbsp;<\/p>\n\n\n\n<p>Desde a cria\u00e7\u00e3o do Kit de Refer\u00eancias de Embalagens, primeiro material did\u00e1tico do Instituto de Embalagens, a entidade j\u00e1 publicou 24 livros e realizou 107 cursos e 141 eventos, com a participa\u00e7\u00e3o de mais de 18 mil profissionais. A cren\u00e7a do Instituto de Embalagens \u00e9 que melhores embalagens promovem um mundo melhor.&nbsp;<\/p>\n\n\n\n<p><strong>Servi\u00e7o<\/strong><\/p>\n\n\n\n<p><strong>Workshop Embalagem e Sustentabilidade \u2013 presencial e online<\/strong><\/p>\n\n\n\n<p><strong>Data: <\/strong>11 de abril&nbsp;<\/p>\n\n\n\n<p><strong>Hor\u00e1rio:<\/strong> 8h30 at\u00e9 17h30<\/p>\n\n\n\n<p><strong>Local:<\/strong> audit\u00f3rio do CNI (Rua Surubim, 504)<\/p>\n\n\n\n<p><strong>Inscri\u00e7\u00f5es no site:<\/strong><\/p>\n\n\n\n<figure class=\"wp-block-embed\"><div class=\"wp-block-embed__wrapper\">\nhttps:\/\/institutodeembalagens.com.br\/workshop-embalagem-e-sustentabilidade\/\n<\/div><\/figure>\n","protected":false},"excerpt":{"rendered":"<p>Promovido pelo Instituto de Embalagens, o workshop abordar\u00e1 as melhores pr\u00e1ticas para reduzir o impacto ambiental das embalagens. O mercado global de embalagens sustent\u00e1veis foi avaliado em aproximadamente US$271,86 bilh\u00f5es em 2023 e dever\u00e1 ultrapassar US$393 bilh\u00f5es at\u00e9 2028, segundo dados da Statista. O n\u00famero revela a import\u00e2ncia de se adequar \u00e0s novas tend\u00eancias de [&hellip;]<\/p>\n","protected":false},"author":2,"featured_media":1053,"comment_status":"open","ping_status":"open","sticky":false,"template":"","format":"standard","meta":{"footnotes":""},"categories":[1],"tags":[],"class_list":{"0":"post-1052","1":"post","2":"type-post","3":"status-publish","4":"format-standard","5":"has-post-thumbnail","7":"category-workshopsepalestras"},"_links":{"self":[{"href":"https:\/\/tveventos.tv.br\/index.php?rest_route=\/wp\/v2\/posts\/1052","targetHints":{"allow":["GET"]}}],"collection":[{"href":"https:\/\/tveventos.tv.br\/index.php?rest_route=\/wp\/v2\/posts"}],"about":[{"href":"https:\/\/tveventos.tv.br\/index.php?rest_route=\/wp\/v2\/types\/post"}],"author":[{"embeddable":true,"href":"https:\/\/tveventos.tv.br\/index.php?rest_route=\/wp\/v2\/users\/2"}],"replies":[{"embeddable":true,"href":"https:\/\/tveventos.tv.br\/index.php?rest_route=%2Fwp%2Fv2%2Fcomments&post=1052"}],"version-history":[{"count":2,"href":"https:\/\/tveventos.tv.br\/index.php?rest_route=\/wp\/v2\/posts\/1052\/revisions"}],"predecessor-version":[{"id":1055,"href":"https:\/\/tveventos.tv.br\/index.php?rest_route=\/wp\/v2\/posts\/1052\/revisions\/1055"}],"wp:featuredmedia":[{"embeddable":true,"href":"https:\/\/tveventos.tv.br\/index.php?rest_route=\/wp\/v2\/media\/1053"}],"wp:attachment":[{"href":"https:\/\/tveventos.tv.br\/index.php?rest_route=%2Fwp%2Fv2%2Fmedia&parent=1052"}],"wp:term":[{"taxonomy":"category","embeddable":true,"href":"https:\/\/tveventos.tv.br\/index.php?rest_route=%2Fwp%2Fv2%2Fcategories&post=1052"},{"taxonomy":"post_tag","embeddable":true,"href":"https:\/\/tveventos.tv.br\/index.php?rest_route=%2Fwp%2Fv2%2Ftags&post=1052"}],"curies":[{"name":"wp","href":"https:\/\/api.w.org\/{rel}","templated":true}]}}