{"id":1056,"date":"2024-03-20T16:24:57","date_gmt":"2024-03-20T19:24:57","guid":{"rendered":"https:\/\/tveventos.tv.br\/?p=1056"},"modified":"2024-03-20T16:25:00","modified_gmt":"2024-03-20T19:25:00","slug":"cachaca-trade-fair","status":"publish","type":"post","link":"https:\/\/tveventos.tv.br\/?p=1056","title":{"rendered":"CACHA\u00c7A TRADE FAIR"},"content":{"rendered":"\n<p>Na sua oitava edi\u00e7\u00e3o, a Cacha\u00e7a Trade Fair se consolida como a principal feira da cadeia produtiva de destilados da Am\u00e9rica Latina. Ponto de encontro para empresas e profissionais do setor de bebidas adultas, se posiciona como um evento 100% B2B.<\/p>\n\n\n\n<p>Junte-se a n\u00f3s, nos dias 25 a 27 de Mar\u00e7o das 14h \u00e0s 20h, no prestigiado Expo Center Norte.<\/p>\n\n\n\n<p>Rua Jos\u00e9 Bernardo Pinto, 333 \u2013 Vila Guilherme \u2013 S\u00e3o Paulo.<\/p>\n","protected":false},"excerpt":{"rendered":"<p>Na sua oitava edi\u00e7\u00e3o, a Cacha\u00e7a Trade Fair se consolida como a principal feira da cadeia produtiva de destilados da Am\u00e9rica Latina. Ponto de encontro para empresas e profissionais do setor de bebidas adultas, se posiciona como um evento 100% B2B. Junte-se a n\u00f3s, nos dias 25 a 27 de Mar\u00e7o das 14h \u00e0s 20h, [&hellip;]<\/p>\n","protected":false},"author":2,"featured_media":1058,"comment_status":"open","ping_status":"open","sticky":false,"template":"","format":"standard","meta":{"footnotes":""},"categories":[25],"tags":[],"class_list":{"0":"post-1056","1":"post","2":"type-post","3":"status-publish","4":"format-standard","5":"has-post-thumbnail","7":"category-calendariodeeventos"},"_links":{"self":[{"href":"https:\/\/tveventos.tv.br\/index.php?rest_route=\/wp\/v2\/posts\/1056","targetHints":{"allow":["GET"]}}],"collection":[{"href":"https:\/\/tveventos.tv.br\/index.php?rest_route=\/wp\/v2\/posts"}],"about":[{"href":"https:\/\/tveventos.tv.br\/index.php?rest_route=\/wp\/v2\/types\/post"}],"author":[{"embeddable":true,"href":"https:\/\/tveventos.tv.br\/index.php?rest_route=\/wp\/v2\/users\/2"}],"replies":[{"embeddable":true,"href":"https:\/\/tveventos.tv.br\/index.php?rest_route=%2Fwp%2Fv2%2Fcomments&post=1056"}],"version-history":[{"count":1,"href":"https:\/\/tveventos.tv.br\/index.php?rest_route=\/wp\/v2\/posts\/1056\/revisions"}],"predecessor-version":[{"id":1059,"href":"https:\/\/tveventos.tv.br\/index.php?rest_route=\/wp\/v2\/posts\/1056\/revisions\/1059"}],"wp:featuredmedia":[{"embeddable":true,"href":"https:\/\/tveventos.tv.br\/index.php?rest_route=\/wp\/v2\/media\/1058"}],"wp:attachment":[{"href":"https:\/\/tveventos.tv.br\/index.php?rest_route=%2Fwp%2Fv2%2Fmedia&parent=1056"}],"wp:term":[{"taxonomy":"category","embeddable":true,"href":"https:\/\/tveventos.tv.br\/index.php?rest_route=%2Fwp%2Fv2%2Fcategories&post=1056"},{"taxonomy":"post_tag","embeddable":true,"href":"https:\/\/tveventos.tv.br\/index.php?rest_route=%2Fwp%2Fv2%2Ftags&post=1056"}],"curies":[{"name":"wp","href":"https:\/\/api.w.org\/{rel}","templated":true}]}}