{"id":1061,"date":"2024-03-20T16:42:47","date_gmt":"2024-03-20T19:42:47","guid":{"rendered":"https:\/\/tveventos.tv.br\/?p=1061"},"modified":"2024-03-20T16:42:50","modified_gmt":"2024-03-20T19:42:50","slug":"laad-security-defence","status":"publish","type":"post","link":"https:\/\/tveventos.tv.br\/?p=1061","title":{"rendered":"LAAD Security &amp; Defence"},"content":{"rendered":"\n<p>A LAAD Security &amp; Defence 2024 \u00e9 o principal ponto de encontro para networking e atualiza\u00e7\u00e3o de profissionais que atuam nas \u00e1reas de seguran\u00e7a e defesa na Am\u00e9rica Latina.&nbsp;<\/p>\n\n\n\n<p>Junte-se a n\u00f3s, nos dias 02 a 04 de Abril das 10h \u00e0s 18h, dia 04 das 10h \u00e0s 17h no prestigiado Transam\u00e9rica Expo Center.<\/p>\n\n\n\n<p>Endere\u00e7o: Av. Dr. M\u00e1rio Vilas Boas Rodrigues, 387 &#8211; Santo Amaro, S\u00e3o Paulo &#8211; SP, 04757-020.<\/p>\n","protected":false},"excerpt":{"rendered":"<p>A LAAD Security &amp; Defence 2024 \u00e9 o principal ponto de encontro para networking e atualiza\u00e7\u00e3o de profissionais que atuam nas \u00e1reas de seguran\u00e7a e defesa na Am\u00e9rica Latina.&nbsp; Junte-se a n\u00f3s, nos dias 02 a 04 de Abril das 10h \u00e0s 18h, dia 04 das 10h \u00e0s 17h no prestigiado Transam\u00e9rica Expo Center. Endere\u00e7o: [&hellip;]<\/p>\n","protected":false},"author":2,"featured_media":1063,"comment_status":"open","ping_status":"open","sticky":false,"template":"","format":"standard","meta":{"footnotes":""},"categories":[25],"tags":[],"class_list":{"0":"post-1061","1":"post","2":"type-post","3":"status-publish","4":"format-standard","5":"has-post-thumbnail","7":"category-calendariodeeventos"},"_links":{"self":[{"href":"https:\/\/tveventos.tv.br\/index.php?rest_route=\/wp\/v2\/posts\/1061","targetHints":{"allow":["GET"]}}],"collection":[{"href":"https:\/\/tveventos.tv.br\/index.php?rest_route=\/wp\/v2\/posts"}],"about":[{"href":"https:\/\/tveventos.tv.br\/index.php?rest_route=\/wp\/v2\/types\/post"}],"author":[{"embeddable":true,"href":"https:\/\/tveventos.tv.br\/index.php?rest_route=\/wp\/v2\/users\/2"}],"replies":[{"embeddable":true,"href":"https:\/\/tveventos.tv.br\/index.php?rest_route=%2Fwp%2Fv2%2Fcomments&post=1061"}],"version-history":[{"count":1,"href":"https:\/\/tveventos.tv.br\/index.php?rest_route=\/wp\/v2\/posts\/1061\/revisions"}],"predecessor-version":[{"id":1064,"href":"https:\/\/tveventos.tv.br\/index.php?rest_route=\/wp\/v2\/posts\/1061\/revisions\/1064"}],"wp:featuredmedia":[{"embeddable":true,"href":"https:\/\/tveventos.tv.br\/index.php?rest_route=\/wp\/v2\/media\/1063"}],"wp:attachment":[{"href":"https:\/\/tveventos.tv.br\/index.php?rest_route=%2Fwp%2Fv2%2Fmedia&parent=1061"}],"wp:term":[{"taxonomy":"category","embeddable":true,"href":"https:\/\/tveventos.tv.br\/index.php?rest_route=%2Fwp%2Fv2%2Fcategories&post=1061"},{"taxonomy":"post_tag","embeddable":true,"href":"https:\/\/tveventos.tv.br\/index.php?rest_route=%2Fwp%2Fv2%2Ftags&post=1061"}],"curies":[{"name":"wp","href":"https:\/\/api.w.org\/{rel}","templated":true}]}}