{"id":1066,"date":"2024-03-20T17:02:50","date_gmt":"2024-03-20T20:02:50","guid":{"rendered":"https:\/\/tveventos.tv.br\/?p=1066"},"modified":"2024-03-20T17:02:54","modified_gmt":"2024-03-20T20:02:54","slug":"feicon","status":"publish","type":"post","link":"https:\/\/tveventos.tv.br\/?p=1066","title":{"rendered":"FEICON"},"content":{"rendered":"\n<p>A FEICON \u00e9 a mais completa feira do setor de constru\u00e7\u00e3o civil e arquitetura da Am\u00e9rica Latina e oferece oportunidades de neg\u00f3cios e relacionamento para todos os profissionais desta ind\u00fastria.&nbsp;&nbsp;<\/p>\n\n\n\n<p>Junte-se a n\u00f3s, nos dias 02 a 05 de Abril das 10h \u00e0s 18h, dia 04 das 10h \u00e0s 17h no prestigiado S\u00e3o Paulo Expo.<\/p>\n\n\n\n<p>Endere\u00e7o: Rod. dos Imigrantes 5, S\/N, km. 1, S\u00e3o Paulo, SP, 04329-900.<\/p>\n","protected":false},"excerpt":{"rendered":"<p>A FEICON \u00e9 a mais completa feira do setor de constru\u00e7\u00e3o civil e arquitetura da Am\u00e9rica Latina e oferece oportunidades de neg\u00f3cios e relacionamento para todos os profissionais desta ind\u00fastria.&nbsp;&nbsp; Junte-se a n\u00f3s, nos dias 02 a 05 de Abril das 10h \u00e0s 18h, dia 04 das 10h \u00e0s 17h no prestigiado S\u00e3o Paulo Expo. [&hellip;]<\/p>\n","protected":false},"author":2,"featured_media":1067,"comment_status":"open","ping_status":"open","sticky":false,"template":"","format":"standard","meta":{"footnotes":""},"categories":[25],"tags":[],"class_list":{"0":"post-1066","1":"post","2":"type-post","3":"status-publish","4":"format-standard","5":"has-post-thumbnail","7":"category-calendariodeeventos"},"_links":{"self":[{"href":"https:\/\/tveventos.tv.br\/index.php?rest_route=\/wp\/v2\/posts\/1066","targetHints":{"allow":["GET"]}}],"collection":[{"href":"https:\/\/tveventos.tv.br\/index.php?rest_route=\/wp\/v2\/posts"}],"about":[{"href":"https:\/\/tveventos.tv.br\/index.php?rest_route=\/wp\/v2\/types\/post"}],"author":[{"embeddable":true,"href":"https:\/\/tveventos.tv.br\/index.php?rest_route=\/wp\/v2\/users\/2"}],"replies":[{"embeddable":true,"href":"https:\/\/tveventos.tv.br\/index.php?rest_route=%2Fwp%2Fv2%2Fcomments&post=1066"}],"version-history":[{"count":1,"href":"https:\/\/tveventos.tv.br\/index.php?rest_route=\/wp\/v2\/posts\/1066\/revisions"}],"predecessor-version":[{"id":1068,"href":"https:\/\/tveventos.tv.br\/index.php?rest_route=\/wp\/v2\/posts\/1066\/revisions\/1068"}],"wp:featuredmedia":[{"embeddable":true,"href":"https:\/\/tveventos.tv.br\/index.php?rest_route=\/wp\/v2\/media\/1067"}],"wp:attachment":[{"href":"https:\/\/tveventos.tv.br\/index.php?rest_route=%2Fwp%2Fv2%2Fmedia&parent=1066"}],"wp:term":[{"taxonomy":"category","embeddable":true,"href":"https:\/\/tveventos.tv.br\/index.php?rest_route=%2Fwp%2Fv2%2Fcategories&post=1066"},{"taxonomy":"post_tag","embeddable":true,"href":"https:\/\/tveventos.tv.br\/index.php?rest_route=%2Fwp%2Fv2%2Ftags&post=1066"}],"curies":[{"name":"wp","href":"https:\/\/api.w.org\/{rel}","templated":true}]}}