{"id":1069,"date":"2024-03-20T17:41:02","date_gmt":"2024-03-20T20:41:02","guid":{"rendered":"https:\/\/tveventos.tv.br\/?p=1069"},"modified":"2024-03-20T17:43:11","modified_gmt":"2024-03-20T20:43:11","slug":"festival-abcr-2024-confira-as-masterclasses-confirmadas-nos-dias-29-e-30-de-junho","status":"publish","type":"post","link":"https:\/\/tveventos.tv.br\/?p=1069","title":{"rendered":"Festival ABCR 2024: confira as masterclasses confirmadas nos dias 29 e 30 de junho"},"content":{"rendered":"\n<p><em>Bernard Ross, especialista reconhecido internacionalmente em capta\u00e7\u00e3o de recursos e estrat\u00e9gia, \u00e9 um dos destaques desta edi\u00e7\u00e3o<\/em>.<\/p>\n\n\n\n<p>Programado para os dias 29 e 30 de junho, est\u00e3o abertas as inscri\u00e7\u00f5es para as&nbsp;masterclasses do Festival ABCR 2024, que oferecem a oportunidade de aprofundar os conhecimentos em capta\u00e7\u00e3o de recursos, por meio de&nbsp;sess\u00f5es intensivas e enriquecedoras&nbsp;e networking qualificado.&nbsp;Tradi\u00e7\u00e3o desde 2014, as masterclasses antecedem a abertura do Festival ABCR e s\u00e3o projetadas por grandes profissionais do Terceiro Setor que, nesta edi\u00e7\u00e3o, receber\u00e1 Bernard Ross, especialista reconhecido internacionalmente em capta\u00e7\u00e3o de recursos e estrat\u00e9gia, escritor e diretor da =mc consultancy.<\/p>\n\n\n\n<p>Realizado pela Associa\u00e7\u00e3o Brasileira de Captadores de Recursos (ABCR), a 16\u00aa edi\u00e7\u00e3o do Festival ABCR, considerada a maior confer\u00eancia de capta\u00e7\u00e3o de recursos da Am\u00e9rica Latina, vai acontecer nos dias 1 e 2 de julho, no Centro de Conven\u00e7\u00f5es Frei Caneca, em S\u00e3o Paulo (SP). \u201cPara a edi\u00e7\u00e3o deste ano, mantivemos alguns temas fundamentais e trouxemos outros novos, como intelig\u00eancia artificial, como estruturar uma \u00e1rea em sua organiza\u00e7\u00e3o e o papel do conselho na capta\u00e7\u00e3o. Vale destacar tamb\u00e9m a presen\u00e7a do Bernard Ross, refer\u00eancia internacional. 2024 tamb\u00e9m \u00e9 marcado pela expans\u00e3o: passamos de 6 para 10 masterclasses, trazendo ainda mais oportunidades de capacita\u00e7\u00e3o e desenvolvimento para o setor\u201d, afirma Fernando Nogueira, diretor-executivo da ABCR.&nbsp;<\/p>\n\n\n\n<p><strong>Confira os palestras confirmados<\/strong><\/p>\n\n\n\n<p>Nesta edi\u00e7\u00e3o, foram selecionadas 10 masterclasses, que ser\u00e3o ministradas nos dois dias do evento. No dia 29, as sess\u00f5es programadas s\u00e3o sobre&nbsp;<strong>Ferramentas de Planejamento de Capta\u00e7\u00e3o de Recursos,<\/strong>&nbsp;com Michel Freller e Roberto Lang;&nbsp;<strong>Marketing de Causas,<\/strong>&nbsp;com Marcus Nakagawa;&nbsp;<strong>ESG: O que Isso Tem a Ver com a Capta\u00e7\u00e3o com Empresas?<\/strong>, com Rachel Carneiro;&nbsp;<strong>Capta\u00e7\u00e3o para Projetos Incentivados<\/strong>, com Daniele Torres Cordeiro; e o&nbsp;<strong>Papel do Conselho na Capta\u00e7\u00e3o,<\/strong>&nbsp;com Ricardo Blay Levisky.&nbsp;<\/p>\n\n\n\n<p>J\u00e1 no dia 30, est\u00e3o programadas as sess\u00f5es sobre a&nbsp;<strong>Identifica\u00e7\u00e3o das Melhores Estrat\u00e9gias de Capta\u00e7\u00e3o entre 50<\/strong>, com Danilo Jungers, Marina Massagardi e Thiago Massagardi;&nbsp;<strong>Filantropia e Grandes Doadores,&nbsp;<\/strong>com Ana Flavia Godoi e Flavia Lang;&nbsp;<strong>Como Estruturar uma \u00c1rea de Capta\u00e7\u00e3o de Recursos,<\/strong>&nbsp;com Natasha Alexander e Danilo Tiisel;&nbsp;<strong>Intelig\u00eancia Artificial na Capta\u00e7\u00e3o de Recursos<\/strong>&nbsp;e&nbsp;<strong>Previsivelmente Irracional: A Neuroci\u00eancia da Capta\u00e7\u00e3o<\/strong>, ambas com Bernard Ross.<br><strong>Fa\u00e7a a sua inscri\u00e7\u00e3o<\/strong><\/p>\n\n\n\n<p>As vagas s\u00e3o limitadas e as inscri\u00e7\u00f5es variam entre 225 e 450 reais, dependendo da carga hor\u00e1ria (entre 03 e 06 horas). Para saber mais sobre as masterclasses ou realizar a inscri\u00e7\u00e3o clique&nbsp;<a href=\"https:\/\/festivalabcr.org.br\/masterclasses\/\" target=\"_blank\" rel=\"noreferrer noopener\">aqui<\/a>&nbsp;e garanta a sua vaga. Mais informa\u00e7\u00f5es em&nbsp;<a href=\"http:\/\/www.festivalabcr.org.br\/\" target=\"_blank\" rel=\"noreferrer noopener\">www.festivalabcr.org.br<\/a>.&nbsp;<\/p>\n\n\n\n<p><strong>Sobre o Festival ABCR<\/strong><\/p>\n\n\n\n<p>O Festival ABCR permanece sendo o principal espa\u00e7o de forma\u00e7\u00e3o, troca de experi\u00eancias e contatos do Terceiro Setor. \u00c9 tamb\u00e9m a maior fonte de receitas para a ABCR, que foi fundada em 1999 para atuar pela promo\u00e7\u00e3o da sustentabilidade do Terceiro Setor e pelo desenvolvimento da \u00e1rea de capta\u00e7\u00e3o de recursos das organiza\u00e7\u00f5es da sociedade civil.<\/p>\n","protected":false},"excerpt":{"rendered":"<p>Bernard Ross, especialista reconhecido internacionalmente em capta\u00e7\u00e3o de recursos e estrat\u00e9gia, \u00e9 um dos destaques desta edi\u00e7\u00e3o. Programado para os dias 29 e 30 de junho, est\u00e3o abertas as inscri\u00e7\u00f5es para as&nbsp;masterclasses do Festival ABCR 2024, que oferecem a oportunidade de aprofundar os conhecimentos em capta\u00e7\u00e3o de recursos, por meio de&nbsp;sess\u00f5es intensivas e enriquecedoras&nbsp;e networking [&hellip;]<\/p>\n","protected":false},"author":2,"featured_media":1070,"comment_status":"open","ping_status":"open","sticky":false,"template":"","format":"standard","meta":{"footnotes":""},"categories":[1],"tags":[],"class_list":{"0":"post-1069","1":"post","2":"type-post","3":"status-publish","4":"format-standard","5":"has-post-thumbnail","7":"category-workshopsepalestras"},"_links":{"self":[{"href":"https:\/\/tveventos.tv.br\/index.php?rest_route=\/wp\/v2\/posts\/1069","targetHints":{"allow":["GET"]}}],"collection":[{"href":"https:\/\/tveventos.tv.br\/index.php?rest_route=\/wp\/v2\/posts"}],"about":[{"href":"https:\/\/tveventos.tv.br\/index.php?rest_route=\/wp\/v2\/types\/post"}],"author":[{"embeddable":true,"href":"https:\/\/tveventos.tv.br\/index.php?rest_route=\/wp\/v2\/users\/2"}],"replies":[{"embeddable":true,"href":"https:\/\/tveventos.tv.br\/index.php?rest_route=%2Fwp%2Fv2%2Fcomments&post=1069"}],"version-history":[{"count":1,"href":"https:\/\/tveventos.tv.br\/index.php?rest_route=\/wp\/v2\/posts\/1069\/revisions"}],"predecessor-version":[{"id":1071,"href":"https:\/\/tveventos.tv.br\/index.php?rest_route=\/wp\/v2\/posts\/1069\/revisions\/1071"}],"wp:featuredmedia":[{"embeddable":true,"href":"https:\/\/tveventos.tv.br\/index.php?rest_route=\/wp\/v2\/media\/1070"}],"wp:attachment":[{"href":"https:\/\/tveventos.tv.br\/index.php?rest_route=%2Fwp%2Fv2%2Fmedia&parent=1069"}],"wp:term":[{"taxonomy":"category","embeddable":true,"href":"https:\/\/tveventos.tv.br\/index.php?rest_route=%2Fwp%2Fv2%2Fcategories&post=1069"},{"taxonomy":"post_tag","embeddable":true,"href":"https:\/\/tveventos.tv.br\/index.php?rest_route=%2Fwp%2Fv2%2Ftags&post=1069"}],"curies":[{"name":"wp","href":"https:\/\/api.w.org\/{rel}","templated":true}]}}