{"id":1077,"date":"2024-03-21T14:09:22","date_gmt":"2024-03-21T17:09:22","guid":{"rendered":"https:\/\/tveventos.tv.br\/?p=1077"},"modified":"2024-03-21T14:10:30","modified_gmt":"2024-03-21T17:10:30","slug":"credenciamento-de-imprensa-vtex-day-2024","status":"publish","type":"post","link":"https:\/\/tveventos.tv.br\/?p=1077","title":{"rendered":"Credenciamento de Imprensa &#8211; VTEX DAY 2024"},"content":{"rendered":"\n<p class=\"has-text-align-center\">O evento est\u00e1 marcado para os dias 11 e 12 de abril, em S\u00e3o Paulo.<\/p>\n\n\n\n<p>O <a href=\"https:\/\/www.vtexday.com\/\">VTEX DAY 2024<\/a>, &nbsp;um dos maiores eventos de digital commerce do mundo, marcado para os dias 11 e 12 de abril, em S\u00e3o Paulo, est\u00e1 com o credenciamento de imprensa aberto.<\/p>\n\n\n\n<p>Os profissionais de imprensa dever\u00e3o se credenciar atrav\u00e9s do site: <a href=\"https:\/\/eventos.tmp.br\/vtex2024\/imprensa\/inicio.php\">https:\/\/eventos.tmp.br\/vtex2024\/imprensa\/inicio.php<\/a>.&nbsp; As credenciais ser\u00e3o enviadas por e-mail.<\/p>\n\n\n\n<p>A edi\u00e7\u00e3o de 2024 mais uma vez reunir\u00e1 as mais importantes personalidades do varejo e da ind\u00fastria do com\u00e9rcio eletr\u00f4nico do Brasil e do mundo \u2013 com o objetivo de guiar o mercado para o futuro de forma eficiente, pragm\u00e1tica e imersiva. Os participantes poder\u00e3o conferir apresenta\u00e7\u00f5es de solu\u00e7\u00f5es e novidades, trocar conhecimento, debater tend\u00eancias de mercado, ativa\u00e7\u00f5es, experi\u00eancias, e sobretudo, fazer networking.&nbsp;&nbsp;<\/p>\n\n\n\n<p>Para mais informa\u00e7\u00f5es e para acompanhar as novidades do VTEX DAY 2024, acesse <a href=\"http:\/\/www.vtexday.com\/\">www.vtexday.com<\/a>&nbsp; e siga as redes sociais do evento.<\/p>\n\n\n\n<p>Servi\u00e7o:<\/p>\n\n\n\n<p>VTEX DAY 2024<br>Dias: 11 e 12 de abril<br>Local: S\u00e3o Paulo Expo (Rodovia dos Imigrantes, Km 1,5 \u2013 Jabaquara &#8211; S\u00e3o Paulo)<br>Mais informa\u00e7\u00f5es: <a href=\"http:\/\/www.vtexday.com\/\">www.vtexday.com<\/a><\/p>\n\n\n\n<p>Assessoria de Imprensa &#8211; Grupo Trama Reputale:<\/p>\n\n\n\n<p>E-mail: imprensavtexday@tramaweb.com.br&nbsp;&nbsp;<\/p>\n\n\n\n<p>Lizandra Cardelino: (11) 98225-2278\/ lizandra@tramaweb.com.br<\/p>\n\n\n\n<p>Luana B\u00e1rbara: (11) 93208-4222\/ luana@tramaweb.com.br<\/p>\n\n\n\n<h3 class=\"wp-block-heading\">Sobre o VTEX DAY:<\/h3>\n\n\n\n<p>O VTEX DAY \u00e9 um dos maiores eventos de <em>digital commerce<\/em> do mundo. Realizado h\u00e1 14 anos, tem extrema import\u00e2ncia para todo o ecossistema de com\u00e9rcio digital, pois re\u00fane clientes, fornecedores e influenciadores \u2014 os mais importantes nomes do varejo \u2014 para apresentar suas solu\u00e7\u00f5es e novidades, trocar conhecimento, debater tend\u00eancias, fortalecer o networking e adquirir insights, com os quais \u00e9 poss\u00edvel aprimorar os neg\u00f3cios. Em 2023, o VTEX DAY teve a AWS como patrocinadora principal na categoria Pink Diamond e as empresas Adyen, Magalu e PayPal, como patrocinadoras Ruby. Em 2024, o evento vai acontecer nos dias 11 e 12 de abril no S\u00e3o Paulo Expo. Confira mais informa\u00e7\u00f5es em nosso <a href=\"http:\/\/www.vtexday.com.br\/\">site<\/a>.<\/p>\n\n\n\n<h3 class=\"wp-block-heading\">Sobre a VTEX:<\/h3>\n\n\n\n<p>A VTEX (NYSE: VTEX) \u00e9 a plataforma global de com\u00e9rcio digital onde CEOs e CIOs vision\u00e1rios encontram efici\u00eancia para suas vendas digitais. Nossa plataforma composable e completa ajuda marcas e varejistas a modernizar seu stack e potencializar resultados operacionais ao migrar de sistemas legados, conectando toda sua cadeia de valor e otimizando processos de estoque e log\u00edstica com canais de vendas conectados.<\/p>\n\n\n\n<p>Como l\u00edder em plataformas de com\u00e9rcio digital, a VTEX tem a confian\u00e7a de mais de 2.600 clientes B2C e B2B, entre eles Carrefour, Colgate, Motorola, Sony, Stanley Black &amp; Decker e Whirlpool, tendo mais de 3.400 lojas online ativas em 38 pa\u00edses (dados do ano fiscal terminado em 31\/12\/2022). Para mais informa\u00e7\u00f5es, visite <a href=\"https:\/\/www.vtex.com.\/\">www.vtex.com.<\/a><\/p>\n","protected":false},"excerpt":{"rendered":"<p>O evento est\u00e1 marcado para os dias 11 e 12 de abril, em S\u00e3o Paulo. O VTEX DAY 2024, &nbsp;um dos maiores eventos de digital commerce do mundo, marcado para os dias 11 e 12 de abril, em S\u00e3o Paulo, est\u00e1 com o credenciamento de imprensa aberto. Os profissionais de imprensa dever\u00e3o se credenciar atrav\u00e9s [&hellip;]<\/p>\n","protected":false},"author":2,"featured_media":1078,"comment_status":"open","ping_status":"open","sticky":false,"template":"","format":"standard","meta":{"footnotes":""},"categories":[1],"tags":[],"class_list":{"0":"post-1077","1":"post","2":"type-post","3":"status-publish","4":"format-standard","5":"has-post-thumbnail","7":"category-workshopsepalestras"},"_links":{"self":[{"href":"https:\/\/tveventos.tv.br\/index.php?rest_route=\/wp\/v2\/posts\/1077","targetHints":{"allow":["GET"]}}],"collection":[{"href":"https:\/\/tveventos.tv.br\/index.php?rest_route=\/wp\/v2\/posts"}],"about":[{"href":"https:\/\/tveventos.tv.br\/index.php?rest_route=\/wp\/v2\/types\/post"}],"author":[{"embeddable":true,"href":"https:\/\/tveventos.tv.br\/index.php?rest_route=\/wp\/v2\/users\/2"}],"replies":[{"embeddable":true,"href":"https:\/\/tveventos.tv.br\/index.php?rest_route=%2Fwp%2Fv2%2Fcomments&post=1077"}],"version-history":[{"count":2,"href":"https:\/\/tveventos.tv.br\/index.php?rest_route=\/wp\/v2\/posts\/1077\/revisions"}],"predecessor-version":[{"id":1080,"href":"https:\/\/tveventos.tv.br\/index.php?rest_route=\/wp\/v2\/posts\/1077\/revisions\/1080"}],"wp:featuredmedia":[{"embeddable":true,"href":"https:\/\/tveventos.tv.br\/index.php?rest_route=\/wp\/v2\/media\/1078"}],"wp:attachment":[{"href":"https:\/\/tveventos.tv.br\/index.php?rest_route=%2Fwp%2Fv2%2Fmedia&parent=1077"}],"wp:term":[{"taxonomy":"category","embeddable":true,"href":"https:\/\/tveventos.tv.br\/index.php?rest_route=%2Fwp%2Fv2%2Fcategories&post=1077"},{"taxonomy":"post_tag","embeddable":true,"href":"https:\/\/tveventos.tv.br\/index.php?rest_route=%2Fwp%2Fv2%2Ftags&post=1077"}],"curies":[{"name":"wp","href":"https:\/\/api.w.org\/{rel}","templated":true}]}}