{"id":1081,"date":"2024-03-21T16:16:23","date_gmt":"2024-03-21T19:16:23","guid":{"rendered":"https:\/\/tveventos.tv.br\/?p=1081"},"modified":"2024-03-21T16:16:27","modified_gmt":"2024-03-21T19:16:27","slug":"evento-da-aws-em-sao-paulo-discute-a-inovacao-no-setor-publico","status":"publish","type":"post","link":"https:\/\/tveventos.tv.br\/?p=1081","title":{"rendered":"Evento da AWS em S\u00e3o Paulo discute a inova\u00e7\u00e3o no setor p\u00fablico"},"content":{"rendered":"\n<p><em>Organiza\u00e7\u00f5es como o Hospital S\u00edrio-Liban\u00eas, FGV e Tribunal Regional do Trabalho da 17<sup>a<\/sup> Regi\u00e3o ir\u00e3o compartilhar suas experi\u00eancias com o uso de nuvem, dados e IA generativa no Public Sector Day. As inscri\u00e7\u00f5es s\u00e3o gratuitas.<\/em><\/p>\n\n\n\n<p><em>Na pr\u00f3xima ter\u00e7a-feira, 26\/03, a Amazon Web Services (AWS) realizar\u00e1 o Public Sector Day em S\u00e3o Paulo, evento gratuito que discutir\u00e1 o uso da Intelig\u00eancia Artificial Generativa, dados e nuvem no setor p\u00fablico.<\/em><\/p>\n\n\n\n<p><em>O AWS Public Sector Day oferece uma oportunidade para l\u00edderes de TI dos setores educacionais, governamentais, de sa\u00fade, utilidades e sem fins lucrativos aprofundarem seus conhecimentos e aprenderem novas estrat\u00e9gias para modernizar a infraestrutura e oferecer servi\u00e7os digitais inovadores. Conversas com especialistas em seguran\u00e7a na nuvem, intelig\u00eancia artificial, dados e otimiza\u00e7\u00e3o de custos s\u00e3o as principais atividades da programa\u00e7\u00e3o.<\/em><\/p>\n\n\n\n<p><em>O evento foi projetado para que o participante possa descobrir novos recursos de nuvem e otimizar despesas a partir de casos de sucesso, vis\u00e3o de especialistas, parceiros de neg\u00f3cios e muito mais. Entre os clientes que ir\u00e3o compartilhar suas hist\u00f3rias est\u00e3o o Hospital S\u00edrio-Liban\u00eas, o HC da Unicamp, a Funda\u00e7\u00e3o Get\u00falio Vargas (FGV) e o Tribunal Regional do Trabalho da 17<\/em><em><sup>a<\/sup><\/em><em> Regi\u00e3o (TRT 17).<\/em><\/p>\n\n\n\n<p><em>Ser\u00e3o mais de 15 sess\u00f5es tem\u00e1ticas, divididas em duas vertentes: t\u00e9cnica e de neg\u00f3cios.<\/em><\/p>\n\n\n\n<p><em>Consulte mais informa\u00e7\u00f5es e inscreva-se gratuitamente neste <\/em><a href=\"https:\/\/s2403.imxsnd03.com\/link.php?code=bDpodHRwcyUzQSUyRiUyRnBhZ2VzLmF3c2Nsb3VkLmNvbSUyRkxBVEFNLWZpZWxkLVQyLXBzLWRheS1zYW8tcGF1bG8tMjAyNC1yZWctZXZlbnQuaHRtbDozOTMxODM5ODc4OnJlZGFjYW90dmV2ZW50b3NAZ21haWwuY29tOmY4OTJiNjo3Mw==\"><em>link<\/em><\/a><em>.<\/em><\/p>\n\n\n\n<p><strong><em>O evento:&nbsp;<\/em><\/strong><\/p>\n\n\n\n<p><strong><em>Data: <\/em><\/strong><em>Ter\u00e7a-feira, 26 de mar\u00e7o<\/em><\/p>\n\n\n\n<p><strong><em>Hora<\/em><\/strong><em>: das 8h \u00e0s 19h<\/em><\/p>\n\n\n\n<p><strong><em>Local: <\/em><\/strong><em>Hotel Tivoli Mofarrej | Alameda Santos, 1437 &#8211; Cerqueira C\u00e9sar, S\u00e3o Paulo &#8211; SP.<\/em><\/p>\n","protected":false},"excerpt":{"rendered":"<p>Organiza\u00e7\u00f5es como o Hospital S\u00edrio-Liban\u00eas, FGV e Tribunal Regional do Trabalho da 17a Regi\u00e3o ir\u00e3o compartilhar suas experi\u00eancias com o uso de nuvem, dados e IA generativa no Public Sector Day. As inscri\u00e7\u00f5es s\u00e3o gratuitas. Na pr\u00f3xima ter\u00e7a-feira, 26\/03, a Amazon Web Services (AWS) realizar\u00e1 o Public Sector Day em S\u00e3o Paulo, evento gratuito que [&hellip;]<\/p>\n","protected":false},"author":2,"featured_media":1082,"comment_status":"open","ping_status":"open","sticky":false,"template":"","format":"standard","meta":{"footnotes":""},"categories":[1],"tags":[],"class_list":{"0":"post-1081","1":"post","2":"type-post","3":"status-publish","4":"format-standard","5":"has-post-thumbnail","7":"category-workshopsepalestras"},"_links":{"self":[{"href":"https:\/\/tveventos.tv.br\/index.php?rest_route=\/wp\/v2\/posts\/1081","targetHints":{"allow":["GET"]}}],"collection":[{"href":"https:\/\/tveventos.tv.br\/index.php?rest_route=\/wp\/v2\/posts"}],"about":[{"href":"https:\/\/tveventos.tv.br\/index.php?rest_route=\/wp\/v2\/types\/post"}],"author":[{"embeddable":true,"href":"https:\/\/tveventos.tv.br\/index.php?rest_route=\/wp\/v2\/users\/2"}],"replies":[{"embeddable":true,"href":"https:\/\/tveventos.tv.br\/index.php?rest_route=%2Fwp%2Fv2%2Fcomments&post=1081"}],"version-history":[{"count":1,"href":"https:\/\/tveventos.tv.br\/index.php?rest_route=\/wp\/v2\/posts\/1081\/revisions"}],"predecessor-version":[{"id":1083,"href":"https:\/\/tveventos.tv.br\/index.php?rest_route=\/wp\/v2\/posts\/1081\/revisions\/1083"}],"wp:featuredmedia":[{"embeddable":true,"href":"https:\/\/tveventos.tv.br\/index.php?rest_route=\/wp\/v2\/media\/1082"}],"wp:attachment":[{"href":"https:\/\/tveventos.tv.br\/index.php?rest_route=%2Fwp%2Fv2%2Fmedia&parent=1081"}],"wp:term":[{"taxonomy":"category","embeddable":true,"href":"https:\/\/tveventos.tv.br\/index.php?rest_route=%2Fwp%2Fv2%2Fcategories&post=1081"},{"taxonomy":"post_tag","embeddable":true,"href":"https:\/\/tveventos.tv.br\/index.php?rest_route=%2Fwp%2Fv2%2Ftags&post=1081"}],"curies":[{"name":"wp","href":"https:\/\/api.w.org\/{rel}","templated":true}]}}