{"id":1094,"date":"2024-03-25T14:37:05","date_gmt":"2024-03-25T17:37:05","guid":{"rendered":"https:\/\/tveventos.tv.br\/?p=1094"},"modified":"2024-03-25T14:37:08","modified_gmt":"2024-03-25T17:37:08","slug":"feira-internacional-de-negocios-chega-ao-brasil-com-apresentacoes-culturais-e-multissensoriais","status":"publish","type":"post","link":"https:\/\/tveventos.tv.br\/?p=1094","title":{"rendered":"Feira Internacional de Neg\u00f3cios chega ao Brasil com apresenta\u00e7\u00f5es culturais e multissensoriais"},"content":{"rendered":"\n<p><em>Apresenta\u00e7\u00f5es musicais e live paiting est\u00e3o inclu\u00eddos na programa\u00e7\u00e3o<\/em><\/p>\n\n\n\n<p>Nos dias 3 e 4 de abril, o Centrosul, em Florian\u00f3polis (SC), recebe uma das maiores feiras de neg\u00f3cios do mundo. Conhecido como Feira Internacional de Neg\u00f3cios (FIN), o evento re\u00fane palestras, mentorias de internacionaliza\u00e7\u00e3o e apresenta\u00e7\u00f5es culturais na capital santa catarinense.<\/p>\n\n\n\n<p>Em sua terceira edi\u00e7\u00e3o, o evento contar\u00e1 com 219 expositores, sendo 50 deles de outros pa\u00edses, com 42 nacionalidades presentes. Nos estandes, haver\u00e1 uma gama consider\u00e1vel de setores de atua\u00e7\u00e3o, a exemplo de agroneg\u00f3cio, constru\u00e7\u00e3o civil, educa\u00e7\u00e3o, energias, log\u00edstica, smart cities, sa\u00fade, tecnologia, t\u00eaxtil e turismo.<\/p>\n\n\n\n<p>Para al\u00e9m de oferecer um ambiente ideal para neg\u00f3cios, networking e exposi\u00e7\u00e3o de produtos, a FIN tamb\u00e9m contar\u00e1 com um acervo cultural de destaque. A presen\u00e7a de rendeiras est\u00e1 confirmada nas duas datas da feira. As artes\u00e3s, que dominam a t\u00e9cnica secular de produ\u00e7\u00e3o de renda, s\u00e3o importantes presen\u00e7as por representarem uma das express\u00f5es mais marcantes da cultura catarinense. As profissionais preservam e perpetuam uma tradi\u00e7\u00e3o que remonta aos tempos coloniais, quando a renda era uma importante fonte de sustento para muitas fam\u00edlias. A presen\u00e7a da rendeira Nerivalda, uma das mais antigas da regi\u00e3o, tamb\u00e9m \u00e9 um dos <em>highlights<\/em> do evento.<\/p>\n\n\n\n<p>Al\u00e9m disso, a programa\u00e7\u00e3o trar\u00e1 apresenta\u00e7\u00f5es musicais de voz e viol\u00e3o e de can\u00e7\u00f5es famosas de diversos locais. O hino de Florian\u00f3polis integrar\u00e1 algumas das performances, como homenagem \u00e0 regi\u00e3o onde o evento acontecer\u00e1. Ainda no meio art\u00edstico, a presen\u00e7a de Daisy Am\u00e9rico ganha relev\u00e2ncia por sua apresenta\u00e7\u00e3o de pintura ao vivo no evento.<\/p>\n\n\n\n<p><strong>Servi\u00e7o<\/strong><\/p>\n\n\n\n<p>FIN BRASIL 2024<br>Data: 03 e 04 de Abril.<br>Local: Centro Sul \u2013 Florian\u00f3polis &#8211; SC<br>Mais informa\u00e7\u00f5es: <a href=\"https:\/\/finbrasil.com.br\/pt\">https:\/\/finbrasil.com.br\/pt<\/a><\/p>\n","protected":false},"excerpt":{"rendered":"<p>Apresenta\u00e7\u00f5es musicais e live paiting est\u00e3o inclu\u00eddos na programa\u00e7\u00e3o Nos dias 3 e 4 de abril, o Centrosul, em Florian\u00f3polis (SC), recebe uma das maiores feiras de neg\u00f3cios do mundo. Conhecido como Feira Internacional de Neg\u00f3cios (FIN), o evento re\u00fane palestras, mentorias de internacionaliza\u00e7\u00e3o e apresenta\u00e7\u00f5es culturais na capital santa catarinense. Em sua terceira edi\u00e7\u00e3o, [&hellip;]<\/p>\n","protected":false},"author":2,"featured_media":1095,"comment_status":"open","ping_status":"open","sticky":false,"template":"","format":"standard","meta":{"footnotes":""},"categories":[1],"tags":[],"class_list":{"0":"post-1094","1":"post","2":"type-post","3":"status-publish","4":"format-standard","5":"has-post-thumbnail","7":"category-workshopsepalestras"},"_links":{"self":[{"href":"https:\/\/tveventos.tv.br\/index.php?rest_route=\/wp\/v2\/posts\/1094","targetHints":{"allow":["GET"]}}],"collection":[{"href":"https:\/\/tveventos.tv.br\/index.php?rest_route=\/wp\/v2\/posts"}],"about":[{"href":"https:\/\/tveventos.tv.br\/index.php?rest_route=\/wp\/v2\/types\/post"}],"author":[{"embeddable":true,"href":"https:\/\/tveventos.tv.br\/index.php?rest_route=\/wp\/v2\/users\/2"}],"replies":[{"embeddable":true,"href":"https:\/\/tveventos.tv.br\/index.php?rest_route=%2Fwp%2Fv2%2Fcomments&post=1094"}],"version-history":[{"count":1,"href":"https:\/\/tveventos.tv.br\/index.php?rest_route=\/wp\/v2\/posts\/1094\/revisions"}],"predecessor-version":[{"id":1096,"href":"https:\/\/tveventos.tv.br\/index.php?rest_route=\/wp\/v2\/posts\/1094\/revisions\/1096"}],"wp:featuredmedia":[{"embeddable":true,"href":"https:\/\/tveventos.tv.br\/index.php?rest_route=\/wp\/v2\/media\/1095"}],"wp:attachment":[{"href":"https:\/\/tveventos.tv.br\/index.php?rest_route=%2Fwp%2Fv2%2Fmedia&parent=1094"}],"wp:term":[{"taxonomy":"category","embeddable":true,"href":"https:\/\/tveventos.tv.br\/index.php?rest_route=%2Fwp%2Fv2%2Fcategories&post=1094"},{"taxonomy":"post_tag","embeddable":true,"href":"https:\/\/tveventos.tv.br\/index.php?rest_route=%2Fwp%2Fv2%2Ftags&post=1094"}],"curies":[{"name":"wp","href":"https:\/\/api.w.org\/{rel}","templated":true}]}}