{"id":1101,"date":"2024-03-26T15:18:39","date_gmt":"2024-03-26T18:18:39","guid":{"rendered":"https:\/\/tveventos.tv.br\/?p=1101"},"modified":"2024-03-26T15:18:43","modified_gmt":"2024-03-26T18:18:43","slug":"geduc","status":"publish","type":"post","link":"https:\/\/tveventos.tv.br\/?p=1101","title":{"rendered":"GEduc"},"content":{"rendered":"\n<p>O evento \u00e9 promovido pela HUMUS, empresa que realiza capacita\u00e7\u00f5es para gestores de universidades e escolas, al\u00e9m de possuir solu\u00e7\u00f5es em consultoria e sele\u00e7\u00e3o de profissionais \u2013 servi\u00e7os tamb\u00e9m exclusivos para o segmento educacional.<\/p>\n\n\n\n<p>Com palestrantes de renome, o GEduc \u00e9 um evento fundamental para os gestores educacionais brasileiros.<\/p>\n\n\n\n<p>Junte-se a n\u00f3s, nos dias 03 a 05 de Abril das 11h30 \u00e0s 14h e no dia 05 de abril, das 11h30 \u00e0s 17h30 no prestigiado Centro de Conven\u00e7\u00f5es Rebou\u00e7as.<\/p>\n\n\n\n<p>Endere\u00e7o: Av. Dr. En\u00e9as de Carvalho Aguiar, 23.<\/p>\n","protected":false},"excerpt":{"rendered":"<p>O evento \u00e9 promovido pela HUMUS, empresa que realiza capacita\u00e7\u00f5es para gestores de universidades e escolas, al\u00e9m de possuir solu\u00e7\u00f5es em consultoria e sele\u00e7\u00e3o de profissionais \u2013 servi\u00e7os tamb\u00e9m exclusivos para o segmento educacional. Com palestrantes de renome, o GEduc \u00e9 um evento fundamental para os gestores educacionais brasileiros. Junte-se a n\u00f3s, nos dias 03 [&hellip;]<\/p>\n","protected":false},"author":2,"featured_media":1102,"comment_status":"open","ping_status":"open","sticky":false,"template":"","format":"standard","meta":{"footnotes":""},"categories":[25],"tags":[],"class_list":{"0":"post-1101","1":"post","2":"type-post","3":"status-publish","4":"format-standard","5":"has-post-thumbnail","7":"category-calendariodeeventos"},"_links":{"self":[{"href":"https:\/\/tveventos.tv.br\/index.php?rest_route=\/wp\/v2\/posts\/1101","targetHints":{"allow":["GET"]}}],"collection":[{"href":"https:\/\/tveventos.tv.br\/index.php?rest_route=\/wp\/v2\/posts"}],"about":[{"href":"https:\/\/tveventos.tv.br\/index.php?rest_route=\/wp\/v2\/types\/post"}],"author":[{"embeddable":true,"href":"https:\/\/tveventos.tv.br\/index.php?rest_route=\/wp\/v2\/users\/2"}],"replies":[{"embeddable":true,"href":"https:\/\/tveventos.tv.br\/index.php?rest_route=%2Fwp%2Fv2%2Fcomments&post=1101"}],"version-history":[{"count":1,"href":"https:\/\/tveventos.tv.br\/index.php?rest_route=\/wp\/v2\/posts\/1101\/revisions"}],"predecessor-version":[{"id":1103,"href":"https:\/\/tveventos.tv.br\/index.php?rest_route=\/wp\/v2\/posts\/1101\/revisions\/1103"}],"wp:featuredmedia":[{"embeddable":true,"href":"https:\/\/tveventos.tv.br\/index.php?rest_route=\/wp\/v2\/media\/1102"}],"wp:attachment":[{"href":"https:\/\/tveventos.tv.br\/index.php?rest_route=%2Fwp%2Fv2%2Fmedia&parent=1101"}],"wp:term":[{"taxonomy":"category","embeddable":true,"href":"https:\/\/tveventos.tv.br\/index.php?rest_route=%2Fwp%2Fv2%2Fcategories&post=1101"},{"taxonomy":"post_tag","embeddable":true,"href":"https:\/\/tveventos.tv.br\/index.php?rest_route=%2Fwp%2Fv2%2Ftags&post=1101"}],"curies":[{"name":"wp","href":"https:\/\/api.w.org\/{rel}","templated":true}]}}