{"id":1104,"date":"2024-03-26T15:38:16","date_gmt":"2024-03-26T18:38:16","guid":{"rendered":"https:\/\/tveventos.tv.br\/?p=1104"},"modified":"2024-03-26T15:38:19","modified_gmt":"2024-03-26T18:38:19","slug":"arnold-south-america","status":"publish","type":"post","link":"https:\/\/tveventos.tv.br\/?p=1104","title":{"rendered":"ARNOLD SOUTH AMERICA\u00a0"},"content":{"rendered":"\n<p>O ARNOLD SOUTH AMERICA \u00e9 o maior evento multiesportivo da Am\u00e9rica do Sul e o maior ponto de encontro dos setores de nutri\u00e7\u00e3o, fitness, esportes e sa\u00fade.<\/p>\n\n\n\n<p>Junte-se a n\u00f3s, nos dias 05 a 07 de Abril das 13h \u00e0s 20h, no prestigiado\u00a0 Expo Center Norte.<\/p>\n\n\n\n<p>Endere\u00e7o: Rua Jos\u00e9 Bernardo Pinto, 333 \u2013 Vila Guilherme, S\u00e3o Paulo \u2013 SP, 02055-000.<\/p>\n\n\n\n<p><\/p>\n","protected":false},"excerpt":{"rendered":"<p>O ARNOLD SOUTH AMERICA \u00e9 o maior evento multiesportivo da Am\u00e9rica do Sul e o maior ponto de encontro dos setores de nutri\u00e7\u00e3o, fitness, esportes e sa\u00fade. Junte-se a n\u00f3s, nos dias 05 a 07 de Abril das 13h \u00e0s 20h, no prestigiado\u00a0 Expo Center Norte. Endere\u00e7o: Rua Jos\u00e9 Bernardo Pinto, 333 \u2013 Vila Guilherme, [&hellip;]<\/p>\n","protected":false},"author":2,"featured_media":1107,"comment_status":"open","ping_status":"open","sticky":false,"template":"","format":"standard","meta":{"footnotes":""},"categories":[25],"tags":[],"class_list":{"0":"post-1104","1":"post","2":"type-post","3":"status-publish","4":"format-standard","5":"has-post-thumbnail","7":"category-calendariodeeventos"},"_links":{"self":[{"href":"https:\/\/tveventos.tv.br\/index.php?rest_route=\/wp\/v2\/posts\/1104","targetHints":{"allow":["GET"]}}],"collection":[{"href":"https:\/\/tveventos.tv.br\/index.php?rest_route=\/wp\/v2\/posts"}],"about":[{"href":"https:\/\/tveventos.tv.br\/index.php?rest_route=\/wp\/v2\/types\/post"}],"author":[{"embeddable":true,"href":"https:\/\/tveventos.tv.br\/index.php?rest_route=\/wp\/v2\/users\/2"}],"replies":[{"embeddable":true,"href":"https:\/\/tveventos.tv.br\/index.php?rest_route=%2Fwp%2Fv2%2Fcomments&post=1104"}],"version-history":[{"count":1,"href":"https:\/\/tveventos.tv.br\/index.php?rest_route=\/wp\/v2\/posts\/1104\/revisions"}],"predecessor-version":[{"id":1108,"href":"https:\/\/tveventos.tv.br\/index.php?rest_route=\/wp\/v2\/posts\/1104\/revisions\/1108"}],"wp:featuredmedia":[{"embeddable":true,"href":"https:\/\/tveventos.tv.br\/index.php?rest_route=\/wp\/v2\/media\/1107"}],"wp:attachment":[{"href":"https:\/\/tveventos.tv.br\/index.php?rest_route=%2Fwp%2Fv2%2Fmedia&parent=1104"}],"wp:term":[{"taxonomy":"category","embeddable":true,"href":"https:\/\/tveventos.tv.br\/index.php?rest_route=%2Fwp%2Fv2%2Fcategories&post=1104"},{"taxonomy":"post_tag","embeddable":true,"href":"https:\/\/tveventos.tv.br\/index.php?rest_route=%2Fwp%2Fv2%2Ftags&post=1104"}],"curies":[{"name":"wp","href":"https:\/\/api.w.org\/{rel}","templated":true}]}}