{"id":1109,"date":"2024-03-26T15:41:39","date_gmt":"2024-03-26T18:41:39","guid":{"rendered":"https:\/\/tveventos.tv.br\/?p=1109"},"modified":"2024-03-26T15:41:42","modified_gmt":"2024-03-26T18:41:42","slug":"autocom-2024","status":"publish","type":"post","link":"https:\/\/tveventos.tv.br\/?p=1109","title":{"rendered":"AUTOCOM 2024"},"content":{"rendered":"\n<p>A AUTOCOM \u00e9 o palco de lan\u00e7amentos em tecnologia para Automa\u00e7\u00e3o do Com\u00e9rcio, onde os expositores apresentam ao p\u00fablico visitante altamente qualificado suas solu\u00e7\u00f5es e novidades. Seja no desenvolvimento de novos softwares, hardwares, ou mesmo solu\u00e7\u00f5es integradas e espec\u00edficas para cada novo formato de automa\u00e7\u00e3o para o com\u00e9rcio e varejo.<\/p>\n\n\n\n<p>Junte-se a n\u00f3s, nos dias 09 a 11 de Abril das 10h \u00e0s 18h, no prestigiado&nbsp; Expo Center Norte.<\/p>\n\n\n\n<p>Endere\u00e7o: Rua Jos\u00e9 Bernardo Pinto, 333 \u2013 Vila Guilherme, S\u00e3o Paulo \u2013 SP, 02055-000.<\/p>\n\n\n\n<p><\/p>\n","protected":false},"excerpt":{"rendered":"<p>A AUTOCOM \u00e9 o palco de lan\u00e7amentos em tecnologia para Automa\u00e7\u00e3o do Com\u00e9rcio, onde os expositores apresentam ao p\u00fablico visitante altamente qualificado suas solu\u00e7\u00f5es e novidades. Seja no desenvolvimento de novos softwares, hardwares, ou mesmo solu\u00e7\u00f5es integradas e espec\u00edficas para cada novo formato de automa\u00e7\u00e3o para o com\u00e9rcio e varejo. Junte-se a n\u00f3s, nos dias [&hellip;]<\/p>\n","protected":false},"author":2,"featured_media":1110,"comment_status":"open","ping_status":"open","sticky":false,"template":"","format":"standard","meta":{"footnotes":""},"categories":[25],"tags":[],"class_list":{"0":"post-1109","1":"post","2":"type-post","3":"status-publish","4":"format-standard","5":"has-post-thumbnail","7":"category-calendariodeeventos"},"_links":{"self":[{"href":"https:\/\/tveventos.tv.br\/index.php?rest_route=\/wp\/v2\/posts\/1109","targetHints":{"allow":["GET"]}}],"collection":[{"href":"https:\/\/tveventos.tv.br\/index.php?rest_route=\/wp\/v2\/posts"}],"about":[{"href":"https:\/\/tveventos.tv.br\/index.php?rest_route=\/wp\/v2\/types\/post"}],"author":[{"embeddable":true,"href":"https:\/\/tveventos.tv.br\/index.php?rest_route=\/wp\/v2\/users\/2"}],"replies":[{"embeddable":true,"href":"https:\/\/tveventos.tv.br\/index.php?rest_route=%2Fwp%2Fv2%2Fcomments&post=1109"}],"version-history":[{"count":1,"href":"https:\/\/tveventos.tv.br\/index.php?rest_route=\/wp\/v2\/posts\/1109\/revisions"}],"predecessor-version":[{"id":1111,"href":"https:\/\/tveventos.tv.br\/index.php?rest_route=\/wp\/v2\/posts\/1109\/revisions\/1111"}],"wp:featuredmedia":[{"embeddable":true,"href":"https:\/\/tveventos.tv.br\/index.php?rest_route=\/wp\/v2\/media\/1110"}],"wp:attachment":[{"href":"https:\/\/tveventos.tv.br\/index.php?rest_route=%2Fwp%2Fv2%2Fmedia&parent=1109"}],"wp:term":[{"taxonomy":"category","embeddable":true,"href":"https:\/\/tveventos.tv.br\/index.php?rest_route=%2Fwp%2Fv2%2Fcategories&post=1109"},{"taxonomy":"post_tag","embeddable":true,"href":"https:\/\/tveventos.tv.br\/index.php?rest_route=%2Fwp%2Fv2%2Ftags&post=1109"}],"curies":[{"name":"wp","href":"https:\/\/api.w.org\/{rel}","templated":true}]}}