{"id":1112,"date":"2024-03-26T15:54:02","date_gmt":"2024-03-26T18:54:02","guid":{"rendered":"https:\/\/tveventos.tv.br\/?p=1112"},"modified":"2024-03-26T16:04:33","modified_gmt":"2024-03-26T19:04:33","slug":"anuga-select-brazil","status":"publish","type":"post","link":"https:\/\/tveventos.tv.br\/?p=1112","title":{"rendered":"Anuga Select Brazil"},"content":{"rendered":"\n<h4 class=\"wp-block-heading\">Anuga Select Brazil \u00e9 a maior feira de alimentos e bebidas das Am\u00e9ricas! Abertura e transpar\u00eancia, confian\u00e7a e parceria, tend\u00eancias e&nbsp; transforma\u00e7\u00e3o: no caminho para um sistema alimentar sustent\u00e1vel e justo, a ind\u00fastria global de alimentos est\u00e1 passando por mudan\u00e7as din\u00e2micas. Como principal feira de alimentos e bebidas do mundo, a Anuga est\u00e1 reunindo a maior comunidade nacional e internacional da ind\u00fastria, gerando um esp\u00edrito positivo de otimismo.<\/h4>\n\n\n\n<p>Junte-se a n\u00f3s, nos dias 09 a 11 de Abril das 10h \u00e0s 19h, no prestigiado Distrito Anhembi.<\/p>\n\n\n\n<p>Endere\u00e7o: Avenida Olavo Fontoura, N 1.209-Santana. S\u00e3o Paulo-SP 02021-021.<\/p>\n","protected":false},"excerpt":{"rendered":"<p>Anuga Select Brazil \u00e9 a maior feira de alimentos e bebidas das Am\u00e9ricas! Abertura e transpar\u00eancia, confian\u00e7a e parceria, tend\u00eancias e&nbsp; transforma\u00e7\u00e3o: no caminho para um sistema alimentar sustent\u00e1vel e justo, a ind\u00fastria global de alimentos est\u00e1 passando por mudan\u00e7as din\u00e2micas. Como principal feira de alimentos e bebidas do mundo, a Anuga est\u00e1 reunindo a [&hellip;]<\/p>\n","protected":false},"author":2,"featured_media":1113,"comment_status":"open","ping_status":"open","sticky":false,"template":"","format":"standard","meta":{"footnotes":""},"categories":[25],"tags":[],"class_list":{"0":"post-1112","1":"post","2":"type-post","3":"status-publish","4":"format-standard","5":"has-post-thumbnail","7":"category-calendariodeeventos"},"_links":{"self":[{"href":"https:\/\/tveventos.tv.br\/index.php?rest_route=\/wp\/v2\/posts\/1112","targetHints":{"allow":["GET"]}}],"collection":[{"href":"https:\/\/tveventos.tv.br\/index.php?rest_route=\/wp\/v2\/posts"}],"about":[{"href":"https:\/\/tveventos.tv.br\/index.php?rest_route=\/wp\/v2\/types\/post"}],"author":[{"embeddable":true,"href":"https:\/\/tveventos.tv.br\/index.php?rest_route=\/wp\/v2\/users\/2"}],"replies":[{"embeddable":true,"href":"https:\/\/tveventos.tv.br\/index.php?rest_route=%2Fwp%2Fv2%2Fcomments&post=1112"}],"version-history":[{"count":4,"href":"https:\/\/tveventos.tv.br\/index.php?rest_route=\/wp\/v2\/posts\/1112\/revisions"}],"predecessor-version":[{"id":1122,"href":"https:\/\/tveventos.tv.br\/index.php?rest_route=\/wp\/v2\/posts\/1112\/revisions\/1122"}],"wp:featuredmedia":[{"embeddable":true,"href":"https:\/\/tveventos.tv.br\/index.php?rest_route=\/wp\/v2\/media\/1113"}],"wp:attachment":[{"href":"https:\/\/tveventos.tv.br\/index.php?rest_route=%2Fwp%2Fv2%2Fmedia&parent=1112"}],"wp:term":[{"taxonomy":"category","embeddable":true,"href":"https:\/\/tveventos.tv.br\/index.php?rest_route=%2Fwp%2Fv2%2Fcategories&post=1112"},{"taxonomy":"post_tag","embeddable":true,"href":"https:\/\/tveventos.tv.br\/index.php?rest_route=%2Fwp%2Fv2%2Ftags&post=1112"}],"curies":[{"name":"wp","href":"https:\/\/api.w.org\/{rel}","templated":true}]}}