{"id":1119,"date":"2024-03-26T16:01:58","date_gmt":"2024-03-26T19:01:58","guid":{"rendered":"https:\/\/tveventos.tv.br\/?p=1119"},"modified":"2024-03-26T16:02:00","modified_gmt":"2024-03-26T19:02:00","slug":"expo-optica","status":"publish","type":"post","link":"https:\/\/tveventos.tv.br\/?p=1119","title":{"rendered":"EXPO \u00d3PTICA"},"content":{"rendered":"\n<h3 class=\"wp-block-heading\">Expo \u00d3ptica, o maior e mais representativo evento \u00f3ptico da Am\u00e9rica Latina e um dos maiores do mundo no setor.<\/h3>\n\n\n\n<h3 class=\"wp-block-heading\">No encontro, todos os representantes da \u00f3ptica mundial t\u00eam a oportunidade de discutir, tra\u00e7ar novos rumos e apresentar ao mercado toda a gama de novidades, inova\u00e7\u00f5es e tend\u00eancias.<\/h3>\n\n\n\n<p>Junte-se a n\u00f3s, nos dias 10 a 13 de Abril das 13h \u00e0s 21h, no prestigiado Expo Center Norte.<\/p>\n\n\n\n<p>Endere\u00e7o:Rua Jos\u00e9 Bernardo Pinto, 333 \u2013 Vila Guilherme, S\u00e3o Paulo \u2013 SP, 02055-000.<\/p>\n","protected":false},"excerpt":{"rendered":"<p>Expo \u00d3ptica, o maior e mais representativo evento \u00f3ptico da Am\u00e9rica Latina e um dos maiores do mundo no setor. No encontro, todos os representantes da \u00f3ptica mundial t\u00eam a oportunidade de discutir, tra\u00e7ar novos rumos e apresentar ao mercado toda a gama de novidades, inova\u00e7\u00f5es e tend\u00eancias. Junte-se a n\u00f3s, nos dias 10 a [&hellip;]<\/p>\n","protected":false},"author":2,"featured_media":1120,"comment_status":"open","ping_status":"open","sticky":false,"template":"","format":"standard","meta":{"footnotes":""},"categories":[25],"tags":[],"class_list":{"0":"post-1119","1":"post","2":"type-post","3":"status-publish","4":"format-standard","5":"has-post-thumbnail","7":"category-calendariodeeventos"},"_links":{"self":[{"href":"https:\/\/tveventos.tv.br\/index.php?rest_route=\/wp\/v2\/posts\/1119","targetHints":{"allow":["GET"]}}],"collection":[{"href":"https:\/\/tveventos.tv.br\/index.php?rest_route=\/wp\/v2\/posts"}],"about":[{"href":"https:\/\/tveventos.tv.br\/index.php?rest_route=\/wp\/v2\/types\/post"}],"author":[{"embeddable":true,"href":"https:\/\/tveventos.tv.br\/index.php?rest_route=\/wp\/v2\/users\/2"}],"replies":[{"embeddable":true,"href":"https:\/\/tveventos.tv.br\/index.php?rest_route=%2Fwp%2Fv2%2Fcomments&post=1119"}],"version-history":[{"count":1,"href":"https:\/\/tveventos.tv.br\/index.php?rest_route=\/wp\/v2\/posts\/1119\/revisions"}],"predecessor-version":[{"id":1121,"href":"https:\/\/tveventos.tv.br\/index.php?rest_route=\/wp\/v2\/posts\/1119\/revisions\/1121"}],"wp:featuredmedia":[{"embeddable":true,"href":"https:\/\/tveventos.tv.br\/index.php?rest_route=\/wp\/v2\/media\/1120"}],"wp:attachment":[{"href":"https:\/\/tveventos.tv.br\/index.php?rest_route=%2Fwp%2Fv2%2Fmedia&parent=1119"}],"wp:term":[{"taxonomy":"category","embeddable":true,"href":"https:\/\/tveventos.tv.br\/index.php?rest_route=%2Fwp%2Fv2%2Fcategories&post=1119"},{"taxonomy":"post_tag","embeddable":true,"href":"https:\/\/tveventos.tv.br\/index.php?rest_route=%2Fwp%2Fv2%2Ftags&post=1119"}],"curies":[{"name":"wp","href":"https:\/\/api.w.org\/{rel}","templated":true}]}}