{"id":1127,"date":"2024-03-26T16:55:38","date_gmt":"2024-03-26T19:55:38","guid":{"rendered":"https:\/\/tveventos.tv.br\/?p=1127"},"modified":"2024-03-26T16:55:41","modified_gmt":"2024-03-26T19:55:41","slug":"ubrafe-anuncia-primeira-edicao-do-experience-expo","status":"publish","type":"post","link":"https:\/\/tveventos.tv.br\/?p=1127","title":{"rendered":"UBRAFE anuncia primeira edi\u00e7\u00e3o do EXPERIENCE EXPO"},"content":{"rendered":"\n<p><em>Evento com foco em neg\u00f3cios, composto por feira e congresso, estima receber 3 mil participantes nos dias 1 e 2 de agosto, no novo Distrito Anhembi<\/em><\/p>\n\n\n\n<p>Realizado pela UBRAFE (Uni\u00e3o Brasileira de Feiras e Eventos de Neg\u00f3cios), e com curadoria de conte\u00fado da MCI Brasil, o EXPERIENCE EXPO ser\u00e1 o evento anual refer\u00eancia para todos os profissionais e marcas envolvidas em cria\u00e7\u00e3o, planejamento e gest\u00e3o de atividades relacionadas ao Live Marketing e toda a sua cadeia de valor, como, promotores de eventos, venues\/recintos, destinos e fornecedores especializados. \u201cHoje n\u00e3o temos um evento presencial que seja refer\u00eancia absoluta para organizadores de eventos se atualizarem, fazerem networking e conhecerem as novidades. O Experience Expo vem para trazer grandes contribui\u00e7\u00f5es e mais visibilidade a este setor. Agora nesta \u00e9poca, p\u00f3s pandemia, os eventos e as experi\u00eancias est\u00e3o mais valorizados do que nunca\u201d, comemora Paulo Ventura, Presidente da UBRAFE.<\/p>\n\n\n\n<p>O EXPERIENCE EXPO se prop\u00f5e a ser o evento unificado do setor de eventos presenciais e h\u00edbridos e, neste sentido, n\u00e3o \u00e9 uma iniciativa isolada da UBRAFE, mas, tamb\u00e9m conta com o apoio de outras associa\u00e7\u00f5es setoriais do setor de eventos como a AMPRO, ABRACE, MPI, Unidestinos, entre outras que est\u00e3o ainda em conversa\u00e7\u00f5es.&nbsp; Unindo em uma mesma data os profissionais e marcas envolvidas com a cadeia de valor dos eventos esportivos, culturais, entretenimento e foco em neg\u00f3cios o evento promover\u00e1 durante dois dias atividades, momentos e oportunidades de neg\u00f3cios, networking e atualiza\u00e7\u00e3o, demonstrando cases nacionais e internacionais de eventos de sucesso e as principais tend\u00eancias do setor, para comprovar que as experi\u00eancias quando bem planejadas e implementadas movem o mundo dos neg\u00f3cios no Brasil.<\/p>\n\n\n\n<p>A feira de neg\u00f3cios ocorrer\u00e1 nos dois dias de evento, em uma \u00e1rea de 5 mil m\u00b2 de exposi\u00e7\u00e3o e, com credenciamento gratuito, ter\u00e1 80 espa\u00e7os para marcas expositoras e patrocinadoras.&nbsp; Quem se cadastrar para visitar o evento poder\u00e1 participar de diversas palestras gratuitas no palco EEx e Master Classes que ir\u00e3o acontecer no audit\u00f3rio Celso Furtado, com capacidade para 600 pessoas. O congresso tem\u00e1tico tamb\u00e9m acontecer\u00e1 durante os dois dias de evento, com mais de 20 horas de conte\u00fado em paralelo, 2 audit\u00f3rios exclusivos, 6 sess\u00f5es colaborativas (Hands On), 16 palestras com foco B2B e B2C e apresenta\u00e7\u00e3o de cases de eventos, al\u00e9m de temas sobre gest\u00e3o e estrat\u00e9gia no setor de eventos. 450 pessoas poder\u00e3o participar do congresso adquirindo um ingresso v\u00e1lido para os dois dias no valor de R$ 500,00 por participante.<\/p>\n\n\n\n<p>Com a proposta de ser refer\u00eancia em boas pr\u00e1ticas ESG, o EXPERIENCE EXPO ocupar\u00e1 uma \u00e1rea total de 18 mil m\u00b2 do Distrito Anhembi, e na montagem dos stands e \u00e1reas de conte\u00fado e conviv\u00eancia utilizar\u00e1 materiais que ser\u00e3o 95% recicl\u00e1veis e reutiliz\u00e1veis. Os stands contar\u00e3o com m\u00e9tricas e orienta\u00e7\u00f5es de sustentabilidade, segundo as iniciativas da UFI (Uni\u00e3o Feiras Internacionais), Manual de Boas Pr\u00e1ticas ESG \u201cCompromisso Campo dos Sonhos\u201d da UBRAFE, e emiss\u00f5es de CO2 mitigadas pelo Selo Carbono B. A proposta \u00e9 explicar e acelerar como os eventos presenciais podem e devem ser sustent\u00e1veis e inclusivos antes de 2050.<\/p>\n\n\n\n<p>O EXPERIENCE EXPO \u00e9 indicado para profissionais da cadeia de valor dos eventos, como, organizadores e&nbsp; gestores&nbsp; de eventos B2B e B2C, associados e n\u00e3o associados a UBRAFE as outras associa\u00e7\u00f5es apoiadoras, e nos seguintes segmentos: Feiras (show manager, marketing, opera\u00e7\u00f5es, staff), Congressos (associa\u00e7\u00f5es, gestores, palestrantes), Cultural (produtoras, gestores de artistas), Esportivo (propriedades, staff times, ligas, clubes), Corporativo (ag\u00eancias, gestores, setor de compras), Governo (staff municipal, estadual, federal), e n\u00e3o end\u00eamicos (universidades, professores, estudantes).<\/p>\n\n\n\n<p>\u201cA UBRAFE acaba de comemorar 38 anos de exist\u00eancia e a idealiza\u00e7\u00e3o do Experience Expo vem para corroborar com o setor de eventos de neg\u00f3cios, uma vez que este ser\u00e1 o primeiro evento setorial oficial com o selo da UBRAFE afirma Paulo Ventura, presidente do conselho da UBRAFE. \u201cCom a reforma e amplia\u00e7\u00e3o do Distrito Anhembi, temos uma expectativa de receber 3 mil visitantes \u00fanicos, sendo 20% deles de fora de S\u00e3o Paulo. Queremos transformar o EXPERIENCE EXPO em uma refer\u00eancia para todos os gestores de eventos do Brasil\u201c, pontua Paulo Oct\u00e1vio Pereira de Almeida (P.O.), Diretor Executivo da UBRAFE.<\/p>\n\n\n\n<p><br>SERVI\u00c7O<\/p>\n\n\n\n<p>1\u00aa edi\u00e7\u00e3o Experience Expo 2024<br>Quando: 1 e 2 de agosto de 2024<br>Hor\u00e1rios: Feira de Neg\u00f3cios das 12h \u00e0s 20h \/ Congresso das 14h \u00e0s 19h<br>Onde: Distrito Anhembi \u2013 R. Prof. Milton Rodrigues, s\/n &#8211; Santana, S\u00e3o Paulo &#8211; SP,<br>Credenciamento: gratuito, atrav\u00e9s da Sympla: <a href=\"https:\/\/sympla.com.br\/evento\/eex-experience-expo-2024\/2373673\">https:\/\/sympla.com.br\/evento\/eex-experience-expo-2024\/2373673<br><\/a>Comercializa\u00e7\u00e3o de espa\u00e7os e patroc\u00ednios: UBRAFE, MCI e APBR<\/p>\n\n\n\n<p><br>O EXPERIENCE EXPO \u00e9 idealizado e realizado pela UBRAFE, com curadoria de conte\u00fado MCI, patroc\u00ednio master Distrito Anhembi, GL Events Live como montadora oficial, e comercializa\u00e7\u00e3o via UBRAFE, MCI Brasil e APBR (Associa\u00e7\u00e3o de Patroc\u00ednios Brasil).<\/p>\n\n\n\n<p><br><br>Sobre a UBRAFE<\/p>\n\n\n\n<p>A UBRAFE (Uni\u00e3o Brasileira de Feiras e Eventos de Neg\u00f3cios) \u00e9 a associa\u00e7\u00e3o de empresas promotoras e organizadoras de feiras e exposi\u00e7\u00f5es, os principais centros de eventos (venues), empresas de log\u00edstica internacional, de infraestrutura, servi\u00e7os especializados representando toda a cadeia de valor. Em seu quadro de associados est\u00e3o as empresas promotoras de feiras e eventos de neg\u00f3cios mais relevantes de diversos setores da economia, assim como os principais e maiores recintos de eventos do pa\u00eds. Fundada em 1986, representa institucionalmente e politicamente o setor de feiras e eventos de neg\u00f3cios junto a todos os segmentos da economia brasileira, com o objetivo de congregar e fortalecer as empresas do setor de promo\u00e7\u00e3o comercial. Dados levantados pela UBRAFE demonstram que o Brasil possui mais de 2.000 feiras e eventos, alavancando neg\u00f3cios de mais de R$ 1 Trilh\u00e3o de reais por ano.<\/p>\n\n\n\n<p>Saiba mais: <a href=\"https:\/\/ubrafe.org.br\/\">&nbsp;https:\/\/ubrafe.org.br<\/a>.<\/p>\n","protected":false},"excerpt":{"rendered":"<p>Evento com foco em neg\u00f3cios, composto por feira e congresso, estima receber 3 mil participantes nos dias 1 e 2 de agosto, no novo Distrito Anhembi Realizado pela UBRAFE (Uni\u00e3o Brasileira de Feiras e Eventos de Neg\u00f3cios), e com curadoria de conte\u00fado da MCI Brasil, o EXPERIENCE EXPO ser\u00e1 o evento anual refer\u00eancia para todos [&hellip;]<\/p>\n","protected":false},"author":2,"featured_media":1128,"comment_status":"open","ping_status":"open","sticky":false,"template":"","format":"standard","meta":{"footnotes":""},"categories":[1],"tags":[],"class_list":{"0":"post-1127","1":"post","2":"type-post","3":"status-publish","4":"format-standard","5":"has-post-thumbnail","7":"category-workshopsepalestras"},"_links":{"self":[{"href":"https:\/\/tveventos.tv.br\/index.php?rest_route=\/wp\/v2\/posts\/1127","targetHints":{"allow":["GET"]}}],"collection":[{"href":"https:\/\/tveventos.tv.br\/index.php?rest_route=\/wp\/v2\/posts"}],"about":[{"href":"https:\/\/tveventos.tv.br\/index.php?rest_route=\/wp\/v2\/types\/post"}],"author":[{"embeddable":true,"href":"https:\/\/tveventos.tv.br\/index.php?rest_route=\/wp\/v2\/users\/2"}],"replies":[{"embeddable":true,"href":"https:\/\/tveventos.tv.br\/index.php?rest_route=%2Fwp%2Fv2%2Fcomments&post=1127"}],"version-history":[{"count":1,"href":"https:\/\/tveventos.tv.br\/index.php?rest_route=\/wp\/v2\/posts\/1127\/revisions"}],"predecessor-version":[{"id":1129,"href":"https:\/\/tveventos.tv.br\/index.php?rest_route=\/wp\/v2\/posts\/1127\/revisions\/1129"}],"wp:featuredmedia":[{"embeddable":true,"href":"https:\/\/tveventos.tv.br\/index.php?rest_route=\/wp\/v2\/media\/1128"}],"wp:attachment":[{"href":"https:\/\/tveventos.tv.br\/index.php?rest_route=%2Fwp%2Fv2%2Fmedia&parent=1127"}],"wp:term":[{"taxonomy":"category","embeddable":true,"href":"https:\/\/tveventos.tv.br\/index.php?rest_route=%2Fwp%2Fv2%2Fcategories&post=1127"},{"taxonomy":"post_tag","embeddable":true,"href":"https:\/\/tveventos.tv.br\/index.php?rest_route=%2Fwp%2Fv2%2Ftags&post=1127"}],"curies":[{"name":"wp","href":"https:\/\/api.w.org\/{rel}","templated":true}]}}