{"id":1130,"date":"2024-03-27T15:20:52","date_gmt":"2024-03-27T18:20:52","guid":{"rendered":"https:\/\/tveventos.tv.br\/?p=1130"},"modified":"2024-03-27T15:20:55","modified_gmt":"2024-03-27T18:20:55","slug":"hsm-anuncia-sua-24a-edicao-com-novo-conceito-e-speakers-internacionais-ja-confirmados","status":"publish","type":"post","link":"https:\/\/tveventos.tv.br\/?p=1130","title":{"rendered":"HSM+ anuncia sua 24\u00aa edi\u00e7\u00e3o com novo conceito e speakers internacionais j\u00e1 confirmados"},"content":{"rendered":"\n<p><em>Conex\u00f5es Significativas \u00e9 o tema do evento que re\u00fane l\u00edderes e CEOs e conta com as principais vozes globais para conte\u00fados exclusivos nos dias 26 e 27 de novembro, em S\u00e3o Paulo.<\/em><\/p>\n\n\n\n<p>O hsm+, evento que impulsiona a atualiza\u00e7\u00e3o de executivos, CEOs e empreendedores, confirmou sua 24\u00aa edi\u00e7\u00e3o nos dias 26 e 27 de novembro, no Transam\u00e9rica Expo Center, em S\u00e3o Paulo. Este ano, o evento segue por um novo caminho com o tema \u201cConex\u00f5es Significativas\u201d. De acordo com pesquisa recente realizada pela WGSN (Worth Global Style Network), que tra\u00e7a os perfis de consumidores que v\u00e3o ditar os rumos do mercado nos pr\u00f3ximos anos, h\u00e1 quatro estrat\u00e9gias para o sucesso: reduzir a press\u00e3o na era da policrise, criar conex\u00f5es e comunidades, priorizar qualidade e n\u00e3o quantidade, e por fim, ajudar as pessoas a transitarem entre diferentes realidades &#8211; e \u00e9 justamente esse caminho que o hsm+ busca para a edi\u00e7\u00e3o de 2024, propor uma experi\u00eancia \u00fanica, aproximando pessoas, neg\u00f3cios e ecossistemas.<br>&nbsp;<\/p>\n\n\n\n<p>O espa\u00e7o contar\u00e1 com o palco principal, caf\u00e9s de networking, showcase, lounges, workshops, C-Lounge, espa\u00e7os de parceiros, \u00e1reas de experi\u00eancias imersivas, exposi\u00e7\u00f5es, data wall e intera\u00e7\u00f5es tecnol\u00f3gicas. Um dos pontos altos desta edi\u00e7\u00e3o \u00e9 a chance que o participante ter\u00e1 de adaptar sua experi\u00eancia atrav\u00e9s de trilhas de conte\u00fado, al\u00e9m de ter a possibilidade de receber um certificado oficial da HSM ao completar uma carga hor\u00e1ria espec\u00edfica nessas trilhas, que abrangem Inova\u00e7\u00e3o Corporativa, ESG, Lideran\u00e7a e Pessoas, entre outros temas.<\/p>\n\n\n\n<p>Para discorrer sobre a tem\u00e1tica das trilhas, o hsm+ j\u00e1 confirmou os quatro primeiros palestrantes principais: Scott Galloway, reconhecido como guru do Vale do Sil\u00edcio, que explora o impacto das tecnologias exponenciais; Alex Tapscott, conhecido por sua influ\u00eancia no desenvolvimento da Web3, tamb\u00e9m foi precursor do debate p\u00fablico sobre blockchain e criptomoedas; Roman Krznaric, criador do Museu da Empatia e pesquisador do Clube de Roma, um dos principais centros de pesquisa cient\u00edfica do mundo, al\u00e9m de ser membro fundador da The School of Life; e por fim, Philippa Perry, psicoterapeuta e autora de \u201cO livro que voc\u00ea gostaria que todas as pessoas que voc\u00ea ama lessem: (E talvez algumas que voc\u00ea n\u00e3o ame)\u201d. Conhecida como Lady Perry, a analista defende um mundo de aten\u00e7\u00e3o compartilhada e menos sustentado por v\u00edcios em telas.<\/p>\n\n\n\n<p>A grande virada de chave est\u00e1 em trazer o conceito JOMO, do ingl\u00eas, Joy of Missing Out, no lugar de FOMO, Fear of Missing Out \u2013 o que significa o medo por estar de fora ou perder algo. A transforma\u00e7\u00e3o refor\u00e7a um movimento de mudan\u00e7a de mentalidade em rela\u00e7\u00e3o \u00e0 forma como as pessoas encaram suas experi\u00eancias e intera\u00e7\u00f5es sociais. A pesquisa Freeman Syndicated Survey of Event Attendees B2B, conduzida em 2023 nos EUA, revela dados not\u00e1veis: 80% dos 5144 entrevistados demonstraram prefer\u00eancia por eventos presenciais, ressaltando a import\u00e2ncia do aprendizado face a face. Adicionalmente, 75% dos participantes consideram os eventos presenciais como sua fonte de informa\u00e7\u00e3o mais confi\u00e1vel.<br>&nbsp;<\/p>\n\n\n\n<p>As vendas para o hsm+ 2024 j\u00e1 est\u00e3o dispon\u00edveis, oferecendo diversas op\u00e7\u00f5es de ingressos para os participantes. \u00c0s marcas interessadas, tamb\u00e9m \u00e9 poss\u00edvel obter desconto por cota de patroc\u00ednio. Mais informa\u00e7\u00f5es no <a href=\"https:\/\/s2403.imxsnd02.com\/link.php?code=bDpodHRwcyUzQSUyRiUyRmhzbW1haXMuY29tLmJyJTJGOjM0ODYyMjMyNjU6cmVkYWNhb3R2ZXZlbnRvc0BnbWFpbC5jb206N2M4YTE3Ojc0\">site<\/a>.<\/p>\n\n\n\n<p><strong>SERVI\u00c7O<\/strong>:<\/p>\n\n\n\n<p><strong>Data<\/strong>: 26 e 27 de novembro de 2023<\/p>\n\n\n\n<p><strong>Local<\/strong>: Transam\u00e9rica Expo Center &#8211; S\u00e3o Paulo<\/p>\n\n\n\n<p><strong>Mais informa\u00e7\u00f5es<\/strong>: <a href=\"https:\/\/s2403.imxsnd02.com\/link.php?code=bDpodHRwcyUzQSUyRiUyRmhzbW1haXMuY29tLmJyJTJGOjM0ODYyMjMyNjU6cmVkYWNhb3R2ZXZlbnRvc0BnbWFpbC5jb206N2M4YTE3Ojc0\">Link<\/a><\/p>\n","protected":false},"excerpt":{"rendered":"<p>Conex\u00f5es Significativas \u00e9 o tema do evento que re\u00fane l\u00edderes e CEOs e conta com as principais vozes globais para conte\u00fados exclusivos nos dias 26 e 27 de novembro, em S\u00e3o Paulo. O hsm+, evento que impulsiona a atualiza\u00e7\u00e3o de executivos, CEOs e empreendedores, confirmou sua 24\u00aa edi\u00e7\u00e3o nos dias 26 e 27 de novembro, [&hellip;]<\/p>\n","protected":false},"author":2,"featured_media":1131,"comment_status":"open","ping_status":"open","sticky":false,"template":"","format":"standard","meta":{"footnotes":""},"categories":[1],"tags":[],"class_list":{"0":"post-1130","1":"post","2":"type-post","3":"status-publish","4":"format-standard","5":"has-post-thumbnail","7":"category-workshopsepalestras"},"_links":{"self":[{"href":"https:\/\/tveventos.tv.br\/index.php?rest_route=\/wp\/v2\/posts\/1130","targetHints":{"allow":["GET"]}}],"collection":[{"href":"https:\/\/tveventos.tv.br\/index.php?rest_route=\/wp\/v2\/posts"}],"about":[{"href":"https:\/\/tveventos.tv.br\/index.php?rest_route=\/wp\/v2\/types\/post"}],"author":[{"embeddable":true,"href":"https:\/\/tveventos.tv.br\/index.php?rest_route=\/wp\/v2\/users\/2"}],"replies":[{"embeddable":true,"href":"https:\/\/tveventos.tv.br\/index.php?rest_route=%2Fwp%2Fv2%2Fcomments&post=1130"}],"version-history":[{"count":2,"href":"https:\/\/tveventos.tv.br\/index.php?rest_route=\/wp\/v2\/posts\/1130\/revisions"}],"predecessor-version":[{"id":1133,"href":"https:\/\/tveventos.tv.br\/index.php?rest_route=\/wp\/v2\/posts\/1130\/revisions\/1133"}],"wp:featuredmedia":[{"embeddable":true,"href":"https:\/\/tveventos.tv.br\/index.php?rest_route=\/wp\/v2\/media\/1131"}],"wp:attachment":[{"href":"https:\/\/tveventos.tv.br\/index.php?rest_route=%2Fwp%2Fv2%2Fmedia&parent=1130"}],"wp:term":[{"taxonomy":"category","embeddable":true,"href":"https:\/\/tveventos.tv.br\/index.php?rest_route=%2Fwp%2Fv2%2Fcategories&post=1130"},{"taxonomy":"post_tag","embeddable":true,"href":"https:\/\/tveventos.tv.br\/index.php?rest_route=%2Fwp%2Fv2%2Ftags&post=1130"}],"curies":[{"name":"wp","href":"https:\/\/api.w.org\/{rel}","templated":true}]}}