{"id":1134,"date":"2024-03-27T18:20:48","date_gmt":"2024-03-27T21:20:48","guid":{"rendered":"https:\/\/tveventos.tv.br\/?p=1134"},"modified":"2024-03-27T18:20:51","modified_gmt":"2024-03-27T21:20:51","slug":"bfshow-tem-mais-de-220-marcas-confirmadas","status":"publish","type":"post","link":"https:\/\/tveventos.tv.br\/?p=1134","title":{"rendered":"BFSHOW tem mais de 220 marcas confirmadas"},"content":{"rendered":"\n<p>Maior feira cal\u00e7adista brasileira, a BFSHOW j\u00e1 tem mais de 220 marcas confirmadas, 183 delas exclusivas. As empresas apostam na mostra nacional, realizada pela Associa\u00e7\u00e3o Brasileira das Ind\u00fastrias de Cal\u00e7ados (Abical\u00e7ados) em parceria com a N\u00fcrnbergMesse Brasil, para lan\u00e7ar suas cole\u00e7\u00f5es de Primavera\/Ver\u00e3o, a esta\u00e7\u00e3o mais importante do ano para o cal\u00e7ado brasileiro e que absorve mais de 70% das vendas totais da ind\u00fastria. A 2\u00aa edi\u00e7\u00e3o da BFSHOW acontece no Transam\u00e9rica Expo Center, em S\u00e3o Paulo\/SP, entre os dias 21 e 23 de maio, e j\u00e1 est\u00e1 com credenciamento aberto no <a href=\"https:\/\/s2403.publisher-releases.com\/link.php?code=bDpodHRwcyUzQSUyRiUyRnd3dy5iZnNob3cuY29tLmJyOjQyMDU1MjU3NDM6cmVkYWNhb3R2ZXZlbnRvc0BnbWFpbC5jb206ZThiM2E4Ojc0\">site<\/a>.<\/p>\n\n\n\n<p>Uma das empresas que est\u00e3o confirmadas somente na BFSHOW \u00e9 a Grendene. O diretor comercial da cal\u00e7adista, Paulo Barth, ressalta que as expectativas para a feira s\u00e3o bastante positivas. \u201cAcreditamos que teremos um n\u00famero muito expressivo de clientes visitando a feira, tanto do mercado interno como do mercado externo\u201d, prev\u00ea. Segundo ele, a mostra, at\u00e9 mesmo pelo fato de ter grandes fornecedores confirmados, deve atrair as aten\u00e7\u00f5es dos principais players do mercado, sendo uma oportunidade relevante para a apresenta\u00e7\u00e3o das cole\u00e7\u00f5es de Ver\u00e3o, as mais importantes para a Grendene. \u201cO segundo semestre \u00e9 historicamente nosso semestre de maior representatividade e estamos com uma expectativa muito positiva para os neg\u00f3cios que realizaremos durante a BFSHOW\u201d, destaca o diretor, acrescentando que, al\u00e9m das cole\u00e7\u00f5es da esta\u00e7\u00e3o quente, a empresa ter\u00e1 oferta de produtos de alto giro para pronta entrega.<\/p>\n\n\n\n<p>Outra gigante confirmada exclusivamente na BFSHOW \u00e9 a Alpargatas. \u201cEstamos muito felizes em participar da feira BFSHOW, evento que proporciona uma oportunidade \u00fanica para enfatizar a import\u00e2ncia do mercado de cal\u00e7ados para a Alpargatas e para Havaianas, marca l\u00edder no segmento de chinelos\u201d, avalia o diretor comercial especializado da Havaianas Brasil, Bruno Correa Marques. Para ele, mais do que apresentar as cole\u00e7\u00f5es de Ver\u00e3o, a feira cal\u00e7adista ir\u00e1 fortalecer ainda mais parcerias e relacionamentos no setor, pois \u00e9 um ponto de encontro do cal\u00e7ado brasileiro com o mundo.<\/p>\n\n\n\n<p>Com presen\u00e7a confirmada na BFSHOW, a Petite Jolie \u00e9 outra empresa que lan\u00e7ar\u00e1 seus produtos de Ver\u00e3o exclusivamente na feira cal\u00e7adista realizada pela Abical\u00e7ados. \u201cPrecisamos estar onde os clientes est\u00e3o e a nossa expectativa \u00e9 de que estar\u00e3o, em boa parte, na BFSHOW. Al\u00e9m disso, participar deste momento, em que temos a possibilidade de ver uma nova grande feira performando na cidade de S\u00e3o Paulo \u00e9 important\u00edssimo para a nossa visibilidade\u201d, comenta o gerente comercial nacional da Petite Jolie, Ruy Ferreira. Para a BFSHOW, a cal\u00e7adista levar\u00e1 toda a equipe de representantes regionais para receber os lojistas. \u201cA feira marca a apresenta\u00e7\u00e3o da cole\u00e7\u00e3o de Ver\u00e3o I da marca, ent\u00e3o o cliente encontrar\u00e1 todas as novidades relacionadas a tend\u00eancias e cores da esta\u00e7\u00e3o mais alegre do ano\u201d, adianta o diretor.<\/p>\n\n\n\n<p><strong>Ponto de encontro<\/strong><strong><br><\/strong>A BFSHOW \u00e9 uma feira criada pela Abical\u00e7ados em parceria com a N\u00fcrnbergMesse Brasil para ser o ponto de encontro do cal\u00e7ado brasileiro com clientes de todo o mundo, de forma objetiva, focada em neg\u00f3cios e transparente. A mostra deve reunir, em maio, cerca de 250 marcas de todos os portes e polos cal\u00e7adistas brasileiros que respondem, juntas, por mais de 80% da produ\u00e7\u00e3o nacional do setor. A visita\u00e7\u00e3o \u00e9 estimada em mais de 10 mil compradores e profissionais da atividade, tanto do Brasil como do mercado internacional. Na primeira edi\u00e7\u00e3o da BFSHOW, ocorrida no Rio Grande do Sul, foram gerados, somente em neg\u00f3cios internacionais, mais de R\uff04 315 milh\u00f5es.<\/p>\n\n\n\n<p><br><br><br><strong>Sobre a Abical\u00e7ados<\/strong><strong><br><\/strong>A Abical\u00e7ados \u00e9 a entidade que representa a ind\u00fastria nacional, quinta maior produtora de cal\u00e7ados do mundo, a maior do Ocidente. Fundada em 1983, a Abical\u00e7ados, sediada em Novo Hamburgo\/RS, possui em seu quadro de associados empresas de todos os portes e que respondem por mais de 65% do total de pares produzidos no Pa\u00eds. A entidade representa uma ind\u00fastria que emprega, diretamente, mais de 300 mil pessoas. Sua miss\u00e3o \u00e9 representar, defender, desenvolver e promover a ind\u00fastria cal\u00e7adista brasileira, com respeito, excel\u00eancia e resultados.<br>&nbsp;<strong>Sobre a operadora<\/strong><strong><br><\/strong>A N\u00fcrnbergMesse Brasil \u00e9 uma subsidi\u00e1ria do Grupo N\u00fcrnbergMesse, uma das 15 maiores empresas internacionais organizadoras de eventos do mundo. O portf\u00f3lio do grupo possui mais de 120 feiras e congressos internacionais (14 deles no Brasil) e mais de 40 pavilh\u00f5es. Anualmente, cerca de 30 mil expositores e mais de 1,5 milh\u00e3o de visitantes participam dos eventos organizados pela N\u00fcrnbergMesse, que est\u00e1 presente, por meio de suas subsidi\u00e1rias, na China, Estados Unidos, Brasil, Gr\u00e9cia, It\u00e1lia e \u00cdndia. O grupo ainda possui uma rede com cerca de 50 representantes, que operam em mais de 116 pa\u00edses.<\/p>\n","protected":false},"excerpt":{"rendered":"<p>Maior feira cal\u00e7adista brasileira, a BFSHOW j\u00e1 tem mais de 220 marcas confirmadas, 183 delas exclusivas. As empresas apostam na mostra nacional, realizada pela Associa\u00e7\u00e3o Brasileira das Ind\u00fastrias de Cal\u00e7ados (Abical\u00e7ados) em parceria com a N\u00fcrnbergMesse Brasil, para lan\u00e7ar suas cole\u00e7\u00f5es de Primavera\/Ver\u00e3o, a esta\u00e7\u00e3o mais importante do ano para o cal\u00e7ado brasileiro e que [&hellip;]<\/p>\n","protected":false},"author":2,"featured_media":1136,"comment_status":"open","ping_status":"open","sticky":false,"template":"","format":"standard","meta":{"footnotes":""},"categories":[1],"tags":[],"class_list":{"0":"post-1134","1":"post","2":"type-post","3":"status-publish","4":"format-standard","5":"has-post-thumbnail","7":"category-workshopsepalestras"},"_links":{"self":[{"href":"https:\/\/tveventos.tv.br\/index.php?rest_route=\/wp\/v2\/posts\/1134","targetHints":{"allow":["GET"]}}],"collection":[{"href":"https:\/\/tveventos.tv.br\/index.php?rest_route=\/wp\/v2\/posts"}],"about":[{"href":"https:\/\/tveventos.tv.br\/index.php?rest_route=\/wp\/v2\/types\/post"}],"author":[{"embeddable":true,"href":"https:\/\/tveventos.tv.br\/index.php?rest_route=\/wp\/v2\/users\/2"}],"replies":[{"embeddable":true,"href":"https:\/\/tveventos.tv.br\/index.php?rest_route=%2Fwp%2Fv2%2Fcomments&post=1134"}],"version-history":[{"count":1,"href":"https:\/\/tveventos.tv.br\/index.php?rest_route=\/wp\/v2\/posts\/1134\/revisions"}],"predecessor-version":[{"id":1137,"href":"https:\/\/tveventos.tv.br\/index.php?rest_route=\/wp\/v2\/posts\/1134\/revisions\/1137"}],"wp:featuredmedia":[{"embeddable":true,"href":"https:\/\/tveventos.tv.br\/index.php?rest_route=\/wp\/v2\/media\/1136"}],"wp:attachment":[{"href":"https:\/\/tveventos.tv.br\/index.php?rest_route=%2Fwp%2Fv2%2Fmedia&parent=1134"}],"wp:term":[{"taxonomy":"category","embeddable":true,"href":"https:\/\/tveventos.tv.br\/index.php?rest_route=%2Fwp%2Fv2%2Fcategories&post=1134"},{"taxonomy":"post_tag","embeddable":true,"href":"https:\/\/tveventos.tv.br\/index.php?rest_route=%2Fwp%2Fv2%2Ftags&post=1134"}],"curies":[{"name":"wp","href":"https:\/\/api.w.org\/{rel}","templated":true}]}}