{"id":1185,"date":"2024-04-01T16:03:13","date_gmt":"2024-04-01T19:03:13","guid":{"rendered":"https:\/\/tveventos.tv.br\/?p=1185"},"modified":"2024-04-01T16:03:16","modified_gmt":"2024-04-01T19:03:16","slug":"vtex-day","status":"publish","type":"post","link":"https:\/\/tveventos.tv.br\/?p=1185","title":{"rendered":"VTEX DAY"},"content":{"rendered":"\n<p>O VTEX DAY \u00e9 um dos maiores eventos de digital commerce do mundo. Realizado h\u00e1 14 anos, tem extrema import\u00e2ncia para todo o ecossistema de com\u00e9rcio digital e re\u00fane milhares de pessoas, entre clientes, fornecedores e influenciadores e os mais importantes nomes do varejo para apresentar suas solu\u00e7\u00f5es e novidades.<\/p>\n\n\n\n<p>Junte-se a n\u00f3s, nos dias 11 e 12 de Abril das 09h \u00e0s 20h, no prestigiado S\u00e3o Paulo Expo.<\/p>\n\n\n\n<h4 class=\"wp-block-heading\"><strong>LOCAL DO EVENTO<\/strong><\/h4>\n\n\n\n<p>Rodovia dos Imigrantes, 1,5 km &#8211; Vila \u00c1gua Funda, S\u00e3o Paulo &#8211; SP, 04329-900.<\/p>\n","protected":false},"excerpt":{"rendered":"<p>O VTEX DAY \u00e9 um dos maiores eventos de digital commerce do mundo. Realizado h\u00e1 14 anos, tem extrema import\u00e2ncia para todo o ecossistema de com\u00e9rcio digital e re\u00fane milhares de pessoas, entre clientes, fornecedores e influenciadores e os mais importantes nomes do varejo para apresentar suas solu\u00e7\u00f5es e novidades. Junte-se a n\u00f3s, nos dias [&hellip;]<\/p>\n","protected":false},"author":2,"featured_media":1186,"comment_status":"open","ping_status":"open","sticky":false,"template":"","format":"standard","meta":{"footnotes":""},"categories":[25],"tags":[],"class_list":{"0":"post-1185","1":"post","2":"type-post","3":"status-publish","4":"format-standard","5":"has-post-thumbnail","7":"category-calendariodeeventos"},"_links":{"self":[{"href":"https:\/\/tveventos.tv.br\/index.php?rest_route=\/wp\/v2\/posts\/1185","targetHints":{"allow":["GET"]}}],"collection":[{"href":"https:\/\/tveventos.tv.br\/index.php?rest_route=\/wp\/v2\/posts"}],"about":[{"href":"https:\/\/tveventos.tv.br\/index.php?rest_route=\/wp\/v2\/types\/post"}],"author":[{"embeddable":true,"href":"https:\/\/tveventos.tv.br\/index.php?rest_route=\/wp\/v2\/users\/2"}],"replies":[{"embeddable":true,"href":"https:\/\/tveventos.tv.br\/index.php?rest_route=%2Fwp%2Fv2%2Fcomments&post=1185"}],"version-history":[{"count":1,"href":"https:\/\/tveventos.tv.br\/index.php?rest_route=\/wp\/v2\/posts\/1185\/revisions"}],"predecessor-version":[{"id":1187,"href":"https:\/\/tveventos.tv.br\/index.php?rest_route=\/wp\/v2\/posts\/1185\/revisions\/1187"}],"wp:featuredmedia":[{"embeddable":true,"href":"https:\/\/tveventos.tv.br\/index.php?rest_route=\/wp\/v2\/media\/1186"}],"wp:attachment":[{"href":"https:\/\/tveventos.tv.br\/index.php?rest_route=%2Fwp%2Fv2%2Fmedia&parent=1185"}],"wp:term":[{"taxonomy":"category","embeddable":true,"href":"https:\/\/tveventos.tv.br\/index.php?rest_route=%2Fwp%2Fv2%2Fcategories&post=1185"},{"taxonomy":"post_tag","embeddable":true,"href":"https:\/\/tveventos.tv.br\/index.php?rest_route=%2Fwp%2Fv2%2Ftags&post=1185"}],"curies":[{"name":"wp","href":"https:\/\/api.w.org\/{rel}","templated":true}]}}