{"id":1201,"date":"2024-04-02T14:20:00","date_gmt":"2024-04-02T17:20:00","guid":{"rendered":"https:\/\/tveventos.tv.br\/?p=1201"},"modified":"2024-04-02T14:20:03","modified_gmt":"2024-04-02T17:20:03","slug":"fruit-attraction-estende-credenciamento-gratuito-para-sua-primeira-edicao-no-brasil","status":"publish","type":"post","link":"https:\/\/tveventos.tv.br\/?p=1201","title":{"rendered":"Fruit Attraction estende credenciamento gratuito para sua primeira edi\u00e7\u00e3o no Brasil"},"content":{"rendered":"\n<p class=\"has-text-align-center\">Interessados podem se cadastrar gratuitamente no site da feira at\u00e9 o dia 10 de abril<\/p>\n\n\n\n<p>A<a href=\"https:\/\/www.ifema.es\/fruit-attraction-sao-paulo\/\"><strong> Fruit Attraction S\u00e3o Paulo<\/strong><\/a> prorrogou para o dia <strong>10 de abril <\/strong>o <a href=\"https:\/\/easyexpo.com.br\/v3\/fruit\/24\/indvis\">credenciamento gratuito<\/a> da primeira edi\u00e7\u00e3o brasileira da feira de frutas e vegetais, que ocorre entre os dias 16 e 18 de abril, na S\u00e3o Paulo Expo. Realizada pela Ifema Madrid em parceria com a Fiera Milano Brasil, o evento tem expectativa de alavancar ainda mais as exporta\u00e7\u00f5es dos produtos no pa\u00eds, que atingiram recorde hist\u00f3rico de faturamento em 2023.<\/p>\n\n\n\n<p>Com \u00f3timas proje\u00e7\u00f5es, os organizadores esperam que as empresas participantes gerem em torno de R$1 bilh\u00e3o em neg\u00f3cios para os pr\u00f3ximos 12 meses. A estimativa \u00e9 reunir nove mil visitantes e 200 expositores, al\u00e9m da presen\u00e7a de compradores de outros 30 pa\u00edses, como Col\u00f4mbia, M\u00e9xico, Estados Unidos, Portugal, Espanha e Egito, que estar\u00e3o reunidos por l\u00e1.<\/p>\n\n\n\n<p>Com uma grande diversidade de produtos no setor, o pa\u00eds bateu recorde de faturamento no ano passado, com 1,2 bilh\u00e3o de d\u00f3lares, segundo a Associa\u00e7\u00e3o Brasileira de Produtores e Exportadores de Frutas e Derivados (Abrafrutas).<em> \u201cO Brasil se colocou como mercado ideal para evento. \u00c9 o terceiro maior produtor de frutas do mundo. Tamb\u00e9m importamos frutas pela sazonalidade, o que coloca o pa\u00eds como setor importante no setor\u201d, <\/em>destaca Marcelo Vitali, diretor da How2Go e delegado da IFEMA MADRID no Brasil.<\/p>\n\n\n\n<p>Na Espanha, a edi\u00e7\u00e3o 2023 da Fruit Attraction Madrid reuniu 2 mil empresas expositoras de 56 pa\u00edses e 90 mil profissionais de 135 pa\u00edses. A expectativa, agora, \u00e9 repetir esse sucesso na primeira edi\u00e7\u00e3o no Brasil.<em> \u201cNossa produ\u00e7\u00e3o vem batendo recorde e crescer\u00e1 ainda mais depois deste grande evento. Esta troca global ajuda os neg\u00f3cios de todos\u201d,<\/em> afirma Maur\u00edcio Macedo, diretor-executivo da Fiera Milano Brasil, apoiadora da feira.<\/p>\n\n\n\n<p><strong>Servi\u00e7o<\/strong><strong>Fruit Attraction S\u00e3o Paulo<\/strong><strong><br><\/strong>Data: 16 a 18 de abril de 2024<br>Hor\u00e1rio: das 10h \u00e0s 18h<br>Local: S\u00e3o Paulo Expo Exhibition &amp; Convention Center<br>Endere\u00e7o: Rodovia dos Imigrantes, 1,5 km &#8211; Vila \u00c1gua Funda, S\u00e3o Paulo &#8211; SP<\/p>\n","protected":false},"excerpt":{"rendered":"<p>Interessados podem se cadastrar gratuitamente no site da feira at\u00e9 o dia 10 de abril A Fruit Attraction S\u00e3o Paulo prorrogou para o dia 10 de abril o credenciamento gratuito da primeira edi\u00e7\u00e3o brasileira da feira de frutas e vegetais, que ocorre entre os dias 16 e 18 de abril, na S\u00e3o Paulo Expo. Realizada [&hellip;]<\/p>\n","protected":false},"author":2,"featured_media":1202,"comment_status":"open","ping_status":"open","sticky":false,"template":"","format":"standard","meta":{"footnotes":""},"categories":[1],"tags":[],"class_list":{"0":"post-1201","1":"post","2":"type-post","3":"status-publish","4":"format-standard","5":"has-post-thumbnail","7":"category-workshopsepalestras"},"_links":{"self":[{"href":"https:\/\/tveventos.tv.br\/index.php?rest_route=\/wp\/v2\/posts\/1201","targetHints":{"allow":["GET"]}}],"collection":[{"href":"https:\/\/tveventos.tv.br\/index.php?rest_route=\/wp\/v2\/posts"}],"about":[{"href":"https:\/\/tveventos.tv.br\/index.php?rest_route=\/wp\/v2\/types\/post"}],"author":[{"embeddable":true,"href":"https:\/\/tveventos.tv.br\/index.php?rest_route=\/wp\/v2\/users\/2"}],"replies":[{"embeddable":true,"href":"https:\/\/tveventos.tv.br\/index.php?rest_route=%2Fwp%2Fv2%2Fcomments&post=1201"}],"version-history":[{"count":1,"href":"https:\/\/tveventos.tv.br\/index.php?rest_route=\/wp\/v2\/posts\/1201\/revisions"}],"predecessor-version":[{"id":1203,"href":"https:\/\/tveventos.tv.br\/index.php?rest_route=\/wp\/v2\/posts\/1201\/revisions\/1203"}],"wp:featuredmedia":[{"embeddable":true,"href":"https:\/\/tveventos.tv.br\/index.php?rest_route=\/wp\/v2\/media\/1202"}],"wp:attachment":[{"href":"https:\/\/tveventos.tv.br\/index.php?rest_route=%2Fwp%2Fv2%2Fmedia&parent=1201"}],"wp:term":[{"taxonomy":"category","embeddable":true,"href":"https:\/\/tveventos.tv.br\/index.php?rest_route=%2Fwp%2Fv2%2Fcategories&post=1201"},{"taxonomy":"post_tag","embeddable":true,"href":"https:\/\/tveventos.tv.br\/index.php?rest_route=%2Fwp%2Fv2%2Ftags&post=1201"}],"curies":[{"name":"wp","href":"https:\/\/api.w.org\/{rel}","templated":true}]}}