{"id":1204,"date":"2024-04-02T14:29:25","date_gmt":"2024-04-02T17:29:25","guid":{"rendered":"https:\/\/tveventos.tv.br\/?p=1204"},"modified":"2024-04-02T14:29:29","modified_gmt":"2024-04-02T17:29:29","slug":"fruit-attraction-sao-paulo","status":"publish","type":"post","link":"https:\/\/tveventos.tv.br\/?p=1204","title":{"rendered":"Fruit Attraction S\u00e3o Paulo"},"content":{"rendered":"\n<p>A Fruit Attraction, uma das principais refer\u00eancias mundiais para a comercializa\u00e7\u00e3o de frutas e legumes, e o ponto de encontro para novas rela\u00e7\u00f5es comerciais s\u00f3lidas e oportunidades em novos mercados globais, organizada pela IFEMA MADRID e pela FEPEX, enfrenta seu processo de internacionaliza\u00e7\u00e3o como uma marca global de refer\u00eancia e chega a Am\u00e9rica Latina para a primeira edi\u00e7\u00e3o no Brasil.<\/p>\n\n\n\n<p>Junte-se a n\u00f3s, nos dias 16 a 18 de abri das 10h \u00e0s 18h, no prestigiado S\u00e3o Paulo Expo.<\/p>\n\n\n\n<h4 class=\"wp-block-heading\"><strong>LOCAL DO EVENTO<\/strong><\/h4>\n\n\n\n<p>Rodovia dos Imigrantes, 1,5 km \u2013 Vila \u00c1gua Funda, S\u00e3o Paulo \u2013 SP, 04329-900.<\/p>\n","protected":false},"excerpt":{"rendered":"<p>A Fruit Attraction, uma das principais refer\u00eancias mundiais para a comercializa\u00e7\u00e3o de frutas e legumes, e o ponto de encontro para novas rela\u00e7\u00f5es comerciais s\u00f3lidas e oportunidades em novos mercados globais, organizada pela IFEMA MADRID e pela FEPEX, enfrenta seu processo de internacionaliza\u00e7\u00e3o como uma marca global de refer\u00eancia e chega a Am\u00e9rica Latina para [&hellip;]<\/p>\n","protected":false},"author":2,"featured_media":1205,"comment_status":"open","ping_status":"open","sticky":false,"template":"","format":"standard","meta":{"footnotes":""},"categories":[25],"tags":[],"class_list":{"0":"post-1204","1":"post","2":"type-post","3":"status-publish","4":"format-standard","5":"has-post-thumbnail","7":"category-calendariodeeventos"},"_links":{"self":[{"href":"https:\/\/tveventos.tv.br\/index.php?rest_route=\/wp\/v2\/posts\/1204","targetHints":{"allow":["GET"]}}],"collection":[{"href":"https:\/\/tveventos.tv.br\/index.php?rest_route=\/wp\/v2\/posts"}],"about":[{"href":"https:\/\/tveventos.tv.br\/index.php?rest_route=\/wp\/v2\/types\/post"}],"author":[{"embeddable":true,"href":"https:\/\/tveventos.tv.br\/index.php?rest_route=\/wp\/v2\/users\/2"}],"replies":[{"embeddable":true,"href":"https:\/\/tveventos.tv.br\/index.php?rest_route=%2Fwp%2Fv2%2Fcomments&post=1204"}],"version-history":[{"count":1,"href":"https:\/\/tveventos.tv.br\/index.php?rest_route=\/wp\/v2\/posts\/1204\/revisions"}],"predecessor-version":[{"id":1206,"href":"https:\/\/tveventos.tv.br\/index.php?rest_route=\/wp\/v2\/posts\/1204\/revisions\/1206"}],"wp:featuredmedia":[{"embeddable":true,"href":"https:\/\/tveventos.tv.br\/index.php?rest_route=\/wp\/v2\/media\/1205"}],"wp:attachment":[{"href":"https:\/\/tveventos.tv.br\/index.php?rest_route=%2Fwp%2Fv2%2Fmedia&parent=1204"}],"wp:term":[{"taxonomy":"category","embeddable":true,"href":"https:\/\/tveventos.tv.br\/index.php?rest_route=%2Fwp%2Fv2%2Fcategories&post=1204"},{"taxonomy":"post_tag","embeddable":true,"href":"https:\/\/tveventos.tv.br\/index.php?rest_route=%2Fwp%2Fv2%2Ftags&post=1204"}],"curies":[{"name":"wp","href":"https:\/\/api.w.org\/{rel}","templated":true}]}}