{"id":1210,"date":"2024-04-02T16:47:50","date_gmt":"2024-04-02T19:47:50","guid":{"rendered":"https:\/\/tveventos.tv.br\/?p=1210"},"modified":"2024-04-02T16:47:53","modified_gmt":"2024-04-02T19:47:53","slug":"fispal-food-service-e-fispal-sorvetes-oferecem-oportunidades-de-negocios-e-conteudos-para-profissionais-do-setor-de-alimentacao-fora-do-lar","status":"publish","type":"post","link":"https:\/\/tveventos.tv.br\/?p=1210","title":{"rendered":"Fispal Food Service e Fispal Sorvetes oferecem oportunidades de neg\u00f3cios e conte\u00fados para profissionais do setor de alimenta\u00e7\u00e3o fora do lar"},"content":{"rendered":"\n<p class=\"has-text-align-center\"><em>Est\u00e3o abertas as vendas de ingressos para os eventos que t\u00eam in\u00edcio entre os dias 11 e 14 de junho,<\/em><br><em>no Expo Center Norte, em S\u00e3o Paulo<\/em><\/p>\n\n\n\n<p>Um dos segmentos mais din\u00e2micos da economia, com crescimento que ultrapassou os 3% em 2023, vai encontrar terreno f\u00e9rtil em oportunidades e gest\u00e3o de neg\u00f3cios, al\u00e9m de muita inova\u00e7\u00e3o e conte\u00fados, na <strong>Fispal Food Service<\/strong>, que abre as portas ao p\u00fablico de 11 a 14 de junho, no Expo Center Norte, em S\u00e3o Paulo. Tamb\u00e9m acontece simultaneamente \u00e0 <strong>Fispal Sorvetes, <\/strong>a maior feira do setor da Am\u00e9rica Latina.<br>&nbsp;<\/p>\n\n\n\n<p>Com 40 anos de hist\u00f3ria, a Fispal Food Service e a Fispal Sorvetes se consolidam como a principal plataforma de conex\u00e3o para o setor de alimenta\u00e7\u00e3o fora do lar, e que neste ano figura sob o lema &#8220;Conex\u00f5es que transformam vidas&#8221;.<br>&nbsp;<\/p>\n\n\n\n<p>Nas palavras do gerente de Neg\u00f3cios da Fispal Food Service, Daniel Corigliano, o maior pilar nesses 40 anos de Fispal \u00e9 a conex\u00e3o que abrange toda a cadeia do Food Service, incluindo inova\u00e7\u00e3o, gera\u00e7\u00e3o de neg\u00f3cios e outros pontos de aprimoramento do setor. \u201cNa Fispal, damos a oportunidade para profissionais desenvolverem seus neg\u00f3cios, conectando-os a mais de 1.800 fornecedores nacionais e internacionais, al\u00e9m de oferecer atra\u00e7\u00f5es de experi\u00eancias e conte\u00fados, que fazem parte do nosso Servi\u00e7o de Desenvolvimento do Mercado\u201d, explica.<br>&nbsp;<\/p>\n\n\n\n<p>As Feiras s\u00e3o organizadas pela Informa Markets e se tornaram uma importante interface em gest\u00e3o para atender toda a cadeia do food service, apoiando as empresas desde a consultoria do projeto at\u00e9 o acesso a novas tecnologias e conte\u00fados para o aprimoramento dos servi\u00e7os e dos neg\u00f3cios.<br>&nbsp;<\/p>\n\n\n\n<p>Segundo a Abrasel Nacional (Associa\u00e7\u00e3o Brasileira de Bares e Restaurantes) o segmento de food service (setor da ind\u00fastria de alimentos e bebidas que fornece refei\u00e7\u00f5es prontas fora do ambiente dom\u00e9stico), al\u00e9m de crescer mais de 3%, gerou no ano passado mais de 170 mil empregos.<br>&nbsp;<\/p>\n\n\n\n<p>\u201cAs Feiras mostram sua import\u00e2ncia na gest\u00e3o das empresas, principalmente no que se refere ao relacionamento com o mercado, aproximando os diversos segmentos da cadeia, tanto os empres\u00e1rios expositores quanto os participantes. Isso ajuda na inova\u00e7\u00e3o de ideias quando esses potenciais parceiros comerciais se conectam, fazendo gera\u00e7\u00e3o de neg\u00f3cios e colaborando com o desenvolvimento do mercado de food service\u201d, diz Corigliano.<br>&nbsp;<\/p>\n\n\n\n<p>A Fispal Food Service reunir\u00e1 1.800 marcas expositoras com expectativa de p\u00fablico chegando a 52 mil visitantes de 26 pa\u00edses, al\u00e9m de mais de 125 horas de conte\u00fados e atra\u00e7\u00f5es e experi\u00eancias, ressalta a organiza\u00e7\u00e3o do evento. Entre os visitantes, destacam-se profissionais de restaurantes, bares, pizzarias, padarias, sorveterias, ind\u00fastrias de sorvetes e outros estabelecimentos do setor.<br>&nbsp;<\/p>\n\n\n\n<p>Al\u00e9m do evento presencial, a Fispal oferece a <a href=\"https:\/\/s2404.imxsnd26.com\/link.php?code=bDpodHRwcyUzQSUyRiUyRmFwcC5pbmZvcm1hbWFya2V0cy5jb20uYnIlMkZldmVudCUyRmZpc3BhbC1mb29kLXNlcnZpY2UtMjAyNDoyMDAwMzY1NTY0OnJlZGFjYW90dmV2ZW50b3NAZ21haWwuY29tOmIzMzhmMDo3NQ==\">Plataforma Fispal Food Digital<\/a>, na qual profissionais do setor podem se conectar e fazer neg\u00f3cios durante o ano inteiro.<br>&nbsp;<\/p>\n\n\n\n<p>As Feiras t\u00eam ainda como parceiro estrat\u00e9gico a Abrasel Nacional, organiza\u00e7\u00e3o que representa o setor de alimenta\u00e7\u00e3o fora do lar, e tamb\u00e9m o apoio da ANR (Associa\u00e7\u00e3o Nacional dos Restaurantes), Abrasorvete (Associa\u00e7\u00e3o Brasileira do Sorvete e Outros Gelados Comest\u00edveis), Instituto FoodService Brasil e da Agagel (Associa\u00e7\u00e3o Ga\u00facha de Gelados Comest\u00edveis).<\/p>\n\n\n\n<p><strong>Crescimento sustent\u00e1vel<\/strong><\/p>\n\n\n\n<p>O compromisso com a sustentabilidade \u00e9 uma das principais marcas da Fispal. S\u00e3o mais de 40 iniciativas que dialogam diretamente com pelo menos nove Objetivos de Desenvolvimento Sustent\u00e1vel (ODS), da ONU (Fome Zero e Agricultura Sustent\u00e1vel; Sa\u00fade e Bem-Estar; Educa\u00e7\u00e3o de Qualidade; Energia Acess\u00edvel e Limpa; Trabalho Decente e Crescimento Econ\u00f4mico; Ind\u00fastria, Inova\u00e7\u00e3o e Infraestrutura; Redu\u00e7\u00e3o das Desigualdades; Consumo e Produ\u00e7\u00e3o Respons\u00e1veis, al\u00e9m de Parcerias e Meios de Implementa\u00e7\u00e3o).<br>&nbsp;<\/p>\n\n\n\n<p>As atra\u00e7\u00f5es da Fispal Food Service fazem parte do \u201cServi\u00e7o de Desenvolvimento do Mercado\u201d, programa lan\u00e7ado em 2023, com o objetivo de apoiar os micros e pequenos empreendedores, oferecendo uma programa\u00e7\u00e3o com temas de modo a manter os profissionais da \u00e1rea atualizados para inovarem e crescerem dentro desse mercado. Entre as atra\u00e7\u00f5es confirmadas destacam-se:<\/p>\n\n\n\n<ul class=\"wp-block-list\">\n<li><strong>Fale com um Especialista<\/strong> &#8211; consultoria gratuita para os visitantes com profissionais especializados em Gest\u00e3o de Estabelecimentos (MAS) e Projetos de Cozinha Profissional (KD).<\/li>\n\n\n\n<li><strong>Oficina da Pizza por Elas<\/strong> &#8211; renomadas chefs mulheres pizzaiolas far\u00e3o apresenta\u00e7\u00f5es mostrando suas t\u00e9cnicas para a produ\u00e7\u00e3o de diversos estilos de pizza. Atra\u00e7\u00e3o em parceria com o CTP (Centro Tecnol\u00f3gico de Desenvolvimento de Pizzas e Massas).<\/li>\n\n\n\n<li><strong>Conex\u00f5es FoodTechs<\/strong> &#8211; projeto que cria ambiente de trocas e relacionamento entre operadores e empresas de tecnologia para foodservice.<\/li>\n\n\n\n<li><strong>Lounge dos Embaixadores<\/strong> \u2013 espa\u00e7o exclusivo para networking e troca de experi\u00eancias, com contato direto com grandes profissionais do mercado de alimenta\u00e7\u00e3o fora do lar.<\/li>\n\n\n\n<li><strong>Arena Senai <\/strong>&#8211; Ciclo de palestras envolvendo tem\u00e1ticas como tecnologia de desenvolvimento de produtos, cadeia do frio, log\u00edstica, efici\u00eancia energ\u00e9tica entre outras.<\/li>\n<\/ul>\n\n\n\n<p><strong>Sobre a Fispal Food Service e a Fispal Sorvetes<\/strong><\/p>\n\n\n\n<p>A Fispal Food Service e a Fispal Sorvetes s\u00e3o o maior e mais importante evento para o setor de alimenta\u00e7\u00e3o fora do lar da Am\u00e9rica do Sul, completando 40 anos de hist\u00f3ria neste ano, marcando uma jornada rica de aprendizados, inova\u00e7\u00e3o e evolu\u00e7\u00e3o constante. Os eventos servem como uma plataforma \u00fanica para o lan\u00e7amento de produtos inovadores, a descoberta de novas tecnologias e a forma\u00e7\u00e3o de parcerias estrat\u00e9gicas.<br>&nbsp;<\/p>\n\n\n\n<p>Mais informa\u00e7\u00f5es sobre as feiras acesse <a href=\"https:\/\/s2404.imxsnd26.com\/link.php?code=bDpodHRwcyUzQSUyRiUyRnd3dy5maXNwYWxmb29kc2VydmljZS5jb20uYnIlMkZwdCUyRmhvbWUuaHRtbDoyMDAwMzY1NTY0OnJlZGFjYW90dmV2ZW50b3NAZ21haWwuY29tOjFkM2RhMTo3NQ==\">aqui<\/a><\/p>\n\n\n\n<p>Os visitantes podem fazer o credenciamento por este <a href=\"https:\/\/s2404.imxsnd26.com\/link.php?code=bDpodHRwcyUzQSUyRiUyRnd3dy5maXNwYWxmb29kc2VydmljZS5jb20uYnIlMkZwdCUyRmNyZWRlbmNpYW1lbnRvLmh0bWw6MjAwMDM2NTU2NDpyZWRhY2FvdHZldmVudG9zQGdtYWlsLmNvbToxYWM3MDk6NzU=\">link<br><\/a>&nbsp;<\/p>\n\n\n\n<p><strong>Sobre a Informa Markets<\/strong>&nbsp;<\/p>\n\n\n\n<p>A Informa Markets conecta pessoas e mercados por meio de solu\u00e7\u00f5es digitais, conte\u00fado especializado, feiras de neg\u00f3cios, eventos h\u00edbridos e intelig\u00eancia de mercado, construindo uma jornada de relacionamento e neg\u00f3cios entre empresas e mercados 365 dias por ano. Presente em mais de 30 pa\u00edses, atua h\u00e1 mais de 27 anos na Am\u00e9rica Latina, e conta hoje com tr\u00eas unidades de neg\u00f3cios: Brasil, M\u00e9xico e Latam Hub, respons\u00e1veis pela entrega de mais de 30 eventos h\u00edbridos, 70 eventos digitais, portais de not\u00edcia e plataformas digitais de conex\u00e3o e neg\u00f3cios. Para saber mais informa\u00e7\u00f5es, acesse<a href=\"https:\/\/s2404.imxsnd26.com\/link.php?code=bDpodHRwcyUzQSUyRiUyRnd3dy5pbmZvcm1hbWFya2V0cy5jb20uYnI6MjAwMDM2NTU2NDpyZWRhY2FvdHZldmVudG9zQGdtYWlsLmNvbToyOGE3NWU6NzU=\"> aqui<\/a>&nbsp;<\/p>\n\n\n\n<p><strong>Servi\u00e7o:<\/strong><\/p>\n\n\n\n<p><strong>Data<\/strong>: 11 a 14 de junho de 2024.<\/p>\n\n\n\n<p><strong>Local<\/strong>: Expo Center Norte;<\/p>\n\n\n\n<p><strong>Endere\u00e7o<\/strong>: Rua Jos\u00e9 Bernardo Pinto, 333 &#8211; Vila Guilherme, S\u00e3o Paulo.<\/p>\n\n\n\n<p><strong>Hor\u00e1rios: <\/strong>Ter\u00e7a a quinta-feira: 13h \u00e0s 20h | Sexta-feira: 13 \u00e0s 19h.<\/p>\n","protected":false},"excerpt":{"rendered":"<p>Est\u00e3o abertas as vendas de ingressos para os eventos que t\u00eam in\u00edcio entre os dias 11 e 14 de junho,no Expo Center Norte, em S\u00e3o Paulo Um dos segmentos mais din\u00e2micos da economia, com crescimento que ultrapassou os 3% em 2023, vai encontrar terreno f\u00e9rtil em oportunidades e gest\u00e3o de neg\u00f3cios, al\u00e9m de muita inova\u00e7\u00e3o [&hellip;]<\/p>\n","protected":false},"author":2,"featured_media":1211,"comment_status":"open","ping_status":"open","sticky":false,"template":"","format":"standard","meta":{"footnotes":""},"categories":[23],"tags":[],"class_list":{"0":"post-1210","1":"post","2":"type-post","3":"status-publish","4":"format-standard","5":"has-post-thumbnail","7":"category-feirasdenegocios"},"_links":{"self":[{"href":"https:\/\/tveventos.tv.br\/index.php?rest_route=\/wp\/v2\/posts\/1210","targetHints":{"allow":["GET"]}}],"collection":[{"href":"https:\/\/tveventos.tv.br\/index.php?rest_route=\/wp\/v2\/posts"}],"about":[{"href":"https:\/\/tveventos.tv.br\/index.php?rest_route=\/wp\/v2\/types\/post"}],"author":[{"embeddable":true,"href":"https:\/\/tveventos.tv.br\/index.php?rest_route=\/wp\/v2\/users\/2"}],"replies":[{"embeddable":true,"href":"https:\/\/tveventos.tv.br\/index.php?rest_route=%2Fwp%2Fv2%2Fcomments&post=1210"}],"version-history":[{"count":1,"href":"https:\/\/tveventos.tv.br\/index.php?rest_route=\/wp\/v2\/posts\/1210\/revisions"}],"predecessor-version":[{"id":1212,"href":"https:\/\/tveventos.tv.br\/index.php?rest_route=\/wp\/v2\/posts\/1210\/revisions\/1212"}],"wp:featuredmedia":[{"embeddable":true,"href":"https:\/\/tveventos.tv.br\/index.php?rest_route=\/wp\/v2\/media\/1211"}],"wp:attachment":[{"href":"https:\/\/tveventos.tv.br\/index.php?rest_route=%2Fwp%2Fv2%2Fmedia&parent=1210"}],"wp:term":[{"taxonomy":"category","embeddable":true,"href":"https:\/\/tveventos.tv.br\/index.php?rest_route=%2Fwp%2Fv2%2Fcategories&post=1210"},{"taxonomy":"post_tag","embeddable":true,"href":"https:\/\/tveventos.tv.br\/index.php?rest_route=%2Fwp%2Fv2%2Ftags&post=1210"}],"curies":[{"name":"wp","href":"https:\/\/api.w.org\/{rel}","templated":true}]}}