{"id":1213,"date":"2024-04-03T17:47:43","date_gmt":"2024-04-03T20:47:43","guid":{"rendered":"https:\/\/tveventos.tv.br\/?p=1213"},"modified":"2024-04-03T17:47:46","modified_gmt":"2024-04-03T20:47:46","slug":"anuga-select-brazil-2024-sera-aberta-na-terca-feira-no-distrito-anhembi-em-sao-paulo","status":"publish","type":"post","link":"https:\/\/tveventos.tv.br\/?p=1213","title":{"rendered":"Anuga Select Brazil 2024 ser\u00e1 aberta na ter\u00e7a-feira, no Distrito Anhembi, em S\u00e3o Paulo"},"content":{"rendered":"\n<p class=\"has-text-align-center\"><em>Em sua 5\u00aa edi\u00e7\u00e3o, a Feira Internacional Exclusiva para o Setor de Alimentos e Bebidas reunir\u00e1 mais de 500 marcas expositoras nacionais e internacionais<\/em><\/p>\n\n\n\n<p>A ANUGA Select Brazil \u2013 Feira Internacional Exclusiva para o Setor de Alimentos e Bebidas,&nbsp;ser\u00e1 aberta na ter\u00e7a-feira (9\/04) e seguir\u00e1 at\u00e9 quinta-feira (11\/04), no Distrito Anhembi, em S\u00e3o Paulo. A&nbsp;<strong>cerim\u00f4nia de abertura est\u00e1 marcada para \u00e0s 10h, no&nbsp;<\/strong><strong>audit\u00f3rio principal,&nbsp;<\/strong>com&nbsp;as presen\u00e7as do&nbsp;secret\u00e1rio de Com\u00e9rcio e Rela\u00e7\u00f5es Internacionais,&nbsp;do Minist\u00e9rio da Agricultura, Pecu\u00e1ria e Abastecimento (Mapa), Roberto Serroni Perosa, representando o ministro do Mapa, Carlos Henrique B. F\u00e1varo; da presidente da Embrapa, Silvia Massruh\u00e1; do presidente da Apex-Brasil, Jorge Ney Viana Macedo; Rui Gomes Junior, presidente da Investe-SP, al\u00e9m de&nbsp;executivos das entidades setoriais e dos consulados e c\u00e2maras de com\u00e9rcio. Os convidados ser\u00e3o recebidos por&nbsp;Oliver Frese, Chief Operating Officer da Koelnmesse GmbH, e Beni Piatetzky, diretor geral da Koelnmesse Brasil, organizadora do evento e subsidi\u00e1ria brasileira da Koelnmesse GmbH.<br>&nbsp;<\/p>\n\n\n\n<p>Em sua 5\u00aa edi\u00e7\u00e3o, a mostra re\u00fane lan\u00e7amentos, novidades e inova\u00e7\u00e3o de setores que movimentam a economia no pa\u00eds. S\u00e3o esperadas mais de 500 marcas expositoras, vindas de 25 pa\u00edses, o que representa um aumento de 30% em rela\u00e7\u00e3o \u00e0 \u00faltima edi\u00e7\u00e3o, e que ocupar\u00e3o uma \u00e1rea de 12 mil m2. Este ano a feira traz ainda mais conte\u00fado, networking e inova\u00e7\u00e3o, com seis audit\u00f3rios e mais de 125 horas de conte\u00fado apresentado por especialistas do setor. A expectativa da organiza\u00e7\u00e3o \u00e9 ultrapassar a marca dos 16 mil visitantes ao longo dos tr\u00eas dias de evento.<br>&nbsp;<\/p>\n\n\n\n<p>O diretor geral da Koelnmesse Brasil, Beni Piatetzky, destaca que com a entrada da marca mundial \u201cAnuga Brazil\u201d (substituindo o anterior ANUFOOD Brazi) a Feira ganha ainda mais for\u00e7a no com\u00e9rcio entre quase 130 pa\u00edses onde a empresa possui representantes ou subsidi\u00e1ria. \u201cEsta edi\u00e7\u00e3o da Anuga tem um peso muito especial para a Koelnmesse no Brasil e no mundo, pois a empresa est\u00e1 comemorando 100 anos de exist\u00eancia.Estamos falando deuma plataforma de muita relev\u00e2ncia, pois possibilita que empresas de diferentes locais do Brasil e do exterior se encontrem para fazer networking, se atualizem sobre o mercado, participem de experi\u00eancias com especialistas e encontrem solu\u00e7\u00f5es para os seus neg\u00f3cios\u201d, ressalta Piatetzky.<br>&nbsp;<\/p>\n\n\n\n<p>O grande diferencial da ANUGA Brazil \u00e9 ser uma plataforma completa para o setor, por meio da sua diversidade de atra\u00e7\u00f5es, produtos nacionais e importados diferenciados em diversas categorias &#8211; org\u00e2nicos, halal,&nbsp;<em>plant-based<\/em>, vegetarianos,&nbsp;<em>gourmet<\/em>, al\u00e9m de lan\u00e7amentos e experi\u00eancias na feira que apresentam oportunidades de crescimento para o operador de&nbsp;<em>food service<\/em>&nbsp;e o varejista alimentar.<br>&nbsp;<\/p>\n\n\n\n<p>Para a gerente da Anuga Brazil, Polliana Claudino,&nbsp;o Brasil \u00e9 um dos maiores produtores e exportadores de alimentos do mundo, o que possibilita garantir que o setor continue em evid\u00eancia e em crescimento. \u201cO setor tem passado por um processo de moderniza\u00e7\u00e3o e diversifica\u00e7\u00e3o, com o surgimento de novas tend\u00eancias, como alimentos org\u00e2nicos, funcionais e&nbsp;<em>plant-based<\/em>&nbsp;e a Anuga Brazil est\u00e1 acompanhando tudo isso para um crescimento org\u00e2nico a cada edi\u00e7\u00e3o\u201d, afirmou.<br>&nbsp;<\/p>\n\n\n\n<p>Um dos pontos altos da Anuga Brazil \u00e9 o seu ambiente especialmente preparado para apresentar e reunir potenciais oportunidades de neg\u00f3cios. Da\u00ed a import\u00e2ncia da&nbsp;<strong>Mega Rodada de Neg\u00f3cios<\/strong>, conjunto de tr\u00eas atividades em apenas uma: a primeira com os &#8216;hosted buyers&#8217;, a segunda trazida pela Apex-Brasil, com compradores internacionais, e a terceira pela FOHB (F\u00f3rum de Operadores Hoteleiros do Brasil), fazendo conex\u00f5es com as principais redes hoteleiras do Brasil.<br>&nbsp;<\/p>\n\n\n\n<p>Da mesma forma, o&nbsp;<strong>Programa VIP Premium de Compradores,&nbsp;<\/strong>aFeira traz um canal de comunica\u00e7\u00e3o para estreitar o relacionamento com os compradores mais importantes dos diversos canais do setor de alimentos e bebidas, por meio de um programa exclusivo de fidelidade, al\u00e9m de recep\u00e7\u00e3o e servi\u00e7os diferenciados. Esse programa \u00e9 realizado em parceria com a DDML, ag\u00eancia especializada em qualifica\u00e7\u00e3o de compradores para feiras de neg\u00f3cios.<br>&nbsp;<\/p>\n\n\n\n<p>Segundo&nbsp;<a href=\"https:\/\/s2404.imxsnd26.com\/link.php?code=bDpodHRwcyUzQSUyRiUyRnd3dy5hYmlhLm9yZy5iciUyRnJlbGVhc2VzJTJGaW5kdXN0cmlhLWRlLWFsaW1lbnRvcy1kby1icmFzaWwtZ2VyYS03MC1taWwtdmFnYXMtZGUtZW1wcmVnby1lbS0yMDIzOjE1OTIxNjczOTg6cmVkYWNhb3R2ZXZlbnRvc0BnbWFpbC5jb206NGEwMzQyOjc1\" target=\"_blank\" rel=\"noreferrer noopener\"><u>levantamento<\/u><\/a>&nbsp;da ABIA (Associa\u00e7\u00e3o Brasileira da Ind\u00fastria de Alimentos), o faturamento da ind\u00fastria de alimentos em 2023 foi de R\uff04 1,161 trilh\u00e3o, 7,2% acima do apurado no ano anterior (em termos nominais), acompanhando o crescimento das vendas para o varejo e o&nbsp;<em>food service<\/em>, e das exporta\u00e7\u00f5es.<br>&nbsp;<\/p>\n\n\n\n<p>Tamb\u00e9m \u00e9 o setor que mais emprega no Brasil. O balan\u00e7o anual da Associa\u00e7\u00e3o revela que o setor abriu 70 mil novos postos de trabalho diretos e formais, representando 67% do total gerado na ind\u00fastria de transforma\u00e7\u00e3o. Juntamente com os 280 mil postos indiretos, chega-se a 350 mil novos trabalhadores ao longo da cadeia produtiva. O n\u00famero de trabalhadores diretos atingiu 1,97 milh\u00e3o, registrando um crescimento de 3,7% em rela\u00e7\u00e3o a 2022.<br>&nbsp;<\/p>\n\n\n\n<p><strong>Conte\u00fados, neg\u00f3cios e experi\u00eancias<\/strong><br>&nbsp;<\/p>\n\n\n\n<p>Entre as atra\u00e7\u00f5es da Anuga Select Brazil destacam-se os seguintes eventos de conte\u00fado:<br>&nbsp;<\/p>\n\n\n\n<p>\u25cf&nbsp;<strong>2\u00ba Workshop A\u00e7ougue de Primeira<\/strong>&nbsp;\u2013 evento realizado pela Expo Supermercados, ideal para Propriet\u00e1rios, Gestores, A\u00e7ougueiros e Especialistas em Carnes que buscam transformar seus neg\u00f3cios agora;<\/p>\n\n\n\n<p>\u25cf&nbsp;<strong>3\u00ba Congresso Nacional para Supermercados de Bairro<\/strong>&nbsp;\u2013 com a participa\u00e7\u00e3o principais l\u00edderes, supermercadistas e empreendedores no Congresso Nacional de Supermercados de Bairro;<\/p>\n\n\n\n<p>\u25cf&nbsp;<strong>Anuga Cast<\/strong>&nbsp;&#8211; podcast realizado em colabora\u00e7\u00e3o exclusiva com a Rede Food Service, com entrevistas, conte\u00fado enriquecedor e as perspectivas de renomados palestrantes;<\/p>\n\n\n\n<p>\u25cf&nbsp;<strong>Anuga StartUp Zone by Mango Ventures<\/strong>&nbsp;\u2013 ponto de encontro, conte\u00fado e networking para a comunidade de startups do setor de A&amp;B com Hackathon fomentado pela Mango Ventures;<\/p>\n\n\n\n<p>\u25cf&nbsp;<strong>Congresso ABIR com painel de Inova\u00e7\u00e3o<\/strong>&nbsp;&#8211; discuss\u00f5es e debates sobre a inova\u00e7\u00e3o do setor de bebidas n\u00e3o alco\u00f3licas, organizado pela ABIR (Associa\u00e7\u00e3o Brasileira das Ind\u00fastrias de Refrigerantes e de Bebidas n\u00e3o Alco\u00f3licas);<\/p>\n\n\n\n<p>\u25cf&nbsp;<strong>V Encontro ABRASEL &#8211; ESBRE: Saberes para Bares e Restaurantes<\/strong>&nbsp;&#8211; organizado pela Abrasel SP e Bares SP com debates e discuss\u00f5es com os especialistas do setor de bares e restaurantes;<\/p>\n\n\n\n<p>\u25cf&nbsp;<strong>Workshop \u201cAPEX by PEIEX\u201d<\/strong>&nbsp;&#8211; programa que oferece um ambiente de aprendizado com conte\u00fado exclusivo, proporcionando experi\u00eancia para impulsionar a presen\u00e7a global de marcas exportadoras.<br>&nbsp;<\/p>\n\n\n\n<p><strong>Para a realiza\u00e7\u00e3o de neg\u00f3cios, a Feira prepara as seguintes atra\u00e7\u00f5es:<\/strong><br>&nbsp;<\/p>\n\n\n\n<p>\u25cf&nbsp;<strong>Anuga Partner State<\/strong>&nbsp;\u2013 exposi\u00e7\u00e3o de produtos de Rond\u00f4nia, estado parceiro da Feira, que trar\u00e1 produtos para evidenciar as marcas de produtores do estado;<\/p>\n\n\n\n<p>\u25cf&nbsp;<strong>Supermercado Modelo<\/strong>&nbsp;&#8211; realizado pela Expo Supermercados, o supermercado modelo ser\u00e1 montado num espa\u00e7o de 182 m2 com os principais fornecedores que atendem este setor;<\/p>\n\n\n\n<p>\u25cf&nbsp;<strong>Halal Zone<\/strong>&nbsp;&#8211; pavilh\u00e3o exclusivo dedicado a produtos de alimentos e bebidas certificados Halal, em parceria com a certificadora Fambras Halal;<\/p>\n\n\n\n<p>\u25cf&nbsp;<strong>Coquetel de Networking Expositores e Compradores<\/strong>&nbsp;\u2013 momento ao final do dia do evento para troca de ideias e neg\u00f3cios;<\/p>\n\n\n\n<p>\u25cf&nbsp;<strong>Espa\u00e7o Descobertas&nbsp;<\/strong>&#8211; espa\u00e7o com mentoria da Local.e, onde 52 marcas de alimentos e bebidas mostram as tend\u00eancias e lan\u00e7amentos dentro de um pavilh\u00e3o de 324 m\u00b2;<\/p>\n\n\n\n<p>\u25cf&nbsp;<strong>Espa\u00e7o Food Trends<\/strong>&nbsp;\u2013 pavilh\u00e3o de 108 m\u00b2 com 16 empresas brasileiras com produtos inovadores, diferenciados e disruptivos em diversas categorias;<\/p>\n\n\n\n<p>\u25cf&nbsp;<strong>Expo Azeite<\/strong>&nbsp;&#8211; em sua 14\u00b0 edi\u00e7\u00e3o, a feira se aloca adjunto a Anuga Brazil, trazendo ainda mais visibilidade e neg\u00f3cios para o setor, com conte\u00fado e aulas show;<\/p>\n\n\n\n<p>\u25cf&nbsp;<strong>My First Anuga<\/strong>&nbsp;\u2013 incentivo a empresas de pequeno porte do setor a participar pela primeira vez em uma feira de neg\u00f3cios do setor de A&amp;B;<\/p>\n\n\n\n<p>\u25cf&nbsp;<strong>Pavilh\u00e3o ApexBrasil<\/strong>&nbsp;\u2013 com 189 m\u00b2, a ApexBrasil apresentar\u00e1 40 marcas nacionais inovadoras, revelando lan\u00e7amentos e novidades;<\/p>\n\n\n\n<p>\u25cf&nbsp;<strong>Pavilh\u00e3o Atmosfera Org\u00e2nica<\/strong>&nbsp;&#8211; organizado pela Organis, reunir\u00e1 ind\u00fastrias nacionais e internacionais com produtos org\u00e2nicos;<\/p>\n\n\n\n<p>\u25cf&nbsp;<strong>Pavilh\u00e3o EMBRAPA<\/strong>&nbsp;\u2013 uma imers\u00e3o em inova\u00e7\u00e3o, sustentabilidade, tecnologia e melhores pr\u00e1ticas no setor proporcionado pelo conte\u00fado organizado pela EMBRAPA;<\/p>\n\n\n\n<p>\u25cf&nbsp;<strong>Pavilh\u00e3o Vegan Experience by SVB<\/strong>&nbsp;&#8211; exposi\u00e7\u00f5es, conte\u00fado e aulas show com produtos que possuem \u201cCertificado Produto Vegano SVB\u201d;<\/p>\n\n\n\n<p>\u25cf&nbsp;<strong>Pavilh\u00f5es Internacionais<\/strong>&nbsp;&#8211; mundo da culin\u00e1ria internacional em pavilh\u00f5es de mais de 25 pa\u00edses;<\/p>\n\n\n\n<p>\u25cf&nbsp;<strong>Programa \u2018We Take Care\u2019<\/strong>&nbsp;&#8211; com o suporte da Fulstanding, os expositores internacionais ter\u00e3o uma experi\u00eancia mais produtiva para a gera\u00e7\u00e3o de neg\u00f3cios na feira;<\/p>\n\n\n\n<p>\u25cf&nbsp;<strong>Show Room Sindal de Equipamentos e Tecnologia<\/strong>&nbsp;\u2013 s\u00e3o 225 m\u00b2 de inova\u00e7\u00e3o, um marco tecnol\u00f3gico no setor de food service, com solu\u00e7\u00f5es sustent\u00e1veis, inteligentes e personalizadas;<\/p>\n\n\n\n<p>\u25cf&nbsp;<strong>Oficina da Pizza<\/strong>&nbsp;&#8211; organizada em parceria com o Instituto ConPizza, os maiores especialistas em pizza do pa\u00eds far\u00e3o apresenta\u00e7\u00f5es durante todos os dias da feira, promovendo tamb\u00e9m o 2\u00b0 Campeonato de Pizzaiolo que levar\u00e1 o vencedor para Las Vegas;<\/p>\n\n\n\n<p>\u25cf&nbsp;<strong>Koelnmesse 100 anos<\/strong>&nbsp;\u2013 comemora\u00e7\u00e3o dos 100 anos da principal promotora de eventos na Alemanha;<\/p>\n\n\n\n<p>\u25cf&nbsp;<strong>Pr\u00eamio Anuga Brazil 2024<\/strong>&nbsp;\u2013 ser\u00e3o 3 categorias de premia\u00e7\u00e3o para os stands na feira \u2013 Sustent\u00e1vel, Inovador e Interativo. Quem vota \u00e9 o visitante e a premia\u00e7\u00e3o ocorrer\u00e1 no \u00faltimo dia de feiras no Prime Club.<\/p>\n\n\n\n<p><strong>Solenidade de Abertura<\/strong><\/p>\n\n\n\n<p>Entre os nomes confirmados para a cerim\u00f4nia de abertura da Anuga Select Brazil est\u00e3o&nbsp;<strong>Milton Jos\u00e9 Fornazieri,&nbsp;<\/strong>secret\u00e1rio de Abastecimento, Cooperativismo e Soberania Alimentar, do Mapa;&nbsp;<strong>Floriano Pesaro<\/strong>, diretor de Gest\u00e3o Corporativa da Apex-Brasil;&nbsp;<strong>Eloisa Garcia<\/strong>, diretora Geral do ITAL (Instituto Tecnol\u00f3gico de Alimentos);&nbsp;<strong>Alberto Pereira Gomes Amorim<\/strong>, assessor t\u00e9cnico de Gabinete da Secretaria de Estado de Agricultura e Abastecimento, de S\u00e3o Paulo;&nbsp;<strong>Ant\u00f4nio Duarte Nogueira J\u00fanior<\/strong>, prefeito de Ribeir\u00e3o Preto;&nbsp;<strong>S\u00e9rgio Gon\u00e7alves<\/strong>, vice-governador de Rond\u00f4nia;&nbsp;<strong>Maria Caroline Fleury de Lima<\/strong>; secret\u00e1ria de Estado do Entorno do Distrito Federal (DF);&nbsp;<strong>Fabio Em\u00edlio Peres<\/strong>, gerente de Coordena\u00e7\u00e3o de Projetos do Entorno do DF;&nbsp;<strong>Ana Beatriz de Sousa Guimar\u00e3es<\/strong>, assessora de Assuntos Internacionais da Secretaria de Estado do Entorno do DF;&nbsp;<strong>Leonardo Miguel Severini<\/strong>, presidente da ABAD (Associa\u00e7\u00e3o Brasileira de Atacadistas e Distribuidores de Produtos Industrializados);&nbsp;<strong>Helvio T. Collino<\/strong>, presidente da ABIAM (Associa\u00e7\u00e3o Brasileira da Ind\u00fastria Aditivos Melhoramentos);&nbsp;<strong>Claudio Zan\u00e3o<\/strong>, presidente-executivo da ABIMAPI (Associa\u00e7\u00e3o Brasileira das Ind\u00fastrias de Biscoitos, Massas Aliment\u00edcias e P\u00e3es &amp; Bolos Industrializados);&nbsp;<strong>Victor Bicca Neto<\/strong>, diretor-presidente da ABIR (Associa\u00e7\u00e3o Brasileira das Ind\u00fastrias de Refrigerantes e de Bebidas N\u00e3o Alco\u00f3licas);&nbsp;<strong>Paulo Solmucci Junior<\/strong>, ABRASEL Nacional (Associa\u00e7\u00e3o Brasileira de Bares e Restaurantes);&nbsp;<strong>Guilherme Bastos<\/strong>, coordenador da FGV AGRO;&nbsp;<strong>Luiz Carlos Corr\u00eaa Carvalho<\/strong>, presidente da ABAG (Associa\u00e7\u00e3o Brasileira do Agroneg\u00f3cio);&nbsp;<strong>Eduardo Weisberg,&nbsp;<\/strong>presidente da ABIS ( Associa\u00e7\u00e3o Brasileira das Ind\u00fastrias e do Setor de Setor de Sorvetes);&nbsp;<strong>Polyana Vilas Boas<\/strong>, presidente da AAO (Associa\u00e7\u00e3o de Agricultura Org\u00e2nica);&nbsp;<strong>Guilherme Piai<\/strong>, Secret\u00e1rio de Estado de Agricultura e Abastecimento, do Governo de S\u00e3o Paulo.<br>&nbsp;<\/p>\n\n\n\n<p><strong>Servi\u00e7o:<\/strong><\/p>\n\n\n\n<p><strong>Anuga Select Brazil<\/strong><\/p>\n\n\n\n<p><strong>Data:&nbsp;<\/strong>9 a 11 de abril de 2024<\/p>\n\n\n\n<p><strong>Hor\u00e1rio:&nbsp;<\/strong>10h \u00e0s 19h<\/p>\n\n\n\n<p><strong>Local:&nbsp;<\/strong>Distrito Anhembi (entrada pelo Pavilh\u00e3o 5)<\/p>\n\n\n\n<p><strong>Endere\u00e7o:&nbsp;<\/strong>Av. Olavo Fontoura, 1209 \u2013 Santana, S\u00e3o Paulo \u2013 SP.<\/p>\n\n\n\n<p><strong>Parceiros Estrat\u00e9gicos:<\/strong>&nbsp;ABIA, ABIR, ABRASEL, APEX-BRASIL, EMBRAPA e EXPO SUPERMERCADOS.<\/p>\n\n\n\n<p><strong>Sobre a Anuga Select Brazil&nbsp;<\/strong>\u2013&nbsp;<em>\u00c9 organizada pela Koelnmesse Brasil em parceria estrat\u00e9gica com diversas entidades do setor de Alimentos e Bebidas, que fomentam a vinda de compradores nacionais e internacionais ao evento, sendo uma oportunidade de todos se encontrarem em um mesmo local para realizar neg\u00f3cios, al\u00e9m de ter contato com as inova\u00e7\u00f5es da ind\u00fastria. O evento acontece de 9 a 11 de abril de 2024, no Distrito Anhembi, em S\u00e3o Paulo.<\/em><\/p>\n\n\n\n<p><strong>Sobre a Koelnmesse \u2013 Global Competence in Food and FoodTec<\/strong>:&nbsp;<em>A Koelnmesse \u00e9 l\u00edder internacional na implementa\u00e7\u00e3o de feiras de alimentos e servi\u00e7os e produtos relacionados a processamento de alimentos e bebidas. Feiras como a Anuga, a ISM \u2013 Feira Internacional de Doces e Biscoitos e a Anuga FoodTec s\u00e3o reconhecidas em todo mundo como l\u00edderes absolutas em seus setores. A Koelnmesse tamb\u00e9m organiza feiras l\u00edderes no setor de alimentos e bebidas em outros mercados emergentes no mundo todo, tais como: Brasil, China, \u00cdndia, It\u00e1lia, Jap\u00e3o, Tail\u00e2ndia, Estados Unidos e Emirados \u00c1rabes Unidos. Com estas atividades globais, a Koelnmesse oferece aos seus clientes um completo portf\u00f3lio de eventos qualificados, em diferentes mercados, que garantem uma rede de neg\u00f3cios sustent\u00e1vel e internacional.<\/em><\/p>\n\n\n\n<p>Mais informa\u00e7\u00f5es:&nbsp;<a href=\"https:\/\/s2404.imxsnd26.com\/link.php?code=bDpodHRwcyUzQSUyRiUyRmFudWdhLWJyYXppbC5jb20uYnIlMkY6MTU5MjE2NzM5ODpyZWRhY2FvdHZldmVudG9zQGdtYWlsLmNvbTo5ODNiMmY6NzU=\" target=\"_blank\" rel=\"noreferrer noopener\">Link<\/a><\/p>\n\n\n\n<p><strong>Anuga Brazil nas redes sociais:<\/strong><\/p>\n\n\n\n<p><strong>Facebook:<\/strong><a href=\"https:\/\/s2404.imxsnd26.com\/link.php?code=bDpodHRwcyUzQSUyRiUyRmZhY2Vib29rLmNvbSUyRmFudWdhYnJhemlsOjE1OTIxNjczOTg6cmVkYWNhb3R2ZXZlbnRvc0BnbWFpbC5jb206MTBjNTYyOjc1\" target=\"_blank\" rel=\"noreferrer noopener\">&nbsp;Link<\/a><\/p>\n\n\n\n<p><strong>Instagram:&nbsp;<\/strong>anugabrazil<\/p>\n\n\n\n<p><strong>LinKedin:<\/strong><a href=\"https:\/\/s2404.imxsnd26.com\/link.php?code=bDpodHRwcyUzQSUyRiUyRnd3dy5saW5rZWRpbi5jb20lMkZjb21wYW55JTJGYW51Z2EtYnJhemlsJTJGOjE1OTIxNjczOTg6cmVkYWNhb3R2ZXZlbnRvc0BnbWFpbC5jb206ZmI4OTY1Ojc1\" target=\"_blank\" rel=\"noreferrer noopener\">Link<\/a><\/p>\n\n\n\n<p><strong>Youtube<\/strong>:<a href=\"https:\/\/www.youtube.com\/channel\/UCebO5_epuMPam5T6hBHVOjQ\" target=\"_blank\" rel=\"noreferrer noopener\">Link<\/a><\/p>\n","protected":false},"excerpt":{"rendered":"<p>Em sua 5\u00aa edi\u00e7\u00e3o, a Feira Internacional Exclusiva para o Setor de Alimentos e Bebidas reunir\u00e1 mais de 500 marcas expositoras nacionais e internacionais A ANUGA Select Brazil \u2013 Feira Internacional Exclusiva para o Setor de Alimentos e Bebidas,&nbsp;ser\u00e1 aberta na ter\u00e7a-feira (9\/04) e seguir\u00e1 at\u00e9 quinta-feira (11\/04), no Distrito Anhembi, em S\u00e3o Paulo. A&nbsp;cerim\u00f4nia [&hellip;]<\/p>\n","protected":false},"author":2,"featured_media":1215,"comment_status":"open","ping_status":"open","sticky":false,"template":"","format":"standard","meta":{"footnotes":""},"categories":[1],"tags":[],"class_list":{"0":"post-1213","1":"post","2":"type-post","3":"status-publish","4":"format-standard","5":"has-post-thumbnail","7":"category-workshopsepalestras"},"_links":{"self":[{"href":"https:\/\/tveventos.tv.br\/index.php?rest_route=\/wp\/v2\/posts\/1213","targetHints":{"allow":["GET"]}}],"collection":[{"href":"https:\/\/tveventos.tv.br\/index.php?rest_route=\/wp\/v2\/posts"}],"about":[{"href":"https:\/\/tveventos.tv.br\/index.php?rest_route=\/wp\/v2\/types\/post"}],"author":[{"embeddable":true,"href":"https:\/\/tveventos.tv.br\/index.php?rest_route=\/wp\/v2\/users\/2"}],"replies":[{"embeddable":true,"href":"https:\/\/tveventos.tv.br\/index.php?rest_route=%2Fwp%2Fv2%2Fcomments&post=1213"}],"version-history":[{"count":1,"href":"https:\/\/tveventos.tv.br\/index.php?rest_route=\/wp\/v2\/posts\/1213\/revisions"}],"predecessor-version":[{"id":1216,"href":"https:\/\/tveventos.tv.br\/index.php?rest_route=\/wp\/v2\/posts\/1213\/revisions\/1216"}],"wp:featuredmedia":[{"embeddable":true,"href":"https:\/\/tveventos.tv.br\/index.php?rest_route=\/wp\/v2\/media\/1215"}],"wp:attachment":[{"href":"https:\/\/tveventos.tv.br\/index.php?rest_route=%2Fwp%2Fv2%2Fmedia&parent=1213"}],"wp:term":[{"taxonomy":"category","embeddable":true,"href":"https:\/\/tveventos.tv.br\/index.php?rest_route=%2Fwp%2Fv2%2Fcategories&post=1213"},{"taxonomy":"post_tag","embeddable":true,"href":"https:\/\/tveventos.tv.br\/index.php?rest_route=%2Fwp%2Fv2%2Ftags&post=1213"}],"curies":[{"name":"wp","href":"https:\/\/api.w.org\/{rel}","templated":true}]}}