{"id":1218,"date":"2024-04-03T17:56:39","date_gmt":"2024-04-03T20:56:39","guid":{"rendered":"https:\/\/tveventos.tv.br\/?p=1218"},"modified":"2024-04-03T17:56:42","modified_gmt":"2024-04-03T20:56:42","slug":"autocom-2024-web-automacao-marca-presenca-para-impulsionar-o-varejo-com-inovacao-tecnologica","status":"publish","type":"post","link":"https:\/\/tveventos.tv.br\/?p=1218","title":{"rendered":"Autocom 2024: Web Automa\u00e7\u00e3o marca presen\u00e7a para impulsionar o varejo com inova\u00e7\u00e3o tecnol\u00f3gica"},"content":{"rendered":"\n<p class=\"has-text-align-center\"><em>O CEO Araquen Pagotto destaca o compromisso da empresa em potencializar as vendas e efici\u00eancia operacional dos varejistas<\/em><\/p>\n\n\n\n<p>A <a href=\"https:\/\/www.webautomacao.com.br\/\">Web Automa\u00e7\u00e3o<\/a>, fornecedora de solu\u00e7\u00f5es em vendas e tecnologia para neg\u00f3cios, estar\u00e1 presente com um estande na 24\u00aa edi\u00e7\u00e3o da Autocom, maior evento de automa\u00e7\u00e3o do Brasil voltado para o com\u00e9rcio, que re\u00fane os maiores fornecedores de tecnologia, canais de vendas e varejistas. A feira acontecer\u00e1 no Pavilh\u00e3o Amarelo do Expo Center Norte, nos dias 9, 10 e 11 de abril deste ano, tendo como foco manter os profissionais atualizados sobre as novidades do mercado e criar ou fortalecer uma rede de contatos.\u00a0<\/p>\n\n\n<div class=\"wp-block-image\">\n<figure class=\"aligncenter size-full is-resized\"><img loading=\"lazy\" decoding=\"async\" width=\"298\" height=\"298\" src=\"https:\/\/tveventos.tv.br\/wp-content\/uploads\/2024\/04\/1516992190103.jpeg\" alt=\"\" class=\"wp-image-1220\" style=\"width:292px;height:auto\" srcset=\"https:\/\/tveventos.tv.br\/wp-content\/uploads\/2024\/04\/1516992190103.jpeg 298w, https:\/\/tveventos.tv.br\/wp-content\/uploads\/2024\/04\/1516992190103-150x150.jpeg 150w\" sizes=\"auto, (max-width: 298px) 100vw, 298px\" \/><\/figure>\n<\/div>\n\n\n<p>\u201cAcredito que a tecnologia \u00e9 uma chave para desbloquear o potencial do varejo atualmente . Estamos nos preparando para a Autocom, visando ajudar os varejistas e compartilhar&nbsp; nossa expertise em dados, a\u00e7\u00f5es significativas, impulsionamento de vendas e efici\u00eancia\u201d, afirma Araquen Pagotto, CEO da Web Automa\u00e7\u00e3o.<\/p>\n\n\n\n<p>O estande da Web Automa\u00e7\u00e3o ficar\u00e1 na Rua E (Stand 3) e estar\u00e1 dispon\u00edvel para visita\u00e7\u00e3o durante todo o evento, das 10h \u00e0s 18h, com todo o time da empresa e os parceiros: Gertec, Stone, Elgin e TecToy. A equipe ir\u00e1 apresentar o PDV Legal, solu\u00e7\u00e3o completa para food service e varejo, juntamente com o modelo de neg\u00f3cio \u00fanico e personaliz\u00e1vel que j\u00e1 conta com mais de 120 revendas em todo Brasil.&nbsp;<\/p>\n\n\n\n<p>\u201cEsse modelo de feira facilita bastante a intera\u00e7\u00e3o com o p\u00fablico, proporcionando perguntas abertas e respostas mais personalizadas. \u00c9 justamente esse o nosso objetivo: uma proximidade maior com os nossos parceiros, a partir de uma escuta ativa e de proposi\u00e7\u00f5es mais assertivas\u201d, acrescenta Pagotto.&nbsp;<\/p>\n\n\n\n<p><br><strong>Sobre a Web Automa\u00e7\u00e3o<\/strong><\/p>\n\n\n\n<p>A Web Automa\u00e7\u00e3o \u00e9 uma empresa que fornece solu\u00e7\u00f5es para mais de 6.000 estabelecimentos comerciais no Brasil e est\u00e1 empenhada em impulsionar a excel\u00eancia operacional, proporcionando uma vantagem competitiva por meio de solu\u00e7\u00f5es de automa\u00e7\u00e3o comercial de ponta.&nbsp;<\/p>\n","protected":false},"excerpt":{"rendered":"<p>O CEO Araquen Pagotto destaca o compromisso da empresa em potencializar as vendas e efici\u00eancia operacional dos varejistas A Web Automa\u00e7\u00e3o, fornecedora de solu\u00e7\u00f5es em vendas e tecnologia para neg\u00f3cios, estar\u00e1 presente com um estande na 24\u00aa edi\u00e7\u00e3o da Autocom, maior evento de automa\u00e7\u00e3o do Brasil voltado para o com\u00e9rcio, que re\u00fane os maiores fornecedores [&hellip;]<\/p>\n","protected":false},"author":2,"featured_media":1219,"comment_status":"open","ping_status":"open","sticky":false,"template":"","format":"standard","meta":{"footnotes":""},"categories":[1],"tags":[],"class_list":{"0":"post-1218","1":"post","2":"type-post","3":"status-publish","4":"format-standard","5":"has-post-thumbnail","7":"category-workshopsepalestras"},"_links":{"self":[{"href":"https:\/\/tveventos.tv.br\/index.php?rest_route=\/wp\/v2\/posts\/1218","targetHints":{"allow":["GET"]}}],"collection":[{"href":"https:\/\/tveventos.tv.br\/index.php?rest_route=\/wp\/v2\/posts"}],"about":[{"href":"https:\/\/tveventos.tv.br\/index.php?rest_route=\/wp\/v2\/types\/post"}],"author":[{"embeddable":true,"href":"https:\/\/tveventos.tv.br\/index.php?rest_route=\/wp\/v2\/users\/2"}],"replies":[{"embeddable":true,"href":"https:\/\/tveventos.tv.br\/index.php?rest_route=%2Fwp%2Fv2%2Fcomments&post=1218"}],"version-history":[{"count":1,"href":"https:\/\/tveventos.tv.br\/index.php?rest_route=\/wp\/v2\/posts\/1218\/revisions"}],"predecessor-version":[{"id":1221,"href":"https:\/\/tveventos.tv.br\/index.php?rest_route=\/wp\/v2\/posts\/1218\/revisions\/1221"}],"wp:featuredmedia":[{"embeddable":true,"href":"https:\/\/tveventos.tv.br\/index.php?rest_route=\/wp\/v2\/media\/1219"}],"wp:attachment":[{"href":"https:\/\/tveventos.tv.br\/index.php?rest_route=%2Fwp%2Fv2%2Fmedia&parent=1218"}],"wp:term":[{"taxonomy":"category","embeddable":true,"href":"https:\/\/tveventos.tv.br\/index.php?rest_route=%2Fwp%2Fv2%2Fcategories&post=1218"},{"taxonomy":"post_tag","embeddable":true,"href":"https:\/\/tveventos.tv.br\/index.php?rest_route=%2Fwp%2Fv2%2Ftags&post=1218"}],"curies":[{"name":"wp","href":"https:\/\/api.w.org\/{rel}","templated":true}]}}