{"id":1223,"date":"2024-04-03T17:59:51","date_gmt":"2024-04-03T20:59:51","guid":{"rendered":"https:\/\/tveventos.tv.br\/?p=1223"},"modified":"2024-04-03T17:59:54","modified_gmt":"2024-04-03T20:59:54","slug":"fespa-digital-printing-2024-quebra-todos-os-recordes","status":"publish","type":"post","link":"https:\/\/tveventos.tv.br\/?p=1223","title":{"rendered":"FESPA Digital Printing 2024 quebra todos os recordes!"},"content":{"rendered":"\n<p>A FESPA Digital Printing 2024 bateu todas as marcas e cravou a posi\u00e7\u00e3o de principal feira de impress\u00e3o digital e maior centro de gera\u00e7\u00e3o de neg\u00f3cios do setor no continente.<\/p>\n\n\n\n<p>As primeiras metas foram alcan\u00e7adas antes da feira abrir suas portas. O mais expressivo foi o<strong>\u00a0aumento em mais de 20% na \u00e1rea de exposi\u00e7\u00e3o<\/strong>, al\u00e9m de recordes em novos expositores e taxa de renova\u00e7\u00e3o dos espa\u00e7os ainda durante a feira.<br><br>Quando falamos em p\u00fablico, novas marcas foram quebradas.<strong>\u00a024.080 visitantes \u00fanicos passaram pelos corredores da FESPA Digital Printing<\/strong>, que segue como a feira que apresenta o p\u00fablico mais qualificado, vis\u00e3o refor\u00e7ada pelos expositores, que relataram uma estimativa de\u00a0<strong>gera\u00e7\u00e3o de neg\u00f3cios na faixa de R$ 185 milh\u00f5es.<\/strong><br><br>Alexandre Keese, diretor comercial da APS Eventos, celebra: &#8220;A FESPA Digital Printing 2024 foi hist\u00f3rica! Quebramos os recordes em mais de 11 anos de FESPA no Brasil e mostramos aos l\u00edderes da ind\u00fastria que nosso mercado \u00e9 inovador e repleto de caminhos. S\u00f3 temos a agradecer a todos que fizeram parte de mais um projeto espetacular. Sa\u00edmos mega satisfeitos e com todos os pensamentos voltados em como podemos novamente surpreender em 2025&#8221;.<\/p>\n","protected":false},"excerpt":{"rendered":"<p>A FESPA Digital Printing 2024 bateu todas as marcas e cravou a posi\u00e7\u00e3o de principal feira de impress\u00e3o digital e maior centro de gera\u00e7\u00e3o de neg\u00f3cios do setor no continente. As primeiras metas foram alcan\u00e7adas antes da feira abrir suas portas. O mais expressivo foi o\u00a0aumento em mais de 20% na \u00e1rea de exposi\u00e7\u00e3o, al\u00e9m [&hellip;]<\/p>\n","protected":false},"author":2,"featured_media":1224,"comment_status":"open","ping_status":"open","sticky":false,"template":"","format":"standard","meta":{"footnotes":""},"categories":[23],"tags":[],"class_list":{"0":"post-1223","1":"post","2":"type-post","3":"status-publish","4":"format-standard","5":"has-post-thumbnail","7":"category-feirasdenegocios"},"_links":{"self":[{"href":"https:\/\/tveventos.tv.br\/index.php?rest_route=\/wp\/v2\/posts\/1223","targetHints":{"allow":["GET"]}}],"collection":[{"href":"https:\/\/tveventos.tv.br\/index.php?rest_route=\/wp\/v2\/posts"}],"about":[{"href":"https:\/\/tveventos.tv.br\/index.php?rest_route=\/wp\/v2\/types\/post"}],"author":[{"embeddable":true,"href":"https:\/\/tveventos.tv.br\/index.php?rest_route=\/wp\/v2\/users\/2"}],"replies":[{"embeddable":true,"href":"https:\/\/tveventos.tv.br\/index.php?rest_route=%2Fwp%2Fv2%2Fcomments&post=1223"}],"version-history":[{"count":1,"href":"https:\/\/tveventos.tv.br\/index.php?rest_route=\/wp\/v2\/posts\/1223\/revisions"}],"predecessor-version":[{"id":1225,"href":"https:\/\/tveventos.tv.br\/index.php?rest_route=\/wp\/v2\/posts\/1223\/revisions\/1225"}],"wp:featuredmedia":[{"embeddable":true,"href":"https:\/\/tveventos.tv.br\/index.php?rest_route=\/wp\/v2\/media\/1224"}],"wp:attachment":[{"href":"https:\/\/tveventos.tv.br\/index.php?rest_route=%2Fwp%2Fv2%2Fmedia&parent=1223"}],"wp:term":[{"taxonomy":"category","embeddable":true,"href":"https:\/\/tveventos.tv.br\/index.php?rest_route=%2Fwp%2Fv2%2Fcategories&post=1223"},{"taxonomy":"post_tag","embeddable":true,"href":"https:\/\/tveventos.tv.br\/index.php?rest_route=%2Fwp%2Fv2%2Ftags&post=1223"}],"curies":[{"name":"wp","href":"https:\/\/api.w.org\/{rel}","templated":true}]}}