{"id":1226,"date":"2024-04-04T15:55:00","date_gmt":"2024-04-04T18:55:00","guid":{"rendered":"https:\/\/tveventos.tv.br\/?p=1226"},"modified":"2024-04-04T15:59:28","modified_gmt":"2024-04-04T18:59:28","slug":"estetica-in-sao-paulo-lipedema-saude-intima-e-novidades-do-chip-da-beleza-estao-entre-os-destaques-da-edicao-deste-ano","status":"publish","type":"post","link":"https:\/\/tveventos.tv.br\/?p=1226","title":{"rendered":"Est\u00e9tica In S\u00e3o Paulo: lipedema, sa\u00fade \u00edntima e novidades do chip da beleza est\u00e3o entre os destaques da edi\u00e7\u00e3o deste ano"},"content":{"rendered":"\n<p>De 13 a 15 de abril, o Expo Center Norte recebe profissionais de diversos pa\u00edses para discutir novidades da ind\u00fastria de beleza, est\u00e9tica e bem-estar.<\/p>\n\n\n\n<p>Uso de lasers, tratamentos atuais de lipedema, mitos e verdades sobre o chip da beleza: eis alguns dos assuntos presentes na edi\u00e7\u00e3o do Est\u00e9tica In S\u00e3o Paulo de 2024, que re\u00fane as maiores ind\u00fastrias brasileiras, com lan\u00e7amentos in\u00e9ditos de equipamentos de alta tecnologia e produtos cosm\u00e9ticos.&nbsp;<\/p>\n\n\n\n<p>Realizada entre os dias 13 e 15 de abril no Expo Center Norte, a feira deve reunir, em uma \u00e1rea total de 25 mil m\u00b2, mais de 34 mil visitantes, incluindo profissionais, empreendedores, empres\u00e1rios e palestrantes de diversas partes do Brasil e do mundo.<\/p>\n\n\n\n<p>Da Espanha, v\u00eam a m\u00e9dica ortomolecular Yvette Pons, que apresenta um painel sobre a evolu\u00e7\u00e3o do rosto segundo a morfologia m\u00fasculo-esquel\u00e9tica, e Curro Mil\u00e1n, fisioterapeuta especialista em abordagens atuais no tratamento de lipedema. J\u00e1 a biom\u00e9dica norte-americana Layla Dias fala sobre o uso de endolasers, enquanto o chileno Esteban Fortunity elenca, ao lado da brasileira Patr\u00edcia Fr\u00f3es, os maiores avan\u00e7os tecnol\u00f3gicos do setor.<\/p>\n\n\n\n<p>A feira reafirma o crescimento do mercado a cada edi\u00e7\u00e3o e neste ano deve gerar cerca de 120 milh\u00f5es de reais em neg\u00f3cios. \u201cEst\u00e9tica In S\u00e3o Paulo \u00e9 um catalisador para o empreendedorismo e a inova\u00e7\u00e3o dentro da ind\u00fastria da beleza e um ambiente prop\u00edcio para o desenvolvimento de novas ideias e oportunidades de crescimento&#8221;, afirma F\u00e1tima Facuri, diretora do grupo Est\u00e9tica In. &#8220;Trata-se de um espa\u00e7o para os participantes se atualizarem sobre as tend\u00eancias mais recentes, descobrirem as melhores pr\u00e1ticas emergentes e estabelecerem conex\u00f5es valiosas com colegas e parceiros de neg\u00f3cios.\u201d<\/p>\n\n\n\n<p>Congressos<\/p>\n\n\n\n<p>Al\u00e9m de mais de 70 expositores, o Est\u00e9tica In S\u00e3o Paulo promove congressos importantes. A novidade \u00e9 o Tricho Logy Day, que traz&nbsp; tend\u00eancias em tricologia cl\u00ednica. Em sua oitava edi\u00e7\u00e3o, por sua vez, o&nbsp; Congresso Internacional Cient\u00edfico Multidisciplinar em Est\u00e9tica aborda as t\u00e9cnicas revolucion\u00e1rias do chip da beleza e a possibilidade de uma manuten\u00e7\u00e3o definitiva do peso. J\u00e1 o 3\u00ba Congresso Internacional de Estetas e Harmonizadores apresenta novidades sobre otomodelagem, corre\u00e7\u00e3o n\u00e3o cir\u00fargica das orelhas e o universo da est\u00e9tica \u00edntima.<\/p>\n\n\n\n<p>Merecem destaque ainda o 1\u00b0 PMU Advanced, Congresso de Micropigmenta\u00e7\u00e3o para a Ind\u00fastria, Formadores e Gestores, que garantir\u00e1 insights valiosos e experi\u00eancias indispens\u00e1veis para que o visitante se torne ainda mais refer\u00eancia na profiss\u00e3o, e o Congresso de Last Artist, com pain\u00e9is comandados por profissionais que viraram refer\u00eancias em suas \u00e1reas &#8211; entre eles, artistas renomados na extens\u00e3o de c\u00edlios.&nbsp;<\/p>\n\n\n\n<p>A programa\u00e7\u00e3o conta ainda com o 3\u00ba Semin\u00e1rio de remo\u00e7\u00e3o de pigmentos e repara\u00e7\u00e3o da pele, Remove Ink, dezenas de workshops e incont\u00e1veis possibilidades de conex\u00f5es, crescimento e neg\u00f3cios.&nbsp;&nbsp;<\/p>\n\n\n\n<p>\u201cA feira \u00e9 um catalisador para o empreendedorismo e a inova\u00e7\u00e3o dentro da ind\u00fastria da beleza e \u00e9 um ambiente prop\u00edcio para o desenvolvimento de novas ideias, neg\u00f3cios e oportunidades de crescimento&#8221;, conclui Eduardo Gouv\u00eaa, diretor do grupo Est\u00e9tica In. &#8220;\u00c9 um espa\u00e7o para os participantes se atualizarem sobre as tend\u00eancias mais recentes, descobrirem as melhores pr\u00e1ticas emergentes e estabelecerem conex\u00f5es valiosas com colegas e parceiros de neg\u00f3cios.\u201d<\/p>\n\n\n\n<p><strong>SERVI\u00c7O:<\/strong><\/p>\n\n\n\n<p><strong>Est\u00e9tica In S\u00e3o Paulo<\/strong><\/p>\n\n\n\n<p><strong>Data: 13 e 15 de abril,<\/strong><\/p>\n\n\n\n<p><strong>Local: Expo Center Norte<\/strong><\/p>\n\n\n\n<p><strong>Site: <\/strong><a href=\"https:\/\/www.esteticainsaopaulo.com.br\"><strong>https:\/\/www.esteticainsaopaulo.com.br<\/strong><\/a><\/p>\n\n\n\n<p><strong>Instagram: @esteticainsp<\/strong><\/p>\n\n\n\n<p><strong>Facebook: www.facebook.com\/esteticainsp<\/strong><\/p>\n","protected":false},"excerpt":{"rendered":"<p>De 13 a 15 de abril, o Expo Center Norte recebe profissionais de diversos pa\u00edses para discutir novidades da ind\u00fastria de beleza, est\u00e9tica e bem-estar. Uso de lasers, tratamentos atuais de lipedema, mitos e verdades sobre o chip da beleza: eis alguns dos assuntos presentes na edi\u00e7\u00e3o do Est\u00e9tica In S\u00e3o Paulo de 2024, que [&hellip;]<\/p>\n","protected":false},"author":2,"featured_media":1231,"comment_status":"open","ping_status":"open","sticky":false,"template":"","format":"standard","meta":{"footnotes":""},"categories":[1],"tags":[],"class_list":{"0":"post-1226","1":"post","2":"type-post","3":"status-publish","4":"format-standard","5":"has-post-thumbnail","7":"category-workshopsepalestras"},"_links":{"self":[{"href":"https:\/\/tveventos.tv.br\/index.php?rest_route=\/wp\/v2\/posts\/1226","targetHints":{"allow":["GET"]}}],"collection":[{"href":"https:\/\/tveventos.tv.br\/index.php?rest_route=\/wp\/v2\/posts"}],"about":[{"href":"https:\/\/tveventos.tv.br\/index.php?rest_route=\/wp\/v2\/types\/post"}],"author":[{"embeddable":true,"href":"https:\/\/tveventos.tv.br\/index.php?rest_route=\/wp\/v2\/users\/2"}],"replies":[{"embeddable":true,"href":"https:\/\/tveventos.tv.br\/index.php?rest_route=%2Fwp%2Fv2%2Fcomments&post=1226"}],"version-history":[{"count":1,"href":"https:\/\/tveventos.tv.br\/index.php?rest_route=\/wp\/v2\/posts\/1226\/revisions"}],"predecessor-version":[{"id":1228,"href":"https:\/\/tveventos.tv.br\/index.php?rest_route=\/wp\/v2\/posts\/1226\/revisions\/1228"}],"wp:featuredmedia":[{"embeddable":true,"href":"https:\/\/tveventos.tv.br\/index.php?rest_route=\/wp\/v2\/media\/1231"}],"wp:attachment":[{"href":"https:\/\/tveventos.tv.br\/index.php?rest_route=%2Fwp%2Fv2%2Fmedia&parent=1226"}],"wp:term":[{"taxonomy":"category","embeddable":true,"href":"https:\/\/tveventos.tv.br\/index.php?rest_route=%2Fwp%2Fv2%2Fcategories&post=1226"},{"taxonomy":"post_tag","embeddable":true,"href":"https:\/\/tveventos.tv.br\/index.php?rest_route=%2Fwp%2Fv2%2Ftags&post=1226"}],"curies":[{"name":"wp","href":"https:\/\/api.w.org\/{rel}","templated":true}]}}