{"id":1232,"date":"2024-04-05T14:47:03","date_gmt":"2024-04-05T17:47:03","guid":{"rendered":"https:\/\/tveventos.tv.br\/?p=1232"},"modified":"2024-04-05T14:47:06","modified_gmt":"2024-04-05T17:47:06","slug":"expoapras-2024-traz-mais-de-450-marcas-expositoras-e-oportunidades-de-negocio","status":"publish","type":"post","link":"https:\/\/tveventos.tv.br\/?p=1232","title":{"rendered":"ExpoApras 2024 traz mais de 450 marcas expositoras e oportunidades de neg\u00f3cio"},"content":{"rendered":"\n<p>A ExpoApras 2024, que acontece nos dias 16, 17 e 18 de abril, foi ampliada em 3.500 metros em rela\u00e7\u00e3o ao ano anterior. Cerca de 450 marcas expositoras aproveitar\u00e3o o evento para apresentar novos produtos, tend\u00eancias e tecnologias.<\/p>\n\n\n\n<p>O evento \u00e9 um dos mais importantes do varejo brasileiro e se destaca por proporcionar diversas oportunidades de neg\u00f3cio para varejistas de todos os tamanhos. Em 2023, foram concretizados R$600 milh\u00f5es em neg\u00f3cios e foi eleita a melhor Feira de Neg\u00f3cios da capital paranaense, segundo o \u201cPr\u00eamio Embaixadores de Curitiba 2023\u201d, promovido pelo Curitiba e Regi\u00e3o Convention &amp; Visitors Bureau (CCVB).<\/p>\n\n\n\n<p>Segundo o presidente da Apras, Carlos Beal, a ExpoApras \u00e9 uma feira que gera grande expectativa e movimenta a economia de ponta a ponta. &#8220;As negocia\u00e7\u00f5es especiais, o relacionamento e o acesso a conte\u00fados de interesse para o segmento refletem em toda a cadeia de abastecimento, inclusive com diversos benef\u00edcios para o consumidor final, que ganha com ofertas, produtos rec\u00e9m-lan\u00e7ados nas g\u00f4ndolas e lojas adaptadas \u00e0s tend\u00eancias de consumo&#8221;, afirma.<\/p>\n\n\n\n<p>Al\u00e9m das negocia\u00e7\u00f5es especiais, a ExpoApras 2024 tamb\u00e9m oferece uma vasta programa\u00e7\u00e3o com aproximadamente 40 palestrantes, entre eles grandes nomes como Mario Sergio Cortella, Ricardo Cappra, Marcelo Dolis e Paula Harraca.<\/p>\n\n\n\n<p>Mais informa\u00e7\u00f5es sobre a feira podem ser encontradas no site <a href=\"http:\/\/www.apras.org.br\/\">www.apras.org.br.<\/a><\/p>\n","protected":false},"excerpt":{"rendered":"<p>A ExpoApras 2024, que acontece nos dias 16, 17 e 18 de abril, foi ampliada em 3.500 metros em rela\u00e7\u00e3o ao ano anterior. Cerca de 450 marcas expositoras aproveitar\u00e3o o evento para apresentar novos produtos, tend\u00eancias e tecnologias. O evento \u00e9 um dos mais importantes do varejo brasileiro e se destaca por proporcionar diversas oportunidades [&hellip;]<\/p>\n","protected":false},"author":2,"featured_media":1233,"comment_status":"open","ping_status":"open","sticky":false,"template":"","format":"standard","meta":{"footnotes":""},"categories":[1],"tags":[],"class_list":{"0":"post-1232","1":"post","2":"type-post","3":"status-publish","4":"format-standard","5":"has-post-thumbnail","7":"category-workshopsepalestras"},"_links":{"self":[{"href":"https:\/\/tveventos.tv.br\/index.php?rest_route=\/wp\/v2\/posts\/1232","targetHints":{"allow":["GET"]}}],"collection":[{"href":"https:\/\/tveventos.tv.br\/index.php?rest_route=\/wp\/v2\/posts"}],"about":[{"href":"https:\/\/tveventos.tv.br\/index.php?rest_route=\/wp\/v2\/types\/post"}],"author":[{"embeddable":true,"href":"https:\/\/tveventos.tv.br\/index.php?rest_route=\/wp\/v2\/users\/2"}],"replies":[{"embeddable":true,"href":"https:\/\/tveventos.tv.br\/index.php?rest_route=%2Fwp%2Fv2%2Fcomments&post=1232"}],"version-history":[{"count":1,"href":"https:\/\/tveventos.tv.br\/index.php?rest_route=\/wp\/v2\/posts\/1232\/revisions"}],"predecessor-version":[{"id":1234,"href":"https:\/\/tveventos.tv.br\/index.php?rest_route=\/wp\/v2\/posts\/1232\/revisions\/1234"}],"wp:featuredmedia":[{"embeddable":true,"href":"https:\/\/tveventos.tv.br\/index.php?rest_route=\/wp\/v2\/media\/1233"}],"wp:attachment":[{"href":"https:\/\/tveventos.tv.br\/index.php?rest_route=%2Fwp%2Fv2%2Fmedia&parent=1232"}],"wp:term":[{"taxonomy":"category","embeddable":true,"href":"https:\/\/tveventos.tv.br\/index.php?rest_route=%2Fwp%2Fv2%2Fcategories&post=1232"},{"taxonomy":"post_tag","embeddable":true,"href":"https:\/\/tveventos.tv.br\/index.php?rest_route=%2Fwp%2Fv2%2Ftags&post=1232"}],"curies":[{"name":"wp","href":"https:\/\/api.w.org\/{rel}","templated":true}]}}