{"id":1238,"date":"2024-04-05T18:20:25","date_gmt":"2024-04-05T21:20:25","guid":{"rendered":"https:\/\/tveventos.tv.br\/?p=1238"},"modified":"2024-04-05T18:20:27","modified_gmt":"2024-04-05T21:20:27","slug":"primeira-edicao-da-fruit-attraction-sao-paulo-destaca-o-potencial-da-agricultura-regional-dos-estados-brasileiros","status":"publish","type":"post","link":"https:\/\/tveventos.tv.br\/?p=1238","title":{"rendered":"Primeira edi\u00e7\u00e3o da Fruit Attraction S\u00e3o Paulo destaca o potencial da agricultura regional dos estados brasileiros"},"content":{"rendered":"\n<p><em>At\u00e9 o momento, est\u00e3o confirmados no evento os estados do Rio Grande do Norte, Maranh\u00e3o, Bahia, Pernambuco, Cear\u00e1, Par\u00e1, S\u00e3o Paulo e Esp\u00edrito Santo<\/em><\/p>\n\n\n\n<p>Representantes dos estados do Rio Grande do Norte, Maranh\u00e3o, Bahia, Pernambuco, Cear\u00e1, Par\u00e1, S\u00e3o Paulo e Esp\u00edrito Santo est\u00e3o com presen\u00e7a garantida na primeira edi\u00e7\u00e3o brasileira da Fruit Attraction. O evento, organizado pela IFEMA MADRID em parceria com a Fiera Milano Brasil, acontece entre os dias 16 e 18 de abril, no S\u00e3o Paulo Expo. A iniciativa tem o apoio do Sebrae que visa promover a diversidade de frutas e verduras nacionais dentro de uma das principais feiras mundiais do setor.<\/p>\n\n\n\n<p>Segundo o Boletim Hortigranjeiro da Companhia Nacional de Abastecimento (Conab), em 2023, o volume total enviado ao exterior foi de pouco mais de 1,11 milh\u00e3o de toneladas, superior em 5,9% em rela\u00e7\u00e3o ao ano anterior, e o faturamento foi de 1,338 bilh\u00f5es de d\u00f3lares, superior 23,5% em rela\u00e7\u00e3o a 2022 e de 9,9% em rela\u00e7\u00e3o a 2021.<\/p>\n\n\n\n<p><br>Os estados exportadores que se destacaram no levantamento do Conab foram o Rio Grande do Norte (25%), Pernambuco (19%), Bahia (18%), S\u00e3o Paulo (13%) e Cear\u00e1 (11%), e as principais frutas exportadas foram mangas, lim\u00f5es e limas, mel\u00f5es, uvas e melancias.<\/p>\n\n\n\n<p><br>\u201cO Estado do Rio Grande do Norte fez quest\u00e3o de estar presente numa das maiores feiras de fruta do mundo, sendo o Brasil o pa\u00eds escolhido para sediar, pela primeira vez, o evento na Am\u00e9rica Latina. Estamos levando uma comiss\u00e3o de mais de 25 produtores e exportadores dos mais diversos tipos de frutas e dos mais diversos tamanhos, desde grandes empresas at\u00e9 pequenos produtores. Fazemos quest\u00e3o de estar juntos, mostrando tudo que o Rio Grande do Norte faz bem. Afinal de contas, somos os maiores exportadores de frutas, fato que nos orgulha muito desde 2019\u201d, ressalta Guilherme Saldanha, titular da Secretaria de Estado da Agricultura, da Pecu\u00e1ria e da Pesca do RN.<br><br>Ainda na regi\u00e3o Nordeste, o Maranh\u00e3o tamb\u00e9m est\u00e1 confirmado no evento. No in\u00edcio de mar\u00e7o, o governo local lan\u00e7ou o Plano de Desenvolvimento da Fruticultura do Estado do Maranh\u00e3o, para impulsionar o setor frut\u00edcola do estado.<br>&nbsp;<\/p>\n\n\n\n<p>Segundo o documento, 39% da popula\u00e7\u00e3o vive e trabalha no meio rural. Entre os cultivos que se destacam, h\u00e1 a produ\u00e7\u00e3o de banana e de abacaxi. O estado ainda produz frutas como melancia, manga, a\u00e7a\u00ed, mam\u00e3o, coco, caju (castanha) e cupua\u00e7u.<br>&nbsp;<\/p>\n\n\n\n<p>\u201cA participa\u00e7\u00e3o do Maranh\u00e3o na Fruit Attraction \u00e9 um momento important\u00edssimo para valorizar o trabalho de diversos agricultores e agricultoras e dialogar com produtores e empres\u00e1rios de todo o mundo, com o objetivo de apresentar nosso potencial e atrair investimentos para fortalecer e impulsionar esse setor&#8221;, afirma Fl\u00e1vio Viana, Secret\u00e1rio da Agricultura e Pecu\u00e1ria do Estado do Maranh\u00e3o.<br>&nbsp;<\/p>\n\n\n\n<p>\u201cO Brasil \u00e9 a escolha certa para o crescimento da Fruit Attraction. Estamos entre as maiores economias do mundo, e nossa voca\u00e7\u00e3o agr\u00edcola para produzir e exportar \u00e9 enorme. Acreditamos que esta primeira edi\u00e7\u00e3o abrir\u00e1 portas para realiza\u00e7\u00f5es ainda mais grandiosas!\u201d, exalta Maur\u00edcio Macedo, CEO Fiera Milano Brasil.<\/p>\n\n\n\n<p><strong>Servi\u00e7o:<\/strong><\/p>\n\n\n\n<p><strong>Fruit Attraction S\u00e3o Paulo<\/strong><\/p>\n\n\n\n<p>Data: 16 a 18 de abril de 2024<\/p>\n\n\n\n<p>Hor\u00e1rio: das 10h \u00e0s 18h<\/p>\n\n\n\n<p>Local: S\u00e3o Paulo Expo Exhibition &amp; Convention Center<\/p>\n\n\n\n<p>Endere\u00e7o: Rodovia dos Imigrantes, 1,5 km &#8211; Vila \u00c1gua Funda, S\u00e3o Paulo &#8211; SP<\/p>\n\n\n\n<p>Transporte gratuito com in\u00edcio 1 hora antes at\u00e9 1 hora depois do funcionamento da feira.&nbsp;<\/p>\n\n\n\n<p>Mais informa\u00e7\u00f5es <a href=\"https:\/\/s2404.imxsnd26.com\/link.php?code=bDpodHRwcyUzQSUyRiUyRnd3dy5pZmVtYS5lcyUyRmZydWl0LWF0dHJhY3Rpb24tc2FvLXBhdWxvJTJGOjIyOTIxMDA5OTc6cmVkYWNhb3R2ZXZlbnRvc0BnbWFpbC5jb206MTEyYzY0Ojc1\">neste link<\/a>.<\/p>\n\n\n\n<p><strong>Sobre a IFEMA MADRID<\/strong><\/p>\n\n\n\n<p>IFEMA MADRID \u00e9 o principal operador de feiras na Espanha e um dos mais importantes na Europa. Com mais de 500 eventos realizados a cada ano, seu calend\u00e1rio anual inclui feiras, congressos e eventos profissionais relacionados com praticamente todos os setores da economia. Anualmente, mais de 24 mil empresas espanholas e estrangeiras participam para gerar neg\u00f3cios e estabelecer rela\u00e7\u00f5es comerciais, atraindo cerca de 4 milh\u00f5es de visitantes. Com uma programa\u00e7\u00e3o intensa, que tamb\u00e9m engloba grandes eventos musicais, espet\u00e1culos, exposi\u00e7\u00f5es e eventos de lazer para o p\u00fablico em geral, a companhia consolidou-se como o segundo motor econ\u00f4mico da Regi\u00e3o de Madrid, com um impacto na Comunidade local de 5.104 milh\u00f5es de euros. Mais informa\u00e7\u00f5es: <a href=\"https:\/\/s2404.imxsnd26.com\/link.php?code=bDpodHRwcyUzQSUyRiUyRnd3dy5pZmVtYS5lcyUyRjoyMjkyMTAwOTk3OnJlZGFjYW90dmV2ZW50b3NAZ21haWwuY29tOmM3NzQyYTo3NQ==\">Link<br><\/a>&nbsp;<\/p>\n\n\n\n<p><strong>Sobre a Fiera Milano Brasil<\/strong><\/p>\n\n\n\n<p>A Fiera Milano Brasil \u00e9 a filial brasileira da Fiera Milano, um dos maiores players de feiras e congressos do mundo que a cada ano atraem aproximadamente 30 mil expositores e mais de cinco milh\u00f5es de visitantes. No Brasil, s\u00e3o realizadas sete feiras que representam os mais diversos segmentos da economia, como seguran\u00e7a, energias limpas e renov\u00e1veis, tubos e conex\u00f5es, cabos, sa\u00fade no trabalho, tecnologias em reabilita\u00e7\u00e3o, inclus\u00e3o e acessibilidade, entre outras. Entre as principais marcas do portf\u00f3lio est\u00e3o Exposec, Fisp, Fire Show, Congresso Ecoenergy, Reatech, Tubotech e wire Brasil. Mais informa\u00e7\u00f5es acesse <a href=\"https:\/\/s2404.imxsnd26.com\/link.php?code=bDpodHRwcyUzQSUyRiUyRnd3dy5maWVyYW1pbGFub2JyYXNpbC5jb20uYnI6MjI5MjEwMDk5NzpyZWRhY2FvdHZldmVudG9zQGdtYWlsLmNvbTpiOWVmZDY6NzU=\">aqui<\/a><\/p>\n","protected":false},"excerpt":{"rendered":"<p>At\u00e9 o momento, est\u00e3o confirmados no evento os estados do Rio Grande do Norte, Maranh\u00e3o, Bahia, Pernambuco, Cear\u00e1, Par\u00e1, S\u00e3o Paulo e Esp\u00edrito Santo Representantes dos estados do Rio Grande do Norte, Maranh\u00e3o, Bahia, Pernambuco, Cear\u00e1, Par\u00e1, S\u00e3o Paulo e Esp\u00edrito Santo est\u00e3o com presen\u00e7a garantida na primeira edi\u00e7\u00e3o brasileira da Fruit Attraction. O evento, [&hellip;]<\/p>\n","protected":false},"author":2,"featured_media":1239,"comment_status":"open","ping_status":"open","sticky":false,"template":"","format":"standard","meta":{"footnotes":""},"categories":[1],"tags":[],"class_list":{"0":"post-1238","1":"post","2":"type-post","3":"status-publish","4":"format-standard","5":"has-post-thumbnail","7":"category-workshopsepalestras"},"_links":{"self":[{"href":"https:\/\/tveventos.tv.br\/index.php?rest_route=\/wp\/v2\/posts\/1238","targetHints":{"allow":["GET"]}}],"collection":[{"href":"https:\/\/tveventos.tv.br\/index.php?rest_route=\/wp\/v2\/posts"}],"about":[{"href":"https:\/\/tveventos.tv.br\/index.php?rest_route=\/wp\/v2\/types\/post"}],"author":[{"embeddable":true,"href":"https:\/\/tveventos.tv.br\/index.php?rest_route=\/wp\/v2\/users\/2"}],"replies":[{"embeddable":true,"href":"https:\/\/tveventos.tv.br\/index.php?rest_route=%2Fwp%2Fv2%2Fcomments&post=1238"}],"version-history":[{"count":1,"href":"https:\/\/tveventos.tv.br\/index.php?rest_route=\/wp\/v2\/posts\/1238\/revisions"}],"predecessor-version":[{"id":1240,"href":"https:\/\/tveventos.tv.br\/index.php?rest_route=\/wp\/v2\/posts\/1238\/revisions\/1240"}],"wp:featuredmedia":[{"embeddable":true,"href":"https:\/\/tveventos.tv.br\/index.php?rest_route=\/wp\/v2\/media\/1239"}],"wp:attachment":[{"href":"https:\/\/tveventos.tv.br\/index.php?rest_route=%2Fwp%2Fv2%2Fmedia&parent=1238"}],"wp:term":[{"taxonomy":"category","embeddable":true,"href":"https:\/\/tveventos.tv.br\/index.php?rest_route=%2Fwp%2Fv2%2Fcategories&post=1238"},{"taxonomy":"post_tag","embeddable":true,"href":"https:\/\/tveventos.tv.br\/index.php?rest_route=%2Fwp%2Fv2%2Ftags&post=1238"}],"curies":[{"name":"wp","href":"https:\/\/api.w.org\/{rel}","templated":true}]}}