{"id":1241,"date":"2024-04-08T14:11:28","date_gmt":"2024-04-08T17:11:28","guid":{"rendered":"https:\/\/tveventos.tv.br\/?p=1241"},"modified":"2024-04-08T14:11:33","modified_gmt":"2024-04-08T17:11:33","slug":"wtm-latin-america","status":"publish","type":"post","link":"https:\/\/tveventos.tv.br\/?p=1241","title":{"rendered":"WTM Latin America"},"content":{"rendered":"\n<p>A WTM Latin America \u00e9 o evento B2B de viagens e turismo da Am\u00e9rica Latina que oferece excelentes oportunidades de neg\u00f3cios, melhor retorno sobre o investimento e acesso a compradores e influenciadores qualificados da ind\u00fastria de viagens e turismo.<\/p>\n\n\n\n<p>Junte-se a n\u00f3s, nos dias 15 a 17 de Abril das 12h \u00e0s 20h, no dia 17 das 12h \u00e0s 18h&nbsp; no prestigiado Expo Center Norte.<\/p>\n\n\n\n<p>Endere\u00e7o:Rua Jos\u00e9 Bernardo Pinto, 333 \u2013 Vila Guilherme, S\u00e3o Paulo \u2013 SP, 02055-000.<\/p>\n","protected":false},"excerpt":{"rendered":"<p>A WTM Latin America \u00e9 o evento B2B de viagens e turismo da Am\u00e9rica Latina que oferece excelentes oportunidades de neg\u00f3cios, melhor retorno sobre o investimento e acesso a compradores e influenciadores qualificados da ind\u00fastria de viagens e turismo. Junte-se a n\u00f3s, nos dias 15 a 17 de Abril das 12h \u00e0s 20h, no dia [&hellip;]<\/p>\n","protected":false},"author":2,"featured_media":1243,"comment_status":"open","ping_status":"open","sticky":false,"template":"","format":"standard","meta":{"footnotes":""},"categories":[25],"tags":[],"class_list":{"0":"post-1241","1":"post","2":"type-post","3":"status-publish","4":"format-standard","5":"has-post-thumbnail","7":"category-calendariodeeventos"},"_links":{"self":[{"href":"https:\/\/tveventos.tv.br\/index.php?rest_route=\/wp\/v2\/posts\/1241","targetHints":{"allow":["GET"]}}],"collection":[{"href":"https:\/\/tveventos.tv.br\/index.php?rest_route=\/wp\/v2\/posts"}],"about":[{"href":"https:\/\/tveventos.tv.br\/index.php?rest_route=\/wp\/v2\/types\/post"}],"author":[{"embeddable":true,"href":"https:\/\/tveventos.tv.br\/index.php?rest_route=\/wp\/v2\/users\/2"}],"replies":[{"embeddable":true,"href":"https:\/\/tveventos.tv.br\/index.php?rest_route=%2Fwp%2Fv2%2Fcomments&post=1241"}],"version-history":[{"count":1,"href":"https:\/\/tveventos.tv.br\/index.php?rest_route=\/wp\/v2\/posts\/1241\/revisions"}],"predecessor-version":[{"id":1244,"href":"https:\/\/tveventos.tv.br\/index.php?rest_route=\/wp\/v2\/posts\/1241\/revisions\/1244"}],"wp:featuredmedia":[{"embeddable":true,"href":"https:\/\/tveventos.tv.br\/index.php?rest_route=\/wp\/v2\/media\/1243"}],"wp:attachment":[{"href":"https:\/\/tveventos.tv.br\/index.php?rest_route=%2Fwp%2Fv2%2Fmedia&parent=1241"}],"wp:term":[{"taxonomy":"category","embeddable":true,"href":"https:\/\/tveventos.tv.br\/index.php?rest_route=%2Fwp%2Fv2%2Fcategories&post=1241"},{"taxonomy":"post_tag","embeddable":true,"href":"https:\/\/tveventos.tv.br\/index.php?rest_route=%2Fwp%2Fv2%2Ftags&post=1241"}],"curies":[{"name":"wp","href":"https:\/\/api.w.org\/{rel}","templated":true}]}}