{"id":1245,"date":"2024-04-08T14:16:07","date_gmt":"2024-04-08T17:16:07","guid":{"rendered":"https:\/\/tveventos.tv.br\/?p=1245"},"modified":"2024-04-08T14:16:10","modified_gmt":"2024-04-08T17:16:10","slug":"feira-opera","status":"publish","type":"post","link":"https:\/\/tveventos.tv.br\/?p=1245","title":{"rendered":"Feira \u00d3pera"},"content":{"rendered":"\n<p>A Feira \u00d3pera, evento de neg\u00f3cios B2B do mercado de Moda e Decora\u00e7\u00e3oA Feira \u00d3pera, evento de neg\u00f3cios B2B do mercado de Moda e Decora\u00e7\u00e3o.<\/p>\n\n\n\n<p>Junte-se a n\u00f3s, nos dias 23 a 25 de Abril das 9h \u00e0s 19h, quinta-feira das 9h \u00e0s 17h no prestigiado Centro de Eventos PRO MAGNO.<\/p>\n\n\n\n<p>Endere\u00e7o: Av. Professora Ida Kolb, 513 &#8211; Casa Verde \/ Jardim das Laranjeiras, S\u00e3o Paulo &#8211; SP, 02518-000 (2\u00ba Andar) S\u00e3o Paulo, Brasil.<\/p>\n","protected":false},"excerpt":{"rendered":"<p>A Feira \u00d3pera, evento de neg\u00f3cios B2B do mercado de Moda e Decora\u00e7\u00e3oA Feira \u00d3pera, evento de neg\u00f3cios B2B do mercado de Moda e Decora\u00e7\u00e3o. Junte-se a n\u00f3s, nos dias 23 a 25 de Abril das 9h \u00e0s 19h, quinta-feira das 9h \u00e0s 17h no prestigiado Centro de Eventos PRO MAGNO. Endere\u00e7o: Av. Professora Ida [&hellip;]<\/p>\n","protected":false},"author":2,"featured_media":1247,"comment_status":"open","ping_status":"open","sticky":false,"template":"","format":"standard","meta":{"footnotes":""},"categories":[25],"tags":[],"class_list":{"0":"post-1245","1":"post","2":"type-post","3":"status-publish","4":"format-standard","5":"has-post-thumbnail","7":"category-calendariodeeventos"},"_links":{"self":[{"href":"https:\/\/tveventos.tv.br\/index.php?rest_route=\/wp\/v2\/posts\/1245","targetHints":{"allow":["GET"]}}],"collection":[{"href":"https:\/\/tveventos.tv.br\/index.php?rest_route=\/wp\/v2\/posts"}],"about":[{"href":"https:\/\/tveventos.tv.br\/index.php?rest_route=\/wp\/v2\/types\/post"}],"author":[{"embeddable":true,"href":"https:\/\/tveventos.tv.br\/index.php?rest_route=\/wp\/v2\/users\/2"}],"replies":[{"embeddable":true,"href":"https:\/\/tveventos.tv.br\/index.php?rest_route=%2Fwp%2Fv2%2Fcomments&post=1245"}],"version-history":[{"count":1,"href":"https:\/\/tveventos.tv.br\/index.php?rest_route=\/wp\/v2\/posts\/1245\/revisions"}],"predecessor-version":[{"id":1248,"href":"https:\/\/tveventos.tv.br\/index.php?rest_route=\/wp\/v2\/posts\/1245\/revisions\/1248"}],"wp:featuredmedia":[{"embeddable":true,"href":"https:\/\/tveventos.tv.br\/index.php?rest_route=\/wp\/v2\/media\/1247"}],"wp:attachment":[{"href":"https:\/\/tveventos.tv.br\/index.php?rest_route=%2Fwp%2Fv2%2Fmedia&parent=1245"}],"wp:term":[{"taxonomy":"category","embeddable":true,"href":"https:\/\/tveventos.tv.br\/index.php?rest_route=%2Fwp%2Fv2%2Fcategories&post=1245"},{"taxonomy":"post_tag","embeddable":true,"href":"https:\/\/tveventos.tv.br\/index.php?rest_route=%2Fwp%2Fv2%2Ftags&post=1245"}],"curies":[{"name":"wp","href":"https:\/\/api.w.org\/{rel}","templated":true}]}}