{"id":1249,"date":"2024-04-08T14:30:07","date_gmt":"2024-04-08T17:30:07","guid":{"rendered":"https:\/\/tveventos.tv.br\/?p=1249"},"modified":"2024-04-08T14:31:15","modified_gmt":"2024-04-08T17:31:15","slug":"bett-brasil","status":"publish","type":"post","link":"https:\/\/tveventos.tv.br\/?p=1249","title":{"rendered":"Bett Brasil"},"content":{"rendered":"\n<h2 class=\"wp-block-heading\">Maior evento de Inova\u00e7\u00e3o e Tecnologia para Educa\u00e7\u00e3o na Am\u00e9rica Latina<\/h2>\n\n\n\n<p>O ponto de encontro da comunidade educacional para o di\u00e1logo e fomento de novas ideias, neg\u00f3cios e solu\u00e7\u00f5es. Junte-se a mais de 35 mil educadores em quatro dias de conte\u00fados e experi\u00eancias transformadoras para educa\u00e7\u00e3o!<\/p>\n\n\n\n<p>Junte-se a n\u00f3s, nos dias 23 a 26 de Abril das 08h30 \u00e0s 19h00, no prestigiado Centro de Eventos Expo Center Norte.<\/p>\n\n\n\n<p>Endere\u00e7o:Rua Jos\u00e9 Bernardo Pinto, 333 Vila Guilherme &#8211; S\u00e3o Paulo\/SP<\/p>\n","protected":false},"excerpt":{"rendered":"<p>Maior evento de Inova\u00e7\u00e3o e Tecnologia para Educa\u00e7\u00e3o na Am\u00e9rica Latina O ponto de encontro da comunidade educacional para o di\u00e1logo e fomento de novas ideias, neg\u00f3cios e solu\u00e7\u00f5es. Junte-se a mais de 35 mil educadores em quatro dias de conte\u00fados e experi\u00eancias transformadoras para educa\u00e7\u00e3o! Junte-se a n\u00f3s, nos dias 23 a 26 de [&hellip;]<\/p>\n","protected":false},"author":2,"featured_media":1250,"comment_status":"open","ping_status":"open","sticky":false,"template":"","format":"standard","meta":{"footnotes":""},"categories":[25],"tags":[],"class_list":{"0":"post-1249","1":"post","2":"type-post","3":"status-publish","4":"format-standard","5":"has-post-thumbnail","7":"category-calendariodeeventos"},"_links":{"self":[{"href":"https:\/\/tveventos.tv.br\/index.php?rest_route=\/wp\/v2\/posts\/1249","targetHints":{"allow":["GET"]}}],"collection":[{"href":"https:\/\/tveventos.tv.br\/index.php?rest_route=\/wp\/v2\/posts"}],"about":[{"href":"https:\/\/tveventos.tv.br\/index.php?rest_route=\/wp\/v2\/types\/post"}],"author":[{"embeddable":true,"href":"https:\/\/tveventos.tv.br\/index.php?rest_route=\/wp\/v2\/users\/2"}],"replies":[{"embeddable":true,"href":"https:\/\/tveventos.tv.br\/index.php?rest_route=%2Fwp%2Fv2%2Fcomments&post=1249"}],"version-history":[{"count":2,"href":"https:\/\/tveventos.tv.br\/index.php?rest_route=\/wp\/v2\/posts\/1249\/revisions"}],"predecessor-version":[{"id":1252,"href":"https:\/\/tveventos.tv.br\/index.php?rest_route=\/wp\/v2\/posts\/1249\/revisions\/1252"}],"wp:featuredmedia":[{"embeddable":true,"href":"https:\/\/tveventos.tv.br\/index.php?rest_route=\/wp\/v2\/media\/1250"}],"wp:attachment":[{"href":"https:\/\/tveventos.tv.br\/index.php?rest_route=%2Fwp%2Fv2%2Fmedia&parent=1249"}],"wp:term":[{"taxonomy":"category","embeddable":true,"href":"https:\/\/tveventos.tv.br\/index.php?rest_route=%2Fwp%2Fv2%2Fcategories&post=1249"},{"taxonomy":"post_tag","embeddable":true,"href":"https:\/\/tveventos.tv.br\/index.php?rest_route=%2Fwp%2Fv2%2Ftags&post=1249"}],"curies":[{"name":"wp","href":"https:\/\/api.w.org\/{rel}","templated":true}]}}