{"id":1253,"date":"2024-04-08T14:37:51","date_gmt":"2024-04-08T17:37:51","guid":{"rendered":"https:\/\/tveventos.tv.br\/?p=1253"},"modified":"2024-04-08T14:37:54","modified_gmt":"2024-04-08T17:37:54","slug":"m-t-expo","status":"publish","type":"post","link":"https:\/\/tveventos.tv.br\/?p=1253","title":{"rendered":"M &amp; T Expo"},"content":{"rendered":"\n<p>A M &amp; T Expo \u00e9 parte da bauma NETWORK, maior rede internacional de eventos para o setor e promotora de diversos encontros B2B na Alemanha. Essa integra\u00e7\u00e3o traz ao mercado nacional os n\u00edveis de excel\u00eancia e inova\u00e7\u00e3o estabelecidos na sede da Alemanha e apoiar o desenvolvimento de feiras de neg\u00f3cios em uma dire\u00e7\u00e3o especializada e internacionalizada.<\/p>\n\n\n\n<p>Junte-se a n\u00f3s, nos dias 23 a 26 de Abril das 13h \u00e0s 20h, no prestigiado S\u00e3o Paulo Exo.<\/p>\n\n\n\n<p>Endere\u00e7o:Rodovia dos Imigrantes,1,5 km, Vila \u00c1gua Funda, S\u00e3o Paulo \u2013 SP, 04329-900.<\/p>\n","protected":false},"excerpt":{"rendered":"<p>A M &amp; T Expo \u00e9 parte da bauma NETWORK, maior rede internacional de eventos para o setor e promotora de diversos encontros B2B na Alemanha. Essa integra\u00e7\u00e3o traz ao mercado nacional os n\u00edveis de excel\u00eancia e inova\u00e7\u00e3o estabelecidos na sede da Alemanha e apoiar o desenvolvimento de feiras de neg\u00f3cios em uma dire\u00e7\u00e3o especializada [&hellip;]<\/p>\n","protected":false},"author":2,"featured_media":1255,"comment_status":"open","ping_status":"open","sticky":false,"template":"","format":"standard","meta":{"footnotes":""},"categories":[25],"tags":[],"class_list":{"0":"post-1253","1":"post","2":"type-post","3":"status-publish","4":"format-standard","5":"has-post-thumbnail","7":"category-calendariodeeventos"},"_links":{"self":[{"href":"https:\/\/tveventos.tv.br\/index.php?rest_route=\/wp\/v2\/posts\/1253","targetHints":{"allow":["GET"]}}],"collection":[{"href":"https:\/\/tveventos.tv.br\/index.php?rest_route=\/wp\/v2\/posts"}],"about":[{"href":"https:\/\/tveventos.tv.br\/index.php?rest_route=\/wp\/v2\/types\/post"}],"author":[{"embeddable":true,"href":"https:\/\/tveventos.tv.br\/index.php?rest_route=\/wp\/v2\/users\/2"}],"replies":[{"embeddable":true,"href":"https:\/\/tveventos.tv.br\/index.php?rest_route=%2Fwp%2Fv2%2Fcomments&post=1253"}],"version-history":[{"count":1,"href":"https:\/\/tveventos.tv.br\/index.php?rest_route=\/wp\/v2\/posts\/1253\/revisions"}],"predecessor-version":[{"id":1256,"href":"https:\/\/tveventos.tv.br\/index.php?rest_route=\/wp\/v2\/posts\/1253\/revisions\/1256"}],"wp:featuredmedia":[{"embeddable":true,"href":"https:\/\/tveventos.tv.br\/index.php?rest_route=\/wp\/v2\/media\/1255"}],"wp:attachment":[{"href":"https:\/\/tveventos.tv.br\/index.php?rest_route=%2Fwp%2Fv2%2Fmedia&parent=1253"}],"wp:term":[{"taxonomy":"category","embeddable":true,"href":"https:\/\/tveventos.tv.br\/index.php?rest_route=%2Fwp%2Fv2%2Fcategories&post=1253"},{"taxonomy":"post_tag","embeddable":true,"href":"https:\/\/tveventos.tv.br\/index.php?rest_route=%2Fwp%2Fv2%2Ftags&post=1253"}],"curies":[{"name":"wp","href":"https:\/\/api.w.org\/{rel}","templated":true}]}}