{"id":1258,"date":"2024-04-08T14:52:54","date_gmt":"2024-04-08T17:52:54","guid":{"rendered":"https:\/\/tveventos.tv.br\/?p=1258"},"modified":"2024-04-08T14:52:57","modified_gmt":"2024-04-08T17:52:57","slug":"apas-show-2024-ganha-expansao-de-espaco-fisico-presenca-internacional-relevante-e-apresenta-o-tema-de-seu-congresso-de-gestao-update-se-o-mercado-do-futuro-mais-proximo-de-hoje","status":"publish","type":"post","link":"https:\/\/tveventos.tv.br\/?p=1258","title":{"rendered":"APAS SHOW 2024 ganha expans\u00e3o de espa\u00e7o f\u00edsico, presen\u00e7a internacional relevante e apresenta o tema de seu congresso de gest\u00e3o: Update-se \u2013 \u201cO mercado do futuro mais pr\u00f3ximo de hoje\u201d"},"content":{"rendered":"\n<p>Al\u00e9m da amplia\u00e7\u00e3o f\u00edsica, evento passou por uma releitura de marca, conceito e identidade visual, em uma parceria assinada entre a APAS (organizadora do evento) e a ag\u00eancia de publicidade WMcCANN World Group<\/p>\n\n\n\n<p>A contagem regressiva come\u00e7ou para a 38\u00aa edi\u00e7\u00e3o da APAS SHOW 2024, o maior evento do setor de alimentos e bebidas das Am\u00e9ricas, e a maior feira supermercadista do mundo. Organizado pela Associa\u00e7\u00e3o Paulista de Supermercados (APAS), o encontro acontecer\u00e1 entre os dias 13 e 16 de maio de 2024, no Expo Center Norte, em S\u00e3o Paulo. Para a edi\u00e7\u00e3o desse ano, a APAS SHOW ser\u00e1 composta por mais 850 expositores, sendo 200 internacionais, com perspectiva de ultrapassar a marca de R\uff04 14 bilh\u00f5es em neg\u00f3cios gerados.<\/p>\n\n\n\n<p><em>\u201cEm 2024, a APAS SHOW se posiciona como o melhor festival para abrir a mente e fechar neg\u00f3cios. O evento \u00e9 reconhecido como o maior do setor de alimentos e bebidas das Am\u00e9ricas e como a maior feira supermercadista do mundo, com presen\u00e7a relevante de expositores internacionais. O setor de varejo supermercadista \u00e9 um dos que melhor ilustra os in\u00fameros avan\u00e7os que o Brasil conquistou nos \u00faltimos anos. Se o pa\u00eds vem construindo uma imagem internacional forte, essa imagem certamente passa pelos supermercados e a APAS SHOW representa esse bom momento &#8220;, <\/em>afirma Carlos Corr\u00eaa, diretor geral da APAS.<\/p>\n\n\n\n<p><strong>Releitura da Marca e enfoque ampliado<\/strong><\/p>\n\n\n\n<p>Para a edi\u00e7\u00e3o de 2024, a APAS firmou parceria com a ag\u00eancia de publicidade WMcCANN World Group, resultando em uma releitura da marca APAS SHOW, com novo conceito e identidade visual. O estudo, com mais de 100 p\u00e1ginas, analisou seis &#8220;C&#8221;s do evento (companhia, consci\u00eancia inclusiva, consumidor, categoria, cultura e conex\u00f5es), concluindo que a \u201cAPAS SHOW \u00e9 o melhor festival para abrir a mente e fechar neg\u00f3cios\u201d com uma abordagem que vai al\u00e9m dos alimentos, oferecendo durante os quatro dias de dura\u00e7\u00e3o uma gama de produtos e servi\u00e7os relevantes para o setor. Desde alimentos e bebidas at\u00e9 tecnologia e inova\u00e7\u00e3o, log\u00edstica, finan\u00e7as, infraestrutura e muito mais. <em>\u201cEssa releitura ressalta a APAS SHOW como o ponto de encontro ideal para ampliar horizontes e concretizar neg\u00f3cios. Essa estrat\u00e9gia reafirma a import\u00e2ncia da feira como um evento fundamental para o setor, n\u00e3o s\u00f3 para os quatro dias em que acontece, mas para a consolida\u00e7\u00e3o de neg\u00f3cios e projetos de inova\u00e7\u00e3o que ocorrer\u00e3o ao longo de todo o ano, fruto do conhecimento e networking promovidos no evento\u201d<\/em>, complementa Corr\u00eaa.<\/p>\n\n\n\n<p><strong>Expans\u00e3o no tamanho<\/strong><\/p>\n\n\n\n<p>Em uma \u00e1rea de mais de 78 mil metros quadrados, que ocupa os cinco pavilh\u00f5es do Expo Center Norte, a APAS SHOW 2024 vir\u00e1 com tamanho maior. No evento haver\u00e1 o chamado pavilh\u00e3o azul B, um espa\u00e7o de 1.700 metros quadrados constru\u00eddos ao lado do pavilh\u00e3o azul. <em>\u201cQuando todos imaginam que o evento n\u00e3o pode crescer mais, conseguimos uma op\u00e7\u00e3o para expandir o espa\u00e7o e surpreender nossos visitantes e expositores com uma experi\u00eancia ainda mais enriquecedora\u201d<\/em>, destaca o executivo.<\/p>\n\n\n\n<p><strong>Congresso de Gest\u00e3o<\/strong><\/p>\n\n\n\n<p>A APAS SHOW representa uma oportunidade \u00fanica para empresas nacionais e internacionais da cadeia produtiva de se reunirem, possibilitando a realiza\u00e7\u00e3o de neg\u00f3cios, networking e acompanhamento de lan\u00e7amentos. Al\u00e9m disso, o evento tamb\u00e9m segue com seu objetivo de compartilhar conhecimento por meio do Congresso de Gest\u00e3o. O encontro, que tamb\u00e9m passou por uma releitura e an\u00e1lise na parceria assinada entre a APAS e a WMcCANN World Group, trar\u00e1 como tema \u201cUpdate-se &#8211; O mercado do futuro mais pr\u00f3ximo de hoje\u201d, prometendo insights valiosos sobre as tend\u00eancias e perspectivas do setor.<\/p>\n\n\n\n<p><em>\u201cEsse tema foi resultado desse trabalho de reflex\u00e3o que nos fez entender que o conte\u00fado que ser\u00e1 apresentado \u00e9 o insumo que transp\u00f5em o passado e o presente, convidando todos a uma grande atualiza\u00e7\u00e3o, um verdadeiro upgrade\u201d<\/em>, analisa Corr\u00eaa. O Congresso de Gest\u00e3o \u201cUpdate-se &#8211; O mercado do futuro mais pr\u00f3ximo de hoje\u201d, ocorre entre os dias 14 e 16 de maio, das 8h \u00e0s 14h. Para mais informa\u00e7\u00f5es e inscri\u00e7\u00e3o, visite o <a href=\"https:\/\/s2404.imxsnd02.com\/link.php?code=bDpodHRwcyUzQSUyRiUyRmFwYXNzaG93LmNvbSUyRjoyNDU1Mzk2OTA2OnJlZGFjYW90dmV2ZW50b3NAZ21haWwuY29tOmUwNWEwMTo3Ng==\">site oficial da APAS SHOW 2024<\/a>.<\/p>\n\n\n\n<p><strong>Espa\u00e7o Botic\u00e1rio<\/strong><\/p>\n\n\n\n<p>Em 300 metros quadrados, o Botic\u00e1rio ter\u00e1 na APAS SHOW um espa\u00e7o dedicado exclusivamente para o segmento de beleza, com seus produtos e lan\u00e7amentos, cujo um dos objetivos \u00e9 cruzar os caminhos entre os expositores e os grandes varejistas, com o objetivo de abastecer as g\u00f4ndolas dos supermercados com os produtos das marcas do Grupo Botic\u00e1rio, entre elas: Truss Professional, Dr Jones, O.U.I Alta Perfumaria, Vult, Quem Disse, Berenice?, Eudora e O Botic\u00e1rio.<\/p>\n\n\n\n<p><strong>Produtos Naturais e Org\u00e2nicos<\/strong><\/p>\n\n\n\n<p>Atenta \u00e0s mudan\u00e7as nos h\u00e1bitos de consumo do brasileiro e com o objetivo de promover o setor, destacando seu crescimento, sua import\u00e2ncia e suas oportunidades, a APAS SHOW ter\u00e1 tamb\u00e9m no pavilh\u00e3o Amarelo uma \u00e1rea voltada para ao FFLV (flores, frutas, legumes e verduras) e produtos saud\u00e1veis, um tema que foi destaque em 2023 e retorna para a edi\u00e7\u00e3o do evento em 2024.<\/p>\n\n\n\n<p><strong>Conex\u00e3o de Neg\u00f3cios<\/strong><\/p>\n\n\n\n<p>Na APAS SHOW 2024, a &#8220;Conex\u00e3o de Neg\u00f3cios&#8221; se destaca como uma ferramenta essencial para facilitar o contato entre fornecedores e potenciais compradores. Este espa\u00e7o exclusivo oferece reuni\u00f5es privativas entre empres\u00e1rios, previamente agendadas, garantindo efici\u00eancia e produtividade durante o evento. As reuni\u00f5es, que t\u00eam dura\u00e7\u00e3o m\u00e1xima de 30 minutos, s\u00e3o organizadas com base nos perfis preenchidos pelas empresas durante o processo de inscri\u00e7\u00e3o, garantindo uma abordagem precisa e eficaz das diversas oportunidades dispon\u00edveis na feira.<\/p>\n\n\n\n<p><strong>Responsabilidade Social<\/strong><\/p>\n\n\n\n<p>Em sintonia com a crescente import\u00e2ncia das quest\u00f5es socioambientais, a APAS SHOW tem refor\u00e7ado seu compromisso com as causas ESG. Desde 2014, o evento tem trabalhado para garantir a destina\u00e7\u00e3o respons\u00e1vel de todos os res\u00edduos gerados. Esfor\u00e7os significativos s\u00e3o feitos para minimizar a quantidade de res\u00edduos enviados para aterros sanit\u00e1rios, por meio da implementa\u00e7\u00e3o de pr\u00e1ticas de reciclagem em todas as etapas do evento. Al\u00e9m disso, a APAS SHOW busca neutralizar suas emiss\u00f5es de gases de efeito estufa, realizando invent\u00e1rios de emiss\u00f5es e adquirindo cr\u00e9ditos de carbono de projetos rastre\u00e1veis e audit\u00e1veis.<\/p>\n\n\n\n<p>Em 2023, o evento atingiu a meta de Aterro Zero, destinando 100% dos res\u00edduos a reciclagem. No ano passado ocorreu tamb\u00e9m a neutraliza\u00e7\u00e3o por meio da contrata\u00e7\u00e3o de cr\u00e9ditos de carbono equivalentes a 38 toneladas de CO2 .<\/p>\n\n\n\n<p><strong>Arrecada\u00e7\u00e3o de alimentos<\/strong><\/p>\n\n\n\n<p>Outro aspecto importante \u00e9 a iniciativa de arrecada\u00e7\u00e3o de alimentos, uma tradi\u00e7\u00e3o da feira. Ao final do evento, os expositores parceiros t\u00eam a oportunidade de doar os produtos expostos em seus estandes. Esses alimentos s\u00e3o ent\u00e3o entregues a ONGs e associa\u00e7\u00f5es parceiras que prestam assist\u00eancia a pessoas em situa\u00e7\u00e3o de vulnerabilidade social. Essas a\u00e7\u00f5es demonstram o compromisso da APAS SHOW n\u00e3o apenas com o sucesso comercial, mas tamb\u00e9m com o bem-estar da comunidade e o cuidado com o meio ambiente.<\/p>\n\n\n\n<p>A a\u00e7\u00e3o de arrecada\u00e7\u00e3o de alimentos do evento em 2023 totalizou 48,4 toneladas de alimentos e produtos, destinados para 121 entidades sociais.<\/p>\n\n\n\n<p><strong>SERVI\u00c7O: APAS SHOW 2024 \u2013 <\/strong><a href=\"https:\/\/s2404.imxsnd02.com\/link.php?code=bDpodHRwcyUzQSUyRiUyRmFwYXNzaG93LmNvbSUyRjoyNDU1Mzk2OTA2OnJlZGFjYW90dmV2ZW50b3NAZ21haWwuY29tOmUwNWEwMTo3Ng==\">Site oficial<\/a><\/p>\n\n\n\n<p><br><strong>Quando: <\/strong>de 13 a 16 de maio de 2024<\/p>\n\n\n\n<p><strong>Hor\u00e1rios: <\/strong>de 13 a 15\/05, das 12h \u00e0s 20h; 16\/05, das 12h \u00e0s 18h;<\/p>\n\n\n\n<p><strong>Local: <\/strong>Expo Center Norte<\/p>\n\n\n\n<p><strong>Endere\u00e7o: <\/strong>Rua Jos\u00e9 Bernardo Pinto, 333 \u2013 Vila Guilherme. S\u00e3o Paulo, SP<\/p>\n\n\n\n<p>Transfer gratuito saindo da esta\u00e7\u00e3o Portuguesa-Tiet\u00ea<\/p>\n\n\n\n<p><strong>P\u00e1gina oficial para credenciamento de imprensa: <\/strong>\u2013 <a href=\"https:\/\/s2404.imxsnd02.com\/link.php?code=bDpodHRwcyUzQSUyRiUyRmFwYXNzaG93LmNvbSUyRmltcHJlbnNhOjI0NTUzOTY5MDY6cmVkYWNhb3R2ZXZlbnRvc0BnbWFpbC5jb206ODM4MmMyOjc2\">clique aqui<\/a><\/p>\n\n\n\n<p><strong>Sobre a APAS<\/strong><\/p>\n\n\n\n<p>Com 50 anos de tradi\u00e7\u00e3o, a Associa\u00e7\u00e3o Paulista de Supermercados representa o essencial setor supermercadista no estado de S\u00e3o Paulo e busca integrar toda a cadeia de abastecimento com a sociedade. A entidade, que possui 3 distritos na cidade de S\u00e3o Paulo e 13 regionais distribu\u00eddas estrategicamente pelo estado, conta hoje com 1.500 supermercados associados que somam 4.315 lojas.\u202f&nbsp;<\/p>\n","protected":false},"excerpt":{"rendered":"<p>Al\u00e9m da amplia\u00e7\u00e3o f\u00edsica, evento passou por uma releitura de marca, conceito e identidade visual, em uma parceria assinada entre a APAS (organizadora do evento) e a ag\u00eancia de publicidade WMcCANN World Group A contagem regressiva come\u00e7ou para a 38\u00aa edi\u00e7\u00e3o da APAS SHOW 2024, o maior evento do setor de alimentos e bebidas das [&hellip;]<\/p>\n","protected":false},"author":2,"featured_media":1259,"comment_status":"open","ping_status":"open","sticky":false,"template":"","format":"standard","meta":{"footnotes":""},"categories":[1],"tags":[],"class_list":{"0":"post-1258","1":"post","2":"type-post","3":"status-publish","4":"format-standard","5":"has-post-thumbnail","7":"category-workshopsepalestras"},"_links":{"self":[{"href":"https:\/\/tveventos.tv.br\/index.php?rest_route=\/wp\/v2\/posts\/1258","targetHints":{"allow":["GET"]}}],"collection":[{"href":"https:\/\/tveventos.tv.br\/index.php?rest_route=\/wp\/v2\/posts"}],"about":[{"href":"https:\/\/tveventos.tv.br\/index.php?rest_route=\/wp\/v2\/types\/post"}],"author":[{"embeddable":true,"href":"https:\/\/tveventos.tv.br\/index.php?rest_route=\/wp\/v2\/users\/2"}],"replies":[{"embeddable":true,"href":"https:\/\/tveventos.tv.br\/index.php?rest_route=%2Fwp%2Fv2%2Fcomments&post=1258"}],"version-history":[{"count":1,"href":"https:\/\/tveventos.tv.br\/index.php?rest_route=\/wp\/v2\/posts\/1258\/revisions"}],"predecessor-version":[{"id":1260,"href":"https:\/\/tveventos.tv.br\/index.php?rest_route=\/wp\/v2\/posts\/1258\/revisions\/1260"}],"wp:featuredmedia":[{"embeddable":true,"href":"https:\/\/tveventos.tv.br\/index.php?rest_route=\/wp\/v2\/media\/1259"}],"wp:attachment":[{"href":"https:\/\/tveventos.tv.br\/index.php?rest_route=%2Fwp%2Fv2%2Fmedia&parent=1258"}],"wp:term":[{"taxonomy":"category","embeddable":true,"href":"https:\/\/tveventos.tv.br\/index.php?rest_route=%2Fwp%2Fv2%2Fcategories&post=1258"},{"taxonomy":"post_tag","embeddable":true,"href":"https:\/\/tveventos.tv.br\/index.php?rest_route=%2Fwp%2Fv2%2Ftags&post=1258"}],"curies":[{"name":"wp","href":"https:\/\/api.w.org\/{rel}","templated":true}]}}