{"id":1265,"date":"2024-04-08T15:04:30","date_gmt":"2024-04-08T18:04:30","guid":{"rendered":"https:\/\/tveventos.tv.br\/?p=1265"},"modified":"2024-04-08T15:04:32","modified_gmt":"2024-04-08T18:04:32","slug":"sustentabilidade-estara-presente-na-bfshow-em-sao-paulo","status":"publish","type":"post","link":"https:\/\/tveventos.tv.br\/?p=1265","title":{"rendered":"Sustentabilidade estar\u00e1 presente na BFSHOW, em S\u00e3o Paulo"},"content":{"rendered":"\n<p>Mais do que produtos sustent\u00e1veis, a ind\u00fastria cal\u00e7adista brasileira, em conson\u00e2ncia com um movimento crescente em n\u00edvel mundial, vem adotando pr\u00e1ticas produtivas social e ambientalmente corretas. Atualmente, a quinta maior produtora de cal\u00e7ados do planeta, a maior fora da \u00c1sia, vem se destacando como uma refer\u00eancia internacional de produ\u00e7\u00e3o limpa e alinhada aos conceitos de ESG. Como n\u00e3o poderia ser diferente, entre os dias 21 e 23 de maio, no Transam\u00e9rica Expo Center, em S\u00e3o Paulo\/SP, o protagonismo do setor na \u00e1rea tamb\u00e9m estar\u00e1 exposto na 2\u00aa edi\u00e7\u00e3o da BFSHOW, a maior feira cal\u00e7adista do Brasil.<br>&nbsp;<\/p>\n\n\n\n<p>Pesquisa divulgada no ano passado pela Associa\u00e7\u00e3o Brasileira das Ind\u00fastrias de Cal\u00e7ados (Abical\u00e7ados) aponta que mais de 95% das empresas brasileiras do setor possuem um trabalho de destina\u00e7\u00e3o ambientalmente adequada dos seus res\u00edduos produtivos; 79% das ind\u00fastrias executam controle das subst\u00e2ncias restritas; e 62% das ind\u00fastrias consomem energia el\u00e9trica 100% oriunda de fontes renov\u00e1veis. \u201cS\u00e3o dados que corroboram o intenso trabalho realizado para a adequa\u00e7\u00e3o da produ\u00e7\u00e3o de cal\u00e7ados \u00e0 nova realidade de um consumo mais consciente e orientado para a sustentabilidade n\u00e3o somente ambiental, mas tamb\u00e9m social. Hoje, as pessoas querem saber o que est\u00e3o consumindo, de onde vem o produto que est\u00e1 cal\u00e7ando, e as empresas que n\u00e3o estiverem adaptadas a esse novo mundo tendem a ter muitas dificuldades no mercado, principalmente internacional\u201d, avalia o presidente-executivo da entidade, Haroldo Ferreira.<br>&nbsp;<\/p>\n\n\n\n<p><strong>Na pr\u00e1tica<\/strong><br>Na BFSHOW, mostra que j\u00e1 contabiliza mais de 230 marcas de cal\u00e7ados que respondem por 80% da produ\u00e7\u00e3o nacional do setor, estar\u00e3o presentes 75% das ind\u00fastrias de cal\u00e7ados certificadas no programa Origem Sustent\u00e1vel, \u00fanica certifica\u00e7\u00e3o de ESG para empresas da cadeia produtiva do cal\u00e7ado no mundo. Uma das empresas confirmadas na BFSHOW \u00e9 a Tess, fabricante das marcas Kenner e Redley, que aposta na mostra cal\u00e7adista para alavancar um ambicioso projeto de internacionaliza\u00e7\u00e3o. \u201cN\u00e3o queremos exportar pre\u00e7o, queremos exportar valor agregado para mercados exigentes e esses mercados exigem sustentabilidade, com consumidores querendo saber a origem da fabrica\u00e7\u00e3o dos seus produtos\u201d, avalia o CEO da empresa, Thomas Simon.<br>&nbsp;<\/p>\n\n\n\n<p>Entre os destaques da Tess est\u00e1 a sustentabilidade ambiental no seu processo produtivo. Com investimentos pesados em tecnologia e inova\u00e7\u00e3o, a Tess reduziu, de 2021 at\u00e9 2023, em 50% o descarte de mat\u00e9ria-prima. At\u00e9 2026, a meta \u00e9 reduzir mais 50%. \u201cOutro ponto importante \u00e9 o nosso produto. Desenvolvemos um cal\u00e7ado para durar mais de dez anos, sem exagero. Com isso, diminu\u00edmos o descarte de lixo\u201d, destaca Simon.<br>&nbsp;<\/p>\n\n\n\n<p>Representando a sustentabilidade do segmento infantil de cal\u00e7ados, a Bibi tamb\u00e9m estar\u00e1 na BFSHOW. A empresa, certificada no Origem Sustent\u00e1vel, conta como um de seus pilares a preocupa\u00e7\u00e3o com a sustentabilidade e criou metas e compromissos na \u00e1rea a serem alcan\u00e7ados at\u00e9 2030. Est\u00e3o entre os compromissos, alcan\u00e7ar 100% de conformidade dos produtos fabricados na Norma Reach (Regulamento N\u00ba 1907\/2006 Parlamento Europeu) referente \u00e0 toxicidade, reduzir em 20% a gera\u00e7\u00e3o de res\u00edduos no desenvolvimento de novos produtos e opera\u00e7\u00f5es industriais, entre outros. \u201cAcreditamos que, cada vez mais, os consumidores est\u00e3o priorizando marcas com iniciativas que contribuam para a sociedade e o meio ambiente. Dessa forma, al\u00e9m de oferecer um produto de qualidade e que respeite o desenvolvimento feliz e saud\u00e1vel dos pequenos, somos uma companhia que visa diminuir os impactos das opera\u00e7\u00f5es na natureza\u201d, comenta a presidente da empresa, Andrea Kohlrausch.<br>&nbsp;<\/p>\n\n\n\n<p><strong>A feira<\/strong><br>Criada pela Abical\u00e7ados em parceria com a N\u00fcrnbergMesse Brasil, a BFSHOW j\u00e1 \u00e9 a maior feira cal\u00e7adista brasileira em espa\u00e7o ocupado, com centenas das principais marcas brasileiras de cal\u00e7ados, de todos os segmentos, portes e polos cal\u00e7adista. A visita\u00e7\u00e3o \u00e9 estimada em mais de 10 mil compradores e profissionais da atividade, tanto do Brasil como do mercado internacional. Na primeira edi\u00e7\u00e3o da BFSHOW, ocorrida no Rio Grande do Sul, foram gerados, somente em neg\u00f3cios internacionais, mais de R$315 milh\u00f5es. O credenciamento para a visita\u00e7\u00e3o est\u00e1 aberto no <a href=\"https:\/\/s2404.imxsnd27.com\/link.php?code=bDpodHRwcyUzQSUyRiUyRnd3dy5iZnNob3cuY29tLmJyOjEyMjQxNjIyMzE6cmVkYWNhb3R2ZXZlbnRvc0BnbWFpbC5jb206MzQ5NjE5Ojc2\">site<\/a>.<\/p>\n\n\n\n<p><strong>Sobre a Abical\u00e7ados<\/strong><strong><br><\/strong>A Abical\u00e7ados \u00e9 a entidade que representa a ind\u00fastria nacional, quinta maior produtora de cal\u00e7ados do mundo, a maior do Ocidente. Fundada em 1983, a Abical\u00e7ados, sediada em Novo Hamburgo\/RS, possui em seu quadro de associados empresas de todos os portes e que respondem por mais de 65% do total de pares produzidos no Pa\u00eds. A entidade representa uma ind\u00fastria que emprega, diretamente, mais de 300 mil pessoas. Sua miss\u00e3o \u00e9 representar, defender, desenvolver e promover a ind\u00fastria cal\u00e7adista brasileira, com respeito, excel\u00eancia e resultados.<br>&nbsp;<\/p>\n\n\n\n<p><strong>Sobre a Operadora<\/strong><br>A N\u00fcrnbergMesse Brasil \u00e9 uma subsidi\u00e1ria do Grupo N\u00fcrnbergMesse, uma das 15 maiores empresas internacionais organizadoras de eventos do mundo. O portf\u00f3lio do grupo possui mais de 120 feiras e congressos internacionais (14 deles no Brasil) e mais de 40 pavilh\u00f5es. Anualmente, cerca de 30 mil expositores e mais de 1,5 milh\u00e3o de visitantes participam dos eventos organizados pela N\u00fcrnbergMesse, que est\u00e1 presente, por meio de suas subsidi\u00e1rias, na China, Estados Unidos, Brasil, Gr\u00e9cia, It\u00e1lia e \u00cdndia. O grupo ainda possui uma rede com cerca de 50 representantes, que operam em mais de 116 pa\u00edses.<\/p>\n","protected":false},"excerpt":{"rendered":"<p>Mais do que produtos sustent\u00e1veis, a ind\u00fastria cal\u00e7adista brasileira, em conson\u00e2ncia com um movimento crescente em n\u00edvel mundial, vem adotando pr\u00e1ticas produtivas social e ambientalmente corretas. Atualmente, a quinta maior produtora de cal\u00e7ados do planeta, a maior fora da \u00c1sia, vem se destacando como uma refer\u00eancia internacional de produ\u00e7\u00e3o limpa e alinhada aos conceitos de [&hellip;]<\/p>\n","protected":false},"author":2,"featured_media":1266,"comment_status":"open","ping_status":"open","sticky":false,"template":"","format":"standard","meta":{"footnotes":""},"categories":[1],"tags":[],"class_list":{"0":"post-1265","1":"post","2":"type-post","3":"status-publish","4":"format-standard","5":"has-post-thumbnail","7":"category-workshopsepalestras"},"_links":{"self":[{"href":"https:\/\/tveventos.tv.br\/index.php?rest_route=\/wp\/v2\/posts\/1265","targetHints":{"allow":["GET"]}}],"collection":[{"href":"https:\/\/tveventos.tv.br\/index.php?rest_route=\/wp\/v2\/posts"}],"about":[{"href":"https:\/\/tveventos.tv.br\/index.php?rest_route=\/wp\/v2\/types\/post"}],"author":[{"embeddable":true,"href":"https:\/\/tveventos.tv.br\/index.php?rest_route=\/wp\/v2\/users\/2"}],"replies":[{"embeddable":true,"href":"https:\/\/tveventos.tv.br\/index.php?rest_route=%2Fwp%2Fv2%2Fcomments&post=1265"}],"version-history":[{"count":1,"href":"https:\/\/tveventos.tv.br\/index.php?rest_route=\/wp\/v2\/posts\/1265\/revisions"}],"predecessor-version":[{"id":1267,"href":"https:\/\/tveventos.tv.br\/index.php?rest_route=\/wp\/v2\/posts\/1265\/revisions\/1267"}],"wp:featuredmedia":[{"embeddable":true,"href":"https:\/\/tveventos.tv.br\/index.php?rest_route=\/wp\/v2\/media\/1266"}],"wp:attachment":[{"href":"https:\/\/tveventos.tv.br\/index.php?rest_route=%2Fwp%2Fv2%2Fmedia&parent=1265"}],"wp:term":[{"taxonomy":"category","embeddable":true,"href":"https:\/\/tveventos.tv.br\/index.php?rest_route=%2Fwp%2Fv2%2Fcategories&post=1265"},{"taxonomy":"post_tag","embeddable":true,"href":"https:\/\/tveventos.tv.br\/index.php?rest_route=%2Fwp%2Fv2%2Ftags&post=1265"}],"curies":[{"name":"wp","href":"https:\/\/api.w.org\/{rel}","templated":true}]}}