{"id":1268,"date":"2024-04-08T15:37:43","date_gmt":"2024-04-08T18:37:43","guid":{"rendered":"https:\/\/tveventos.tv.br\/?p=1268"},"modified":"2024-04-08T15:37:46","modified_gmt":"2024-04-08T18:37:46","slug":"celebra-show-inscricoes-abertas-para-o-desafio-de-natal","status":"publish","type":"post","link":"https:\/\/tveventos.tv.br\/?p=1268","title":{"rendered":"Celebra Show: Inscri\u00e7\u00f5es Abertas para o Desafio de Natal"},"content":{"rendered":"\n<p class=\"has-text-align-center\"><em>Vencedor de melhor \u00e1rvore de Natal vai ganhar pr\u00eamio de R$ 10 mil<\/em><\/p>\n\n\n\n<p>A Celebra Show, maior feira de neg\u00f3cios de celebra\u00e7\u00f5es da Am\u00e9rica Latina, vai acontecer entre os dias 26 e 29 de maio no Expo Center Norte, em S\u00e3o Paulo e j\u00e1 est\u00e1 com inscri\u00e7\u00f5es abertas. A feira, promovida pela ABCasa &#8211; Associa\u00e7\u00e3o Brasileira de Artigos para a Casa, Decora\u00e7\u00e3o, Presentes, Utilidades Dom\u00e9sticas, Festas, Flores e T\u00eaxtil, \u00e9 voltada para fabricantes nacionais, importadores, exportadores e artes\u00e3os.&nbsp;<\/p>\n\n\n\n<p><strong>Desafio de Natal: Um Festival de Criatividade<\/strong><\/p>\n\n\n\n<p>Profissionais do setor de decora\u00e7\u00e3o e festas natalinas est\u00e3o convidados a participar do Desafio de Natal da CELEBRA SHOW, com o tema \u201c\u00c1rvore de Encanto: transformando o Natal em um festival de criatividade\u201d, que consiste em montar uma \u00e1rvore de Natal, utilizando produtos de, ao menos, tr\u00eas expositores.&nbsp;<\/p>\n\n\n\n<p>Os interessados devem preencher o formul\u00e1rio no site da <a href=\"http:\/\/www.celebrashow.com.br\/desafio-natal\">CELEBRA SHOW<\/a> e enviar seu portf\u00f3lio at\u00e9 o dia 11 de abril.<\/p>\n\n\n\n<p>Oito decoradores ser\u00e3o selecionados e ter\u00e3o a oportunidade de exibir suas \u00e1rvores de at\u00e9 5 metros durante a feira. O vencedor receber\u00e1 um pr\u00eamio de R$10 mil reais. Para participar, \u00e9 necess\u00e1rio ter CNPJ ativo e atua\u00e7\u00e3o de pelo menos um ano no segmento \u2013 al\u00e9m de realizar parcerias com, pelo menos, tr\u00eas expositores da feira.&nbsp;<\/p>\n\n\n\n<p>A sele\u00e7\u00e3o dos 8 finalistas ser\u00e1 realizada pela ABCAsa em parceria com Lu Locchi,&nbsp; especialista em Natal e Visual Merchandising. Os escolhidos ser\u00e3o anunciados no dia 16 de abril no perfil da Celebra Show no Instagram.<br><br>Os decoradores selecionados ter\u00e3o suas cria\u00e7\u00f5es expostas durante o evento. As \u00e1rvores ser\u00e3o avaliadas pelo j\u00fari especialista e pelo voto popular dos visitantes da feira. Vence o profissional com maior pontua\u00e7\u00e3o.&nbsp;<\/p>\n\n\n\n<p><strong>Servi\u00e7o<\/strong><\/p>\n\n\n\n<p><strong>Celebra Show<\/strong><\/p>\n\n\n\n<p><strong>Dias: <\/strong>26 a 29 de maio<\/p>\n\n\n\n<p><strong>Local: <\/strong>Expo Center Norte<\/p>\n\n\n\n<p><strong>Endere\u00e7o: <\/strong>Rua Jos\u00e9 Bernardo Pinto, 333 &#8211; Vila Guilherme<\/p>\n\n\n\n<p><strong>Credenciamento: <\/strong><a href=\"https:\/\/www.celebrashow.com.br\/\">https:\/\/www.celebrashow.com.br\/<\/a>&nbsp;<\/p>\n\n\n\n<p><a href=\"https:\/\/abcasa.org.br\/\"><strong>Sobre a ABCasa&nbsp;<\/strong><\/a><\/p>\n\n\n\n<p>A ABCasa &#8211; Associa\u00e7\u00e3o Brasileira de Artigos para a Casa, Decora\u00e7\u00e3o, Presentes, Utilidades Dom\u00e9sticas, Festas, Flores e T\u00eaxtil &#8211; \u00e9 uma entidade sem fins lucrativos, que se constitui como a mais representativa do setor. Seu objetivo principal \u00e9 fortalecer o segmento e criar uma base de relacionamento entre empresas, entidades de classe, fornecedores, distribuidores, importadoras e profissionais.<\/p>\n\n\n\n<p>Com mais de 650 associados, a organiza\u00e7\u00e3o auxilia na matura\u00e7\u00e3o do mercado de artigos para a casa e celebra\u00e7\u00e3o, oferecendo conte\u00fados, estudos setoriais e organizando eventos importantes que geram excelentes oportunidades de neg\u00f3cios aos associados.<\/p>\n\n\n\n<p><a href=\"https:\/\/www.celebrashow.com.br\/?gclid=CjwKCAjwq-WgBhBMEiwAzKSH6GlUNGbnAetwWXoTLIwlvbeymfeIrk_M_01VRDg8afHGHzjAWjUxMhoCpmwQAvD_BwE\"><strong>Sobre a CELEBRA SHOW&nbsp;<\/strong><\/a><\/p>\n\n\n\n<p>A Celebra Show \u00e9 a uni\u00e3o das duas maiores feiras do setor de festas, a antiga ABCasa Natal e Festas e a Expo Festas e Parques, realizada pela Francal. A ABCasa &#8211; Associa\u00e7\u00e3o Brasileira de Artigos para a Casa, Decora\u00e7\u00e3o, Presentes, Utilidades Dom\u00e9sticas, Festas, Flores e T\u00eaxtil &#8211; agora \u00e9 a respons\u00e1vel pelo evento e tem como objetivo agregar todos os segmentos de natal, festas, parques, eventos sociais, halloween, confeitaria, bal\u00f5es em um \u00fanico local.<br><br>O evento \u00e9 o resultado de uma demanda deste mercado e tem como foco promover um espa\u00e7o para novas oportunidades de neg\u00f3cios e de desenvolvimento dos associados. Atualmente, a Celebra Show conta com mais de 200 expositores, entre eles fabricantes nacionais, importadores, exportadores e artes\u00e3os, a Celebra Show movimenta o mercado nacional e internacional de celebra\u00e7\u00f5es.<\/p>\n","protected":false},"excerpt":{"rendered":"<p>Vencedor de melhor \u00e1rvore de Natal vai ganhar pr\u00eamio de R$ 10 mil A Celebra Show, maior feira de neg\u00f3cios de celebra\u00e7\u00f5es da Am\u00e9rica Latina, vai acontecer entre os dias 26 e 29 de maio no Expo Center Norte, em S\u00e3o Paulo e j\u00e1 est\u00e1 com inscri\u00e7\u00f5es abertas. A feira, promovida pela ABCasa &#8211; Associa\u00e7\u00e3o [&hellip;]<\/p>\n","protected":false},"author":2,"featured_media":1269,"comment_status":"open","ping_status":"open","sticky":false,"template":"","format":"standard","meta":{"footnotes":""},"categories":[23],"tags":[],"class_list":{"0":"post-1268","1":"post","2":"type-post","3":"status-publish","4":"format-standard","5":"has-post-thumbnail","7":"category-feirasdenegocios"},"_links":{"self":[{"href":"https:\/\/tveventos.tv.br\/index.php?rest_route=\/wp\/v2\/posts\/1268","targetHints":{"allow":["GET"]}}],"collection":[{"href":"https:\/\/tveventos.tv.br\/index.php?rest_route=\/wp\/v2\/posts"}],"about":[{"href":"https:\/\/tveventos.tv.br\/index.php?rest_route=\/wp\/v2\/types\/post"}],"author":[{"embeddable":true,"href":"https:\/\/tveventos.tv.br\/index.php?rest_route=\/wp\/v2\/users\/2"}],"replies":[{"embeddable":true,"href":"https:\/\/tveventos.tv.br\/index.php?rest_route=%2Fwp%2Fv2%2Fcomments&post=1268"}],"version-history":[{"count":1,"href":"https:\/\/tveventos.tv.br\/index.php?rest_route=\/wp\/v2\/posts\/1268\/revisions"}],"predecessor-version":[{"id":1270,"href":"https:\/\/tveventos.tv.br\/index.php?rest_route=\/wp\/v2\/posts\/1268\/revisions\/1270"}],"wp:featuredmedia":[{"embeddable":true,"href":"https:\/\/tveventos.tv.br\/index.php?rest_route=\/wp\/v2\/media\/1269"}],"wp:attachment":[{"href":"https:\/\/tveventos.tv.br\/index.php?rest_route=%2Fwp%2Fv2%2Fmedia&parent=1268"}],"wp:term":[{"taxonomy":"category","embeddable":true,"href":"https:\/\/tveventos.tv.br\/index.php?rest_route=%2Fwp%2Fv2%2Fcategories&post=1268"},{"taxonomy":"post_tag","embeddable":true,"href":"https:\/\/tveventos.tv.br\/index.php?rest_route=%2Fwp%2Fv2%2Ftags&post=1268"}],"curies":[{"name":"wp","href":"https:\/\/api.w.org\/{rel}","templated":true}]}}