{"id":1271,"date":"2024-04-08T16:48:17","date_gmt":"2024-04-08T19:48:17","guid":{"rendered":"https:\/\/tveventos.tv.br\/?p=1271"},"modified":"2024-04-08T16:50:48","modified_gmt":"2024-04-08T19:50:48","slug":"prefeitura-abre-vagas-para-artesaos-venderem-em-lojas-fisicasempreendedores-do-maos-e-mentes-paulistanas-poderao-comercializar-seus-produtos-no-shopping-center-3-e-no-mercadao-das-flores","status":"publish","type":"post","link":"https:\/\/tveventos.tv.br\/?p=1271","title":{"rendered":"Prefeitura abre vagas para artes\u00e3os venderem em lojas f\u00edsicas"},"content":{"rendered":"\n<p class=\"has-text-align-left\">Empreendedores do M\u00e3os e Mentes Paulistanas poder\u00e3o comercializar seus produtos no Shopping Center 3 e no Mercad\u00e3o das Flores<\/p>\n\n\n\n<p><em><br><\/em>Artes\u00e3os e manualistas da cidade de S\u00e3o Paulo podem se inscrever para comercializarem e divulgarem produtos manuais de produ\u00e7\u00e3o pr\u00f3pria nas unidades oficiais do M\u00e3os e Mentes Paulistanas, programa de artesanato e manualidades da Prefeitura de S\u00e3o Paulo. As novas turmas do quiosque do M\u00e3os e Mentes no Mercad\u00e3o das Flores, localizado na Vila Leopoldina, zona oeste, e na loja no Center 3, Av. Paulista, regi\u00e3o central da cidade, est\u00e3o com inscri\u00e7\u00f5es abertas <a href=\"https:\/\/s2404.envioscomunicacao.com\/link.php?code=bDpodHRwcyUzQSUyRiUyRmRvY3MuZ29vZ2xlLmNvbSUyRmZvcm1zJTJGZCUyRmUlMkYxRkFJcFFMU2NvMmFoalFfNm1jbnBqejUtQVhiLWNDbW5Rckc3MHJINGtacjcxZ2dMZzY2cTlIUSUyRnZpZXdmb3JtOjIwMDg1NTgzNzY6cmVkYWNhb3R2ZXZlbnRvc0BnbWFpbC5jb206OGUyNTFlOjc2\">aqui <\/a>e <a href=\"https:\/\/s2404.envioscomunicacao.com\/link.php?code=bDpodHRwcyUzQSUyRiUyRmRvY3MuZ29vZ2xlLmNvbSUyRmZvcm1zJTJGZCUyRmUlMkYxRkFJcFFMU2NBaDIySlFDemtPVDlNTWdDb3paSHJsdHM2bmQ2ZW5pTUtVT2ZZYXU3c21NRnpWUSUyRnZpZXdmb3JtOjIwMDg1NTgzNzY6cmVkYWNhb3R2ZXZlbnRvc0BnbWFpbC5jb206NGMxZDVhOjc2\">aqui<\/a>, respectivamente, at\u00e9 20 de abril.<br>&nbsp;<\/p>\n\n\n\n<p>A iniciativa da Prefeitura de S\u00e3o Paulo atua no desenvolvimento do setor de artesanato e manualidades da Capital, estimulando a gera\u00e7\u00e3o de renda de empreendedores manuais ao promover capacita\u00e7\u00e3o profissional e empreendedora e oportunidades comerciais para artes\u00e3os e manualistas da Capital.<\/p>\n\n\n\n<p>Em tr\u00eas meses de participa\u00e7\u00e3o, os selecionados ir\u00e3o ocupar os espa\u00e7os f\u00edsicos de maneira colaborativa, com a possibilidade de divulgar e vender produtos manuais de produ\u00e7\u00e3o pr\u00f3pria. A a\u00e7\u00e3o tamb\u00e9m \u00e9 uma oportunidade de aprendizado de t\u00e9cnicas de vendas, aceita\u00e7\u00e3o dos produtos e relacionamento com o cliente, uma vez que os artes\u00e3os tamb\u00e9m atuar\u00e3o como vendedores volunt\u00e1rios.<br>&nbsp;<\/p>\n\n\n\n<p>Ser\u00e3o selecionados 50 artes\u00e3os e manualistas para o per\u00edodo de 01 de junho a 31 de agosto de 2024 no Shopping Center 3. J\u00e1 o quiosque do Mercad\u00e3o Flores selecionar\u00e1 30 empreendedores do artesanato para o per\u00edodo de 05 de junho a 04 de setembro de 2024.<\/p>\n\n\n\n<p><strong>Condi\u00e7\u00f5es de participa\u00e7\u00e3o<\/strong><\/p>\n\n\n\n<p>Para participar \u00e9 necess\u00e1rio estar credenciados no programa M\u00e3os e Mentes Paulistanas e ter conclu\u00eddo a qualifica\u00e7\u00e3o empreendedora das turmas 1 a 15 ou ter conclu\u00eddo alguns cursos da qualifica\u00e7\u00e3o empreendedora, sendo que para a loja \u00e9 necess\u00e1rio ter certifica\u00e7\u00e3o nos seis m\u00f3dulos: Planejamento Financeiro, Planejamento de Cole\u00e7\u00e3o, Modelagem de Neg\u00f3cios, Planejamento de Futuro, Presen\u00e7a Digital e Parcerias e Formaliza\u00e7\u00e3o. J\u00e1 para o quiosque \u00e9 necess\u00e1rio a certifica\u00e7\u00e3o em apenas quatro: Modelagem de neg\u00f3cio; Planejamento de cole\u00e7\u00e3o; Planejamento financeiro e Parcerias e formaliza\u00e7\u00e3o.<\/p>\n\n\n\n<p>Outras exig\u00eancias de participa\u00e7\u00e3o s\u00e3o ter disponibilidade de trabalho volunt\u00e1rio presencial em escalas semanais pr\u00e9-definidas e possuir CNPJ ativo em nome pr\u00f3prio ou no quadro societ\u00e1rio (CNPJ de terceiros n\u00e3o ser\u00e1 permitido).<br>&nbsp;<\/p>\n\n\n\n<p>O processo seletivo \u00e9 realizado por meio de uma curadoria dos produtos confeccionados manualmente pelos artes\u00e3os. A avalia\u00e7\u00e3o dos curadores passa pelos crit\u00e9rios de t\u00e9cnica, segmento, acabamento, mat\u00e9ria-prima utilizada, criatividade, design e regionalidade.<\/p>\n\n\n\n<p><strong>Qualifica\u00e7\u00e3o empreendedora<\/strong><\/p>\n\n\n\n<p>A qualifica\u00e7\u00e3o empreendedora do M\u00e3os e Mentes Paulistanas \u00e9 uma forma\u00e7\u00e3o gratuita e on-line que oferece uma capacita\u00e7\u00e3o completa voltada \u00e0 gest\u00e3o e desenvolvimento do neg\u00f3cio artesanal ao longo de sete cursos livres: modelagem de neg\u00f3cios; planejamento de cole\u00e7\u00e3o; planejamento financeiro; parcerias e formaliza\u00e7\u00e3o; planejamento de futuro; presen\u00e7a digital e seguran\u00e7a do trabalho.<br>&nbsp;<\/p>\n\n\n\n<p>Os cursos s\u00e3o pr\u00e9-requisitos para participa\u00e7\u00e3o nas oportunidades de comercializa\u00e7\u00e3o oferecidas pelo M\u00e3os e Mentes. Quando liberado, cada curso fica aberto para acesso e conclus\u00e3o por uma semana, de segunda-feira a domingo. Depois de encerrados ser\u00e3o abertos posteriormente. Interessados na qualifica\u00e7\u00e3o empreendedora podem se cadastrar na plataforma da qualifica\u00e7\u00e3o para acessar o conte\u00fado dispon\u00edvel pelo <a href=\"https:\/\/s2404.envioscomunicacao.com\/link.php?code=bDpodHRwcyUzQSUyRiUyRnBtbXNwLmVhZHBsYXRhZm9ybWEuYXBwJTJGcmVnaXN0ZXIlMkY6MjAwODU1ODM3NjpyZWRhY2FvdHZldmVudG9zQGdtYWlsLmNvbTo4ZWFjOTc6NzY=\">link<\/a>.<\/p>\n\n\n\n<p><strong>Cursos obrigat\u00f3rios para as oportunidades comerciais<\/strong><\/p>\n\n\n\n<p><strong><br><\/strong><strong>Feiras de artesanato:<\/strong><strong><br><\/strong>&#8211; Modelagem de neg\u00f3cio<br>&#8211; Planejamento de cole\u00e7\u00e3o<\/p>\n\n\n\n<p><strong>Quiosques:<\/strong><strong><br><\/strong>&#8211; Modelagem de neg\u00f3cio<br>&#8211; Planejamento de cole\u00e7\u00e3o<br>&#8211; Planejamento financeiro<br>&#8211; Parcerias e formaliza\u00e7\u00e3o<br><br><strong>Lojas:<\/strong><strong><br><\/strong>&#8211; Modelagem de neg\u00f3cio<br>&#8211; Planejamento de cole\u00e7\u00e3o<br>&#8211; Planejamento financeiro<br>&#8211; Parcerias e formaliza\u00e7\u00e3o<br>&#8211; Planejamento de futuro<br>&#8211; Presen\u00e7a digital<br>&nbsp;<\/p>\n\n\n\n<p><strong>Sobre o M\u00e3os e Mentes Paulistanas<\/strong><\/p>\n\n\n\n<p>Lan\u00e7ado em 2019 pela Secretaria Desenvolvimento Econ\u00f4mico e Trabalho da Prefeitura de S\u00e3o Paulo, o M\u00e3os e Mentes Paulistanas oferece oportunidades de comercializa\u00e7\u00e3o e qualifica\u00e7\u00e3o empreendedora, com o objetivo de desenvolver o setor do artesanato e manualidades da cidade.<\/p>\n\n\n\n<p>Al\u00e9m de feiras de artesanato em todas as regi\u00f5es da Capital, a iniciativa conta com cinco pontos fixos de venda localizados nos Shoppings Center Norte, Metr\u00f4 Itaquera, Center 3, Light e Mercad\u00e3o das Flores. Todos os participantes s\u00e3o empreendedores manuais da cidade credenciados e qualificados pelo M\u00e3os e Mentes.<\/p>\n\n\n\n<p>Interessados em se credenciar e participar das a\u00e7\u00f5es do Programa podem se inscrever pelo <a href=\"https:\/\/s2404.envioscomunicacao.com\/link.php?code=bDpodHRwcyUzQSUyRiUyRmRvY3MuZ29vZ2xlLmNvbSUyRmZvcm1zJTJGZCUyRmUlMkYxRkFJcFFMU2VJZ0Zxb3F3amMtZklhamkzTEw5OHlGc0ZDMFpydFRtZzJ4ek4yMjNjY1BkbzNhQSUyRnZpZXdmb3JtOjIwMDg1NTgzNzY6cmVkYWNhb3R2ZXZlbnRvc0BnbWFpbC5jb206NGNlNDgwOjc2\">link<\/a>.<\/p>\n\n\n\n<p><br><strong>Servi\u00e7o<\/strong><\/p>\n\n\n\n<p><strong>Inscri\u00e7\u00f5es para a 7\u00aa turma &#8211; Shopping Center 3<\/strong><\/p>\n\n\n\n<p><strong>Local:<\/strong> Shopping Center 3<br><strong>Endere\u00e7o: <\/strong>Av. Paulista, 2.064 &#8211; Cerqueira C\u00e9sar &#8211; S\u00e3o Paulo &#8211; SP<br><strong>Inscri\u00e7\u00f5es at\u00e9 20 de abril \u00e0s 23h59 pelo <\/strong><a href=\"https:\/\/s2404.envioscomunicacao.com\/link.php?code=bDpodHRwcyUzQSUyRiUyRmRvY3MuZ29vZ2xlLmNvbSUyRmZvcm1zJTJGZCUyRmUlMkYxRkFJcFFMU2NBaDIySlFDemtPVDlNTWdDb3paSHJsdHM2bmQ2ZW5pTUtVT2ZZYXU3c21NRnpWUSUyRnZpZXdmb3JtOjIwMDg1NTgzNzY6cmVkYWNhb3R2ZXZlbnRvc0BnbWFpbC5jb206NGMxZDVhOjc2\">link<\/a><\/p>\n\n\n\n<p><strong>Per\u00edodo de participa\u00e7\u00e3o:<\/strong> 01 de junho a 31 de agosto de 2024<\/p>\n\n\n\n<p><strong>Vagas:<\/strong> 50<\/p>\n\n\n\n<p><strong>Inscri\u00e7\u00f5es para a 12\u00aa turma &#8211; Mercad\u00e3o das Flores<\/strong><\/p>\n\n\n\n<p><strong>Local:<\/strong> Mercad\u00e3o das Flores<br><strong>Endere\u00e7o:<\/strong> Rua Hayden, 105 &#8211; Vila Leopoldina &#8211; S\u00e3o Paulo &#8211; SP<br><strong>Inscri\u00e7\u00f5es at\u00e9 20 de abril \u00e0s 23h59 pelo <\/strong><a href=\"https:\/\/s2404.envioscomunicacao.com\/link.php?code=bDpodHRwcyUzQSUyRiUyRmRvY3MuZ29vZ2xlLmNvbSUyRmZvcm1zJTJGZCUyRmUlMkYxRkFJcFFMU2NvMmFoalFfNm1jbnBqejUtQVhiLWNDbW5Rckc3MHJINGtacjcxZ2dMZzY2cTlIUSUyRnZpZXdmb3JtOjIwMDg1NTgzNzY6cmVkYWNhb3R2ZXZlbnRvc0BnbWFpbC5jb206OGUyNTFlOjc2\">link<\/a><\/p>\n\n\n\n<p><strong>Per\u00edodo de participa\u00e7\u00e3o: <\/strong>05 de junho a 04 de setembro de 2024<\/p>\n","protected":false},"excerpt":{"rendered":"<p>Empreendedores do M\u00e3os e Mentes Paulistanas poder\u00e3o comercializar seus produtos no Shopping Center 3 e no Mercad\u00e3o das Flores Artes\u00e3os e manualistas da cidade de S\u00e3o Paulo podem se inscrever para comercializarem e divulgarem produtos manuais de produ\u00e7\u00e3o pr\u00f3pria nas unidades oficiais do M\u00e3os e Mentes Paulistanas, programa de artesanato e manualidades da Prefeitura de [&hellip;]<\/p>\n","protected":false},"author":2,"featured_media":1272,"comment_status":"open","ping_status":"open","sticky":false,"template":"","format":"standard","meta":{"footnotes":""},"categories":[1],"tags":[],"class_list":{"0":"post-1271","1":"post","2":"type-post","3":"status-publish","4":"format-standard","5":"has-post-thumbnail","7":"category-workshopsepalestras"},"_links":{"self":[{"href":"https:\/\/tveventos.tv.br\/index.php?rest_route=\/wp\/v2\/posts\/1271","targetHints":{"allow":["GET"]}}],"collection":[{"href":"https:\/\/tveventos.tv.br\/index.php?rest_route=\/wp\/v2\/posts"}],"about":[{"href":"https:\/\/tveventos.tv.br\/index.php?rest_route=\/wp\/v2\/types\/post"}],"author":[{"embeddable":true,"href":"https:\/\/tveventos.tv.br\/index.php?rest_route=\/wp\/v2\/users\/2"}],"replies":[{"embeddable":true,"href":"https:\/\/tveventos.tv.br\/index.php?rest_route=%2Fwp%2Fv2%2Fcomments&post=1271"}],"version-history":[{"count":2,"href":"https:\/\/tveventos.tv.br\/index.php?rest_route=\/wp\/v2\/posts\/1271\/revisions"}],"predecessor-version":[{"id":1274,"href":"https:\/\/tveventos.tv.br\/index.php?rest_route=\/wp\/v2\/posts\/1271\/revisions\/1274"}],"wp:featuredmedia":[{"embeddable":true,"href":"https:\/\/tveventos.tv.br\/index.php?rest_route=\/wp\/v2\/media\/1272"}],"wp:attachment":[{"href":"https:\/\/tveventos.tv.br\/index.php?rest_route=%2Fwp%2Fv2%2Fmedia&parent=1271"}],"wp:term":[{"taxonomy":"category","embeddable":true,"href":"https:\/\/tveventos.tv.br\/index.php?rest_route=%2Fwp%2Fv2%2Fcategories&post=1271"},{"taxonomy":"post_tag","embeddable":true,"href":"https:\/\/tveventos.tv.br\/index.php?rest_route=%2Fwp%2Fv2%2Ftags&post=1271"}],"curies":[{"name":"wp","href":"https:\/\/api.w.org\/{rel}","templated":true}]}}