{"id":1276,"date":"2024-04-08T16:58:27","date_gmt":"2024-04-08T19:58:27","guid":{"rendered":"https:\/\/tveventos.tv.br\/?p=1276"},"modified":"2024-04-08T16:58:30","modified_gmt":"2024-04-08T19:58:30","slug":"forum-eventos-anuncia-programacao-de-2024","status":"publish","type":"post","link":"https:\/\/tveventos.tv.br\/?p=1276","title":{"rendered":"F\u00f3rum Eventos anuncia programa\u00e7\u00e3o de 2024"},"content":{"rendered":"\n<p>Edi\u00e7\u00e3o prev\u00ea programa\u00e7\u00e3o especial, ativa\u00e7\u00f5es de Intelig\u00eancia Artificial, Realidade Expandida, noite de aut\u00f3grafos e inaugura o Jantar de Gala<\/p>\n\n\n\n<p>Pela primeira vez em 11 edi\u00e7\u00f5es, o F\u00f3rum Eventos, principal encontro da ind\u00fastria de eventos no Brasil, apresentar\u00e1 um Desfile de Moda Futurista com hologramas, trazendo conceitos de moda e entretenimento como revolucion\u00e1rios no setor de eventos e apontadores de novas tend\u00eancias. Nesta edi\u00e7\u00e3o a tecnologia estar\u00e1 representada pela realidade aumentada, na \u201cQuadra HADO\u201d, com a proposta de promover os esportes digitais de quadra em meio aos eventos corporativos. A programa\u00e7\u00e3o da edi\u00e7\u00e3o 2024 tamb\u00e9m trar\u00e1 palestras, semin\u00e1rios e paineis sobre temas atuais e importantes do setor de eventos.<\/p>\n\n\n\n<p>\u201cO digital e o real est\u00e3o convergindo. Pela primeira vez no Brasil, o p\u00fablico vai ver como a moda e o entretenimento est\u00e3o revolucionando os eventos, e ter uma ideia do que vem pela frente. Mesclamos viv\u00eancias de uso de novas tecnologias, a experi\u00eancia de gestores de eventos na pr\u00e1tica, coautores de tr\u00eas livros debater\u00e3o temas de alta import\u00e2ncia e premiados profissionais participam do Semin\u00e1rio Pr\u00eamio Caio\u201d, enfatiza o diretor do F\u00f3rum Eventos, Sergio Junqueira Arantes.<\/p>\n\n\n\n<p>As palestras durante os dois dias de evento, contar\u00e3o com a expertise de Carolina Mello, head de Eventos no iFood falando sobre a Intelig\u00eancia Artificial em Eventos e como us\u00e1-la na pr\u00e1tica; Rodolfo Costa, head de Eventos da Danone, abordar\u00e1 conceitos sobre como mensurar ROI em Congressos; Paula Marins, gestora de Eventos e Digital na Biogen, fala sobre Eventos e a Jornada do Cliente &amp; Efetividade; enquanto Rodrigo Orquisa, Project Manager na MCI, abordar\u00e1 a Gest\u00e3o e Capta\u00e7\u00e3o de Patroc\u00ednios em Eventos Propriet\u00e1rios.<\/p>\n\n\n\n<p>No primeiro dia do F\u00f3rum (29), a Quadra HADO abordar\u00e1 temas al\u00e9m da realidade aumentada, como lideran\u00e7a, trabalho em equipe, estrat\u00e9gia e conhecimento de mercado. O p\u00fablico ser\u00e1 convidado para participar do campeonato F\u00f3rum Eventos de HADO.<\/p>\n\n\n\n<p>Durante os paineis, autores dos livros ESG nos Eventos, Feiras de Neg\u00f3cios B2B e Seguran\u00e7a em Eventos, que fazem parte da Cole\u00e7\u00e3o Conecta Eventos, debater\u00e3o os temas dos seus livros. Alexis Pagliarini, Juliana Patti, Livio Giosa e Paulo Perroti falam sobre o ESG na Pr\u00e1tica; Andr\u00e9a Nakane, Camilo Dornellas e Juliana Santos debatem quest\u00f5es sobre Seguran\u00e7a em Eventos; enquanto Eduardo Zorzanello, Helvio Pompeo, Jo\u00e3o Paulo Picolo, Malu Sivieri e Romano Pansera, discutem sobre Feiras de Neg\u00f3cios.<\/p>\n\n\n\n<p>Ao final do dia haver\u00e1 uma Noite de Aut\u00f3grafos que reunir\u00e1 40 autores de oito livros que comp\u00f5em a Cole\u00e7\u00e3o Conecta Eventos: Manual de Cerimonial e Protocolo, Perspectivas na Forma\u00e7\u00e3o Acad\u00eamica em Eventos, ESG nos Eventos, Seguran\u00e7a em Eventos, Comunica\u00e7\u00e3o em Eventos, Lan\u00e7amento de Produtos, Hospitalidade em Eventos e Feiras de Neg\u00f3cios B2B.<\/p>\n\n\n\n<p>O segundo dia do F\u00f3rum Eventos (30), data em que \u00e9 celebrado o Dia do Profissional de Eventos, ser\u00e1 marcado por um Desfile de Moda Futurista com Hologramas, pela primeira vez apresentado no Brasil, palestras e apresenta\u00e7\u00e3o dos Cases vencedores do Pr\u00eamio Caio 2023. Dil Casella fecha a programa\u00e7\u00e3o com uma palestra envolvendo os convidados a desenvolverem insights, reinventar e renovar a\u00e7\u00f5es da ind\u00fastria de eventos. Ao final, o F\u00f3rum promover\u00e1 um Jantar de Gala para os participantes, comemorando o Dia do Profissional de Eventos, com um show de jazz, festejando o Dia Mundial de Jazz, transmitido online para a plataforma especialmente criada pela ONU.<\/p>\n\n\n\n<p>As inscri\u00e7\u00f5es para o F\u00f3rum Eventos 2024 podem ser feitas por meio do <a href=\"http:\/\/www.forumeventos.net\/\">www.forumeventos.net<\/a><\/p>\n\n\n\n<p><br><strong>Servi\u00e7o<\/strong><\/p>\n\n\n\n<p>F\u00f3rum Eventos 2024<br>Quando: 29 e 30 de abril de 2024<br>Onde: Tokio Marine Hall &#8211; R. Bragan\u00e7a Paulista, 1281 &#8211; V\u00e1rzea de Baixo, S\u00e3o Paulo\/SP<br>Inscri\u00e7\u00f5es: <a href=\"http:\/\/www.forumeventos.net\/\">www.forumeventos.net<\/a><\/p>\n\n\n\n<p><br>Participam do F\u00f3rum Eventos 2024 os seguintes parceiros: Tokio Marine Hall, Programa Hosted Buyer \u2013 Ceo Council e Evento \u00danico and Co., Portal Eventos e Revista Eventos, Grupo Conecta Eventos, Mensagem Eventos e Be on Press, al\u00e9m da Bueno Arquitetura Cenogr\u00e1fica, Camalian Software, Coopera Cria Marketing, Diviprint, Essor Seguradora, Expo Telecom, Fast Charger, SNE, Sympla, Vivace e Yazo.<\/p>\n","protected":false},"excerpt":{"rendered":"<p>Edi\u00e7\u00e3o prev\u00ea programa\u00e7\u00e3o especial, ativa\u00e7\u00f5es de Intelig\u00eancia Artificial, Realidade Expandida, noite de aut\u00f3grafos e inaugura o Jantar de Gala Pela primeira vez em 11 edi\u00e7\u00f5es, o F\u00f3rum Eventos, principal encontro da ind\u00fastria de eventos no Brasil, apresentar\u00e1 um Desfile de Moda Futurista com hologramas, trazendo conceitos de moda e entretenimento como revolucion\u00e1rios no setor de [&hellip;]<\/p>\n","protected":false},"author":2,"featured_media":1277,"comment_status":"open","ping_status":"open","sticky":false,"template":"","format":"standard","meta":{"footnotes":""},"categories":[23,1],"tags":[],"class_list":{"0":"post-1276","1":"post","2":"type-post","3":"status-publish","4":"format-standard","5":"has-post-thumbnail","7":"category-feirasdenegocios","8":"category-workshopsepalestras"},"_links":{"self":[{"href":"https:\/\/tveventos.tv.br\/index.php?rest_route=\/wp\/v2\/posts\/1276","targetHints":{"allow":["GET"]}}],"collection":[{"href":"https:\/\/tveventos.tv.br\/index.php?rest_route=\/wp\/v2\/posts"}],"about":[{"href":"https:\/\/tveventos.tv.br\/index.php?rest_route=\/wp\/v2\/types\/post"}],"author":[{"embeddable":true,"href":"https:\/\/tveventos.tv.br\/index.php?rest_route=\/wp\/v2\/users\/2"}],"replies":[{"embeddable":true,"href":"https:\/\/tveventos.tv.br\/index.php?rest_route=%2Fwp%2Fv2%2Fcomments&post=1276"}],"version-history":[{"count":1,"href":"https:\/\/tveventos.tv.br\/index.php?rest_route=\/wp\/v2\/posts\/1276\/revisions"}],"predecessor-version":[{"id":1278,"href":"https:\/\/tveventos.tv.br\/index.php?rest_route=\/wp\/v2\/posts\/1276\/revisions\/1278"}],"wp:featuredmedia":[{"embeddable":true,"href":"https:\/\/tveventos.tv.br\/index.php?rest_route=\/wp\/v2\/media\/1277"}],"wp:attachment":[{"href":"https:\/\/tveventos.tv.br\/index.php?rest_route=%2Fwp%2Fv2%2Fmedia&parent=1276"}],"wp:term":[{"taxonomy":"category","embeddable":true,"href":"https:\/\/tveventos.tv.br\/index.php?rest_route=%2Fwp%2Fv2%2Fcategories&post=1276"},{"taxonomy":"post_tag","embeddable":true,"href":"https:\/\/tveventos.tv.br\/index.php?rest_route=%2Fwp%2Fv2%2Ftags&post=1276"}],"curies":[{"name":"wp","href":"https:\/\/api.w.org\/{rel}","templated":true}]}}