{"id":1280,"date":"2024-04-09T15:18:10","date_gmt":"2024-04-09T18:18:10","guid":{"rendered":"https:\/\/tveventos.tv.br\/?p=1280"},"modified":"2024-04-09T15:18:14","modified_gmt":"2024-04-09T18:18:14","slug":"credenciamento-ifat-brasil-2024","status":"publish","type":"post","link":"https:\/\/tveventos.tv.br\/?p=1280","title":{"rendered":"Credenciamento \u2013 IFAT Brasil 2024"},"content":{"rendered":"\n<p>O credenciamento para jornalistas, assessores de imprensa, rep\u00f3rteres fotogr\u00e1ficos e cinematogr\u00e1ficos para cobertura da IFAT Brasil, Feira Internacional para \u00c1gua, Esgoto, Drenagem e Solu\u00e7\u00f5es em Recupera\u00e7\u00e3o de Res\u00edduos, marcada entre os dias 24 e 26 de abril, no S\u00e3o Paulo Expo, pode ser feito <a href=\"https:\/\/sigevent.pro\/ifat\/visitantes\/index.php?id_edicao=34&amp;linguagem=portugues\">neste link<\/a>.<\/p>\n\n\n\n<p>A IFAT Brasil \u00e9 organizada pela Messe Muenchen do Brasil e contar\u00e1 com mais de 10 mil m\u00b2 de exposi\u00e7\u00e3o, com a participa\u00e7\u00e3o dos principais players do mercado de \u00e1gua, esgoto, drenagem, e recupera\u00e7\u00e3o de res\u00edduos. O evento proporcionar\u00e1 uma oportunidade \u00edmpar para conhecer tend\u00eancias e oportunidades de neg\u00f3cio, unir compet\u00eancias e estar conectado aos fundos e instrumentos financeiros, \u00e0s tecnologias e aos gestores do saneamento.<\/p>\n\n\n\n<p>Al\u00e9m da exposi\u00e7\u00e3o de produtos, solu\u00e7\u00f5es, sistema e servi\u00e7os, a IFAT Brasil ter\u00e1 o Congresso Internacional da IFAT Brasil, com a presen\u00e7a de grandes players, como BNDES (Banco Nacional de Desenvolvimento Econ\u00f4mico e Social), ANA (Ag\u00eancia Nacional de \u00c1guas e Saneamento B\u00e1sico), ABREN (Associa\u00e7\u00e3o Brasileira de Recupera\u00e7\u00e3o Energ\u00e9tica de Res\u00edduos), Isle Utilities, German Water Partnership, Trata Brasil, ABIMAQ (Associa\u00e7\u00e3o Brasileira da Ind\u00fastria de M\u00e1quinas e Equipamentos), ABES-RS (Associa\u00e7\u00e3o Brasileira de Engenharia Sanit\u00e1ria e Ambiental, Se\u00e7\u00e3o Rio Grande do Sul), AIDIS (Associa\u00e7\u00e3o Interamericana de Engenharia Sanit\u00e1ria e Ambiental), AHK do Brasil (C\u00e2mara Brasil-Alemanha), entre outros parceiros nacionais e internacionais.<\/p>\n\n\n\n<p>Outra atra\u00e7\u00e3o do evento ser\u00e1 o Pavilh\u00e3o de Inova\u00e7\u00e3o, em parceria com a ISLE Utilities, uma das maiores ag\u00eancias de intelig\u00eancia do mundo em inova\u00e7\u00e3o no setor de \u00e1guas. J\u00e1 o Pr\u00eamio IFAT Brasil de Tecnologia Inovadora homenagear\u00e1 as tecnologias mais inovadoras no setor.<\/p>\n\n\n\n<p>Servi\u00e7o:<br>IFAT Brasil &#8211; Feira Internacional para \u00c1gua, Esgoto, Drenagem e Solu\u00e7\u00f5es em Recupera\u00e7\u00e3o de Res\u00edduos<br>Data: 24 a 26 de abril de 2024<br>Local: S\u00e3o Paulo Expo Exhibition &amp; Convention Center &#8211; Rodovia dos Imigrantes, km 1,5 \u2013 \u00c1gua Funda \u2013 S\u00e3o Paulo\/SP<br>Informa\u00e7\u00f5es: <a href=\"https:\/\/ifatbrasil.com.br\/\">https:\/\/ifatbrasil.com.br\/<br><\/a>Credenciamento online: <a href=\"https:\/\/ifatbrasil.com.br\/\">https:\/\/ifatbrasil.com.br\/<\/a>credenciamento<br>Sobre a Messe M\u00fcnchen<\/p>\n\n\n\n<p>Como uma das maiores empresas de feiras do mundo, com cerca de 50 feiras de bens de capital, bens de consumo e novas tecnologias, a Messe M\u00fcnchen estabelece novos padr\u00f5es para inova\u00e7\u00e3o, flexibilidade e networking. Juntamente com as principais feiras internacionais, como bauma, electronica, IFAT e BAU, a Messe M\u00fcnchen est\u00e1 constantemente expandindo seu portf\u00f3lio, adicionando, por exemplo, formatos digitais. Em sua sede em Munique, realiza feiras, confer\u00eancias e eventos de alta qualidade. Atua em todos os importantes mercados em crescimento, como a China, \u00cdndia, Brasil e Turquia. Com sua rede de empresas associadas e ag\u00eancias estrangeiras, est\u00e1 presente em mais de 100 pa\u00edses.<\/p>\n\n\n\n<p>Sobre a Messe Muenchen do Brasil&nbsp;<\/p>\n\n\n\n<p>Como parte da estrat\u00e9gia de expans\u00e3o internacional, em 2017 foi fundada a subsidi\u00e1ria Messe Muenchen do Brasil com o prop\u00f3sito de trazer para o mercado nacional os n\u00edveis de excel\u00eancia e inova\u00e7\u00e3o estabelecidos na sede da Alemanha e apoiar o desenvolvimento de feiras de neg\u00f3cios em uma dire\u00e7\u00e3o especializada e internacionalizada.<\/p>\n","protected":false},"excerpt":{"rendered":"<p>O credenciamento para jornalistas, assessores de imprensa, rep\u00f3rteres fotogr\u00e1ficos e cinematogr\u00e1ficos para cobertura da IFAT Brasil, Feira Internacional para \u00c1gua, Esgoto, Drenagem e Solu\u00e7\u00f5es em Recupera\u00e7\u00e3o de Res\u00edduos, marcada entre os dias 24 e 26 de abril, no S\u00e3o Paulo Expo, pode ser feito neste link. A IFAT Brasil \u00e9 organizada pela Messe Muenchen do [&hellip;]<\/p>\n","protected":false},"author":2,"featured_media":1281,"comment_status":"open","ping_status":"open","sticky":false,"template":"","format":"standard","meta":{"footnotes":""},"categories":[1],"tags":[],"class_list":{"0":"post-1280","1":"post","2":"type-post","3":"status-publish","4":"format-standard","5":"has-post-thumbnail","7":"category-workshopsepalestras"},"_links":{"self":[{"href":"https:\/\/tveventos.tv.br\/index.php?rest_route=\/wp\/v2\/posts\/1280","targetHints":{"allow":["GET"]}}],"collection":[{"href":"https:\/\/tveventos.tv.br\/index.php?rest_route=\/wp\/v2\/posts"}],"about":[{"href":"https:\/\/tveventos.tv.br\/index.php?rest_route=\/wp\/v2\/types\/post"}],"author":[{"embeddable":true,"href":"https:\/\/tveventos.tv.br\/index.php?rest_route=\/wp\/v2\/users\/2"}],"replies":[{"embeddable":true,"href":"https:\/\/tveventos.tv.br\/index.php?rest_route=%2Fwp%2Fv2%2Fcomments&post=1280"}],"version-history":[{"count":1,"href":"https:\/\/tveventos.tv.br\/index.php?rest_route=\/wp\/v2\/posts\/1280\/revisions"}],"predecessor-version":[{"id":1282,"href":"https:\/\/tveventos.tv.br\/index.php?rest_route=\/wp\/v2\/posts\/1280\/revisions\/1282"}],"wp:featuredmedia":[{"embeddable":true,"href":"https:\/\/tveventos.tv.br\/index.php?rest_route=\/wp\/v2\/media\/1281"}],"wp:attachment":[{"href":"https:\/\/tveventos.tv.br\/index.php?rest_route=%2Fwp%2Fv2%2Fmedia&parent=1280"}],"wp:term":[{"taxonomy":"category","embeddable":true,"href":"https:\/\/tveventos.tv.br\/index.php?rest_route=%2Fwp%2Fv2%2Fcategories&post=1280"},{"taxonomy":"post_tag","embeddable":true,"href":"https:\/\/tveventos.tv.br\/index.php?rest_route=%2Fwp%2Fv2%2Ftags&post=1280"}],"curies":[{"name":"wp","href":"https:\/\/api.w.org\/{rel}","templated":true}]}}