{"id":1287,"date":"2024-04-09T16:17:12","date_gmt":"2024-04-09T19:17:12","guid":{"rendered":"https:\/\/tveventos.tv.br\/?p=1287"},"modified":"2024-04-09T16:17:14","modified_gmt":"2024-04-09T19:17:14","slug":"18a-edicao-da-febratex-esta-com-inscricoes-abertas-para-visitantes","status":"publish","type":"post","link":"https:\/\/tveventos.tv.br\/?p=1287","title":{"rendered":"18\u00aa edi\u00e7\u00e3o da Febratex est\u00e1 com inscri\u00e7\u00f5es abertas para visitantes"},"content":{"rendered":"\n<p><em>A maior feira das Am\u00e9ricas para ind\u00fastria t\u00eaxtil, ocorre de 20 a 23 de agosto, em Blumenau (SC).<\/em><\/p>\n\n\n\n<p>A Febratex, maior feira de tecnologia t\u00eaxtil das Am\u00e9ricas, est\u00e1 de volta e pronta para receber visitantes de todo o mundo! As inscri\u00e7\u00f5es para ter acesso \u00e0s novidades s\u00e3o gratuitas e j\u00e1 est\u00e3o abertas. O evento ocorre entre os dias 20 e 23 de agosto de 2024, no Parque Vila Germ\u00e2nica, em Blumenau, Santa Catarina.&nbsp;<\/p>\n\n\n\n<p>Em mais uma edi\u00e7\u00e3o, profissionais, empres\u00e1rios e entusiastas da ind\u00fastria t\u00eaxtil ter\u00e3o a oportunidade \u00fanica de explorar as \u00faltimas inova\u00e7\u00f5es, tend\u00eancias e solu\u00e7\u00f5es tecnol\u00f3gicas no setor t\u00eaxtil, tudo isso reunido em um s\u00f3 lugar: a Febratex, com mais de 35 mil m\u00b2 de evento.&nbsp;<\/p>\n\n\n\n<p>\u201cA Febratex ocorre em um dos principais centros t\u00eaxteis do Brasil e promete ser um ponto de encontro crucial para networking, aprendizado e neg\u00f3cios. Com uma grande e renomada variedade de expositores, palestras especializadas e demonstra\u00e7\u00f5es pr\u00e1ticas, os participantes poder\u00e3o aprimorar seus conhecimentos e expandir suas redes de contatos\u201d, conta o presidente do Febratex Group, H\u00e9lvio Roberto Pompeo Madeira.<\/p>\n\n\n\n<p>H\u00e9lvio Pompeo J\u00fanior, diretor de comunica\u00e7\u00e3o e marketing do Febratex Group, destaca que por conta do grande n\u00famero de pessoas interessadas em visitar o evento, o cadastro de acesso foi liberado com anteced\u00eancia. &#8220;Est\u00e1vamos recebendo um alto volume de mensagens de pessoas j\u00e1 interessadas nas inscri\u00e7\u00f5es, e, finalmente, elas abriram. Convidamos todos os interessados a garantirem seu lugar nesse evento que \u00e9 uma data j\u00e1 esperada por toda a ind\u00fastria t\u00eaxtil&#8221;.&nbsp;<\/p>\n\n\n\n<p>Para se inscrever e garantir a participa\u00e7\u00e3o na 18\u00aa edi\u00e7\u00e3o da Febratex, basta acessar o<a href=\"https:\/\/sigevent.pro\/fcemeventos\/visitantes\/index.php?id_edicao=378&amp;linguagem=portugues\"> site<\/a> e preencher o formul\u00e1rio de inscri\u00e7\u00e3o.&nbsp;<\/p>\n\n\n\n<p>D\u00favidas, informa\u00e7\u00f5es e inscri\u00e7\u00f5es:<a href=\"https:\/\/febratex.com.br\/\"> https:\/\/febratex.com.br<\/a><\/p>\n","protected":false},"excerpt":{"rendered":"<p>A maior feira das Am\u00e9ricas para ind\u00fastria t\u00eaxtil, ocorre de 20 a 23 de agosto, em Blumenau (SC). A Febratex, maior feira de tecnologia t\u00eaxtil das Am\u00e9ricas, est\u00e1 de volta e pronta para receber visitantes de todo o mundo! As inscri\u00e7\u00f5es para ter acesso \u00e0s novidades s\u00e3o gratuitas e j\u00e1 est\u00e3o abertas. O evento ocorre [&hellip;]<\/p>\n","protected":false},"author":2,"featured_media":1288,"comment_status":"open","ping_status":"open","sticky":false,"template":"","format":"standard","meta":{"footnotes":""},"categories":[1],"tags":[],"class_list":{"0":"post-1287","1":"post","2":"type-post","3":"status-publish","4":"format-standard","5":"has-post-thumbnail","7":"category-workshopsepalestras"},"_links":{"self":[{"href":"https:\/\/tveventos.tv.br\/index.php?rest_route=\/wp\/v2\/posts\/1287","targetHints":{"allow":["GET"]}}],"collection":[{"href":"https:\/\/tveventos.tv.br\/index.php?rest_route=\/wp\/v2\/posts"}],"about":[{"href":"https:\/\/tveventos.tv.br\/index.php?rest_route=\/wp\/v2\/types\/post"}],"author":[{"embeddable":true,"href":"https:\/\/tveventos.tv.br\/index.php?rest_route=\/wp\/v2\/users\/2"}],"replies":[{"embeddable":true,"href":"https:\/\/tveventos.tv.br\/index.php?rest_route=%2Fwp%2Fv2%2Fcomments&post=1287"}],"version-history":[{"count":1,"href":"https:\/\/tveventos.tv.br\/index.php?rest_route=\/wp\/v2\/posts\/1287\/revisions"}],"predecessor-version":[{"id":1289,"href":"https:\/\/tveventos.tv.br\/index.php?rest_route=\/wp\/v2\/posts\/1287\/revisions\/1289"}],"wp:featuredmedia":[{"embeddable":true,"href":"https:\/\/tveventos.tv.br\/index.php?rest_route=\/wp\/v2\/media\/1288"}],"wp:attachment":[{"href":"https:\/\/tveventos.tv.br\/index.php?rest_route=%2Fwp%2Fv2%2Fmedia&parent=1287"}],"wp:term":[{"taxonomy":"category","embeddable":true,"href":"https:\/\/tveventos.tv.br\/index.php?rest_route=%2Fwp%2Fv2%2Fcategories&post=1287"},{"taxonomy":"post_tag","embeddable":true,"href":"https:\/\/tveventos.tv.br\/index.php?rest_route=%2Fwp%2Fv2%2Ftags&post=1287"}],"curies":[{"name":"wp","href":"https:\/\/api.w.org\/{rel}","templated":true}]}}