{"id":1290,"date":"2024-04-09T16:30:36","date_gmt":"2024-04-09T19:30:36","guid":{"rendered":"https:\/\/tveventos.tv.br\/?p=1290"},"modified":"2024-04-09T16:30:38","modified_gmt":"2024-04-09T19:30:38","slug":"confira-os-cruzeiros-maritimos-seguro-viagem-representacao-e-dmcs-presentes-na-46a-abav-travelsp","status":"publish","type":"post","link":"https:\/\/tveventos.tv.br\/?p=1290","title":{"rendered":"Confira os cruzeiros mar\u00edtimos, seguro viagem, representa\u00e7\u00e3o e DMCs presentes na 46\u00aa Abav TravelSP"},"content":{"rendered":"\n<p><em>Marcas renomadas do Turismo trazem novidades, tend\u00eancias e fortalecem o relacionamento com o agente de viagens.<\/em><\/p>\n\n\n\n<p>A 46\u00aa Abav TravelSP, principal feira de turismo do Estado de S\u00e3o Paulo, que ser\u00e1 realizada nos dias 11 e 12 de abril, no Royal Palm Hall, em Campinas (SP), est\u00e1 na contagem regressiva e j\u00e1 contabiliza resultados bastante positivos, com a presen\u00e7a de grandes nomes do setor de turismo. Empresas de cruzeiros mar\u00edtimos (Costa Cruzeiros, MSC Cruzeiros e Qualitours), seguro viagem (Coris, GTA, Harm\u00f4nica Seguro Viagens, Omint e Vital Card), representa\u00e7\u00e3o (DGX International Travel, \u00cdndigo Hotelaria, Mem\u00e9ia Representa\u00e7\u00f5es e Vitrine Global), servi\u00e7os complementares (IRP Customizados), al\u00e9m da Satguru DMC, estar\u00e3o presentes no evento como expositores.<\/p>\n\n\n\n<p>\u201cEssa \u00e9 uma oportunidade de estar em contato com os principais nomes do mercado, refor\u00e7ar parcerias e gerar mais neg\u00f3cios\u201d, comenta Bruno Waltrick, presidente da Abav-SP | Aviesp.&nbsp;<\/p>\n\n\n\n<p>Confira a lista completa de expositores no site (<a href=\"https:\/\/abavtravelsp.com.br\/expositores-confirmados\/\">link<\/a>).<\/p>\n\n\n\n<p><strong>Patrocinadores e apoiadores<\/strong><strong><br><\/strong>A feira conta com o patroc\u00ednio da Global Travel Assistance (GTA), que oferece aos visitantes seguro e atendimento ambulatorial caso haja necessidade, e do Grupo R1, respons\u00e1vel pelos equipamentos audiovisuais do evento e parte da cenografia. O encontro tem ainda o apoio institucional da Abav Nacional, Alagev, Alvim &amp; Cia, Braztoa, C\u00e2mara de Turismo LGBT, CS Global, Entur, Sebrae Campinas, Sindetur, Skal Internacional S\u00e3o Paulo, S\u00f3 Agentes, Unav e Unedestinos.<\/p>\n\n\n\n<p><strong>Inscri\u00e7\u00f5es<\/strong><strong><br><\/strong>Para se inscrever para visitar a 46\u00aa Abav TravelSP, basta acessar o site <a href=\"http:\/\/www.abavtravelsp.com.br\/\">www.abavtravelsp.com.br<\/a>, clicar na aba \u201cinscri\u00e7\u00e3o\u201d e escolher a categoria desejada: agente de viagens associado, n\u00e3o associado, gestores de viagens, visitante do trade, imprensa ou assessoria de imprensa. Na sequ\u00eancia, selecione \u201cn\u00e3o sou cadastrado\u201d e clique em \u201c+ Nova Inscri\u00e7\u00e3o\u201d. No site, o profissional do setor far\u00e1 a inscri\u00e7\u00e3o com o CNPJ da empresa e o CPF. Em caso de d\u00favidas, envie e-mail para Claudia Traballi: claudia.sp@abav.com.br.Confira tamb\u00e9m a programa\u00e7\u00e3o completa no site (<a href=\"https:\/\/abavtravelsp.com.br\/programacao\/\">link<\/a>).<\/p>\n","protected":false},"excerpt":{"rendered":"<p>Marcas renomadas do Turismo trazem novidades, tend\u00eancias e fortalecem o relacionamento com o agente de viagens. A 46\u00aa Abav TravelSP, principal feira de turismo do Estado de S\u00e3o Paulo, que ser\u00e1 realizada nos dias 11 e 12 de abril, no Royal Palm Hall, em Campinas (SP), est\u00e1 na contagem regressiva e j\u00e1 contabiliza resultados bastante [&hellip;]<\/p>\n","protected":false},"author":2,"featured_media":1291,"comment_status":"open","ping_status":"open","sticky":false,"template":"","format":"standard","meta":{"footnotes":""},"categories":[1],"tags":[],"class_list":{"0":"post-1290","1":"post","2":"type-post","3":"status-publish","4":"format-standard","5":"has-post-thumbnail","7":"category-workshopsepalestras"},"_links":{"self":[{"href":"https:\/\/tveventos.tv.br\/index.php?rest_route=\/wp\/v2\/posts\/1290","targetHints":{"allow":["GET"]}}],"collection":[{"href":"https:\/\/tveventos.tv.br\/index.php?rest_route=\/wp\/v2\/posts"}],"about":[{"href":"https:\/\/tveventos.tv.br\/index.php?rest_route=\/wp\/v2\/types\/post"}],"author":[{"embeddable":true,"href":"https:\/\/tveventos.tv.br\/index.php?rest_route=\/wp\/v2\/users\/2"}],"replies":[{"embeddable":true,"href":"https:\/\/tveventos.tv.br\/index.php?rest_route=%2Fwp%2Fv2%2Fcomments&post=1290"}],"version-history":[{"count":1,"href":"https:\/\/tveventos.tv.br\/index.php?rest_route=\/wp\/v2\/posts\/1290\/revisions"}],"predecessor-version":[{"id":1292,"href":"https:\/\/tveventos.tv.br\/index.php?rest_route=\/wp\/v2\/posts\/1290\/revisions\/1292"}],"wp:featuredmedia":[{"embeddable":true,"href":"https:\/\/tveventos.tv.br\/index.php?rest_route=\/wp\/v2\/media\/1291"}],"wp:attachment":[{"href":"https:\/\/tveventos.tv.br\/index.php?rest_route=%2Fwp%2Fv2%2Fmedia&parent=1290"}],"wp:term":[{"taxonomy":"category","embeddable":true,"href":"https:\/\/tveventos.tv.br\/index.php?rest_route=%2Fwp%2Fv2%2Fcategories&post=1290"},{"taxonomy":"post_tag","embeddable":true,"href":"https:\/\/tveventos.tv.br\/index.php?rest_route=%2Fwp%2Fv2%2Ftags&post=1290"}],"curies":[{"name":"wp","href":"https:\/\/api.w.org\/{rel}","templated":true}]}}