{"id":1311,"date":"2024-04-11T15:14:34","date_gmt":"2024-04-11T18:14:34","guid":{"rendered":"https:\/\/tveventos.tv.br\/?p=1311"},"modified":"2024-04-11T15:14:36","modified_gmt":"2024-04-11T18:14:36","slug":"joao-branco-ex-vp-de-marketing-do-mcdonalds-participa-do-vtex-day-2024","status":"publish","type":"post","link":"https:\/\/tveventos.tv.br\/?p=1311","title":{"rendered":"Jo\u00e3o Branco, Ex-VP de Marketing do McDonald\u2019s participa do VTEX Day 2024"},"content":{"rendered":"\n<p class=\"has-text-align-center\"><em>Com palestra no palco principal, executivo falar\u00e1 sobre o seu livro \u201cDesmarketize-se, o novo Marketing n\u00e3o parece Marketing\u201d e abordar\u00e1 aspectos que cercam o tema<\/em><\/p>\n\n\n\n<p>Jo\u00e3o Branco, eleito profissional de Marketing mais admirado do Brasil est\u00e1 entre os speakers escalados para participar do VTEX Day, um dos maiores eventos de digital commerce do mundo. O encontro acontece entre os dias 11 e 12 de abril, em S\u00e3o Paulo, com objetivo de guiar o mercado para o futuro de forma eficiente, pragm\u00e1tica e imersiva.<\/p>\n\n\n\n<p>Com a palestra sobre o seu livro <em>\u201cDesmarketize-se, o novo Marketing n\u00e3o parece Marketing\u201d<\/em>, <strong>marcada para o dia 12, \u00e0s 14h20, no palco principal<\/strong>, Jo\u00e3o Branco abordar\u00e1 temas como \u2018o marketing do futuro\u2019 e a import\u00e2ncia da rela\u00e7\u00e3o entre marcas e clientes para alcan\u00e7ar o sucesso do neg\u00f3cio. Para completar sua participa\u00e7\u00e3o, o executivo levar\u00e1 seu novo livro para divulga\u00e7\u00e3o em stand pr\u00f3prio.<\/p>\n\n\n\n<p>Com mais de 14 anos de hist\u00f3ria, o VTEX Day \u00e9 realizado para todo o ecossistema de com\u00e9rcio digital e re\u00fane milhares de pessoas entre grandes l\u00edderes, personalidades e nomes relevantes do mercado. O evento, que chega \u00e0 sua 15\u00aa edi\u00e7\u00e3o em 2024, contar\u00e1 com nomes como Malala Yousafzaia, mais jovem premiada com o Nobel da Paz, e Neil Patel, um dos profissionais mais influentes do marketing mundial. As palestras ser\u00e3o divididas em 8 palcos, tendo o Main Track como plataforma principal de debate. Todas as informa\u00e7\u00f5es est\u00e3o dispon\u00edveis no site oficial do evento.<\/p>\n\n\n\n<p><strong>Sobre Jo\u00e3o Branco:<\/strong><\/p>\n\n\n\n<p>Com mais de 20 anos de experi\u00eancia em grandes marcas como P&amp;G, Ferrero e McDonald\u2019s &#8211; essa em que atuou como Vice-Presidente de Marketing e liderou o time que fez o McDonalds virar M\u00e9qui e bater todos os recordes da hist\u00f3ria do Big Mac, Jo\u00e3o Branco foi recentemente reconhecido e eleito o profissional de Marketing mais admirado do Brasil pela Scopen. Atualmente, por meio de sua atua\u00e7\u00e3o como professor e conselheiro, o executivo ajuda empresas e profissionais a combinarem performance com prop\u00f3sito por meio de aulas, livros, palestras e conselhos. Al\u00e9m disso, Jo\u00e3o tamb\u00e9m \u00e9 autor dos best-sellers \u201cD\u00ea Prop\u00f3sito\u201d e \u201cDesmarketize-se\u201d.<\/p>\n","protected":false},"excerpt":{"rendered":"<p>Com palestra no palco principal, executivo falar\u00e1 sobre o seu livro \u201cDesmarketize-se, o novo Marketing n\u00e3o parece Marketing\u201d e abordar\u00e1 aspectos que cercam o tema Jo\u00e3o Branco, eleito profissional de Marketing mais admirado do Brasil est\u00e1 entre os speakers escalados para participar do VTEX Day, um dos maiores eventos de digital commerce do mundo. O [&hellip;]<\/p>\n","protected":false},"author":2,"featured_media":1312,"comment_status":"open","ping_status":"open","sticky":false,"template":"","format":"standard","meta":{"footnotes":""},"categories":[1],"tags":[],"class_list":{"0":"post-1311","1":"post","2":"type-post","3":"status-publish","4":"format-standard","5":"has-post-thumbnail","7":"category-workshopsepalestras"},"_links":{"self":[{"href":"https:\/\/tveventos.tv.br\/index.php?rest_route=\/wp\/v2\/posts\/1311","targetHints":{"allow":["GET"]}}],"collection":[{"href":"https:\/\/tveventos.tv.br\/index.php?rest_route=\/wp\/v2\/posts"}],"about":[{"href":"https:\/\/tveventos.tv.br\/index.php?rest_route=\/wp\/v2\/types\/post"}],"author":[{"embeddable":true,"href":"https:\/\/tveventos.tv.br\/index.php?rest_route=\/wp\/v2\/users\/2"}],"replies":[{"embeddable":true,"href":"https:\/\/tveventos.tv.br\/index.php?rest_route=%2Fwp%2Fv2%2Fcomments&post=1311"}],"version-history":[{"count":1,"href":"https:\/\/tveventos.tv.br\/index.php?rest_route=\/wp\/v2\/posts\/1311\/revisions"}],"predecessor-version":[{"id":1313,"href":"https:\/\/tveventos.tv.br\/index.php?rest_route=\/wp\/v2\/posts\/1311\/revisions\/1313"}],"wp:featuredmedia":[{"embeddable":true,"href":"https:\/\/tveventos.tv.br\/index.php?rest_route=\/wp\/v2\/media\/1312"}],"wp:attachment":[{"href":"https:\/\/tveventos.tv.br\/index.php?rest_route=%2Fwp%2Fv2%2Fmedia&parent=1311"}],"wp:term":[{"taxonomy":"category","embeddable":true,"href":"https:\/\/tveventos.tv.br\/index.php?rest_route=%2Fwp%2Fv2%2Fcategories&post=1311"},{"taxonomy":"post_tag","embeddable":true,"href":"https:\/\/tveventos.tv.br\/index.php?rest_route=%2Fwp%2Fv2%2Ftags&post=1311"}],"curies":[{"name":"wp","href":"https:\/\/api.w.org\/{rel}","templated":true}]}}