{"id":1314,"date":"2024-04-15T15:05:43","date_gmt":"2024-04-15T18:05:43","guid":{"rendered":"https:\/\/tveventos.tv.br\/?p=1314"},"modified":"2024-04-15T15:05:47","modified_gmt":"2024-04-15T18:05:47","slug":"nova-edicao-da-helixp-acontecera-dias-8-e-9-de-maio-novidade-este-ano-e-a-programacao-de-palestras","status":"publish","type":"post","link":"https:\/\/tveventos.tv.br\/?p=1314","title":{"rendered":"Nova edi\u00e7\u00e3o da HeliXP acontecer\u00e1 dias 8 e 9 de maio; novidade este ano \u00e9 a programa\u00e7\u00e3o de palestras"},"content":{"rendered":"\n<p><em>O maior evento de asas rotativas da Am\u00e9rica Latina retorna ao Helipark, em Carapicu\u00edba, na Regi\u00e3o Metropolitana de S\u00e3o Paulo, feira de neg\u00f3cios que bateu recorde de p\u00fablico no ano passado e de voos de demonstra\u00e7\u00e3o.<\/em><\/p>\n\n\n\n<p>A quinta edi\u00e7\u00e3o da HeliXP, o maior evento de asas rotativas em toda a Am\u00e9rica Latina, ser\u00e1 sediada mais uma vez no Helipark, em Carapicu\u00edba, na Regi\u00e3o Metropolitana de S\u00e3o Paulo. O evento est\u00e1 marcado para os dias 8 e 9 de maio e a grande novidade para este ano \u00e9 a programa\u00e7\u00e3o de palestras que vai abordar temas como a chegada dos e-Vtols, safety standards do offshore e da avia\u00e7\u00e3o executiva, e avia\u00e7\u00e3o policial. No dia 7 de maio, haver\u00e1 uma abertura pr\u00e9-evento, apenas para expositores, com uma mesa redonda, reunindo os principais representantes da ind\u00fastria de helic\u00f3pteros. Participar\u00e3o empresas como Robinson (ABH), AW09 (Gualter Helic\u00f3pteros), Bell (Tam Executiva), MD Helicopters e Schweizer (Heliflite).&nbsp;<\/p>\n\n\n\n<p>Confira a programa\u00e7\u00e3o de palestras para os dois dias de evento:\u00a0<\/p>\n\n\n\n<p>Quarta-feira &#8211; dia 8 de maio\u00a0<\/p>\n\n\n\n<p>14h40 \u00e0s 15h40 \u2013 Emprego da Avia\u00e7\u00e3o da Pol\u00edcia Nacional do Paraguai.<\/p>\n\n\n\n<p>15h50 \u00e0s 16h50 \u2013 Avia\u00e7\u00e3o Policial Paulista do Comando de Avia\u00e7\u00e3o da PMESP.<\/p>\n\n\n\n<p>17h00 \u00e0s 18h30 &#8211; Painel \u2013 Import\u00e2ncia da Avia\u00e7\u00e3o Policial na fiscaliza\u00e7\u00e3o de fronteira.<\/p>\n\n\n\n<p>Quinta-feira &#8211; dia 9 de maio<\/p>\n\n\n\n<p><strong>\u00a0<\/strong>08h30 \u00e0s 12h30<strong> &#8211; <\/strong>Componentes Aeron\u00e1uticos &#8211; Roadmap homologa\u00e7\u00e3o de fabrica\u00e7\u00e3o e reparos no Brasil &#8211; ANAC<\/p>\n\n\n\n<p>14h00 \u00e0s 14h45 &#8211; Riscos Legais em Acidentes e Incidentes Aeron\u00e1uticos<\/p>\n\n\n\n<p>15h00 \u00e0s 15h45 &#8211; Safety Standards &#8211; Li\u00e7\u00f5es Aprendidas na Avia\u00e7\u00e3o Offshore e na Avia\u00e7\u00e3o Executiva<\/p>\n\n\n\n<p>16h00 \u00e0s 18h00 &#8211; Transmiss\u00e3o Webn\u00e1rio eVTOL &#8211; BHEST &#8211; Participa\u00e7\u00e3o in loco EVE<\/p>\n\n\n\n<p>Na edi\u00e7\u00e3o do ano passado, a HeliXP recebeu um p\u00fablico recorde de 5.600 visitantes e realizou 358 pousos e decolagens com voos de demonstra\u00e7\u00e3o, o que representou um aumento de mais de 80% comparado \u00e0 edi\u00e7\u00e3o anterior (2022). Nos \u00faltimos quatro anos, o evento apresentou um crescimento de 60% entre as marcas expositoras, chegando a 80 somente na \u00faltima edi\u00e7\u00e3o. Segundo a empresa organizadora do evento, G2C Events, esperam-se 90 marcas para a exposi\u00e7\u00e3o deste ano.&nbsp;<\/p>\n\n\n\n<p>Para a diretora da G2C Events, Barbara Bolivar, a HeliXP busca atrair maiores investimentos ao mercado nacional, aproveitando a oportunidade do \u00fanico evento exclusivo do setor de asas rotativas. Ao reunir um p\u00fablico seleto e os maiores players do segmento, a feira exalta a pot\u00eancia comercial do Brasil, que det\u00e9m a segunda maior frota de helic\u00f3pteros do mundo e lidera o ranking de movimenta\u00e7\u00f5es di\u00e1rias.&nbsp;<\/p>\n\n\n\n<p>\u201cA HeliXP j\u00e1 se consagrou como o evento mais importante de asas rotativas da Am\u00e9rica Latina e agora abre espa\u00e7o para a troca de experi\u00eancia com outros segmentos relevantes, como offshore, avia\u00e7\u00e3o policial, drones e e-Vtols\u201d, declara B\u00e1rbara.<\/p>\n\n\n\n<p>Mais informa\u00e7\u00f5es em <a href=\"http:\/\/www.helixp.com.br\/\">www.helixp.com.br<\/a><\/p>\n","protected":false},"excerpt":{"rendered":"<p>O maior evento de asas rotativas da Am\u00e9rica Latina retorna ao Helipark, em Carapicu\u00edba, na Regi\u00e3o Metropolitana de S\u00e3o Paulo, feira de neg\u00f3cios que bateu recorde de p\u00fablico no ano passado e de voos de demonstra\u00e7\u00e3o. A quinta edi\u00e7\u00e3o da HeliXP, o maior evento de asas rotativas em toda a Am\u00e9rica Latina, ser\u00e1 sediada mais [&hellip;]<\/p>\n","protected":false},"author":2,"featured_media":1315,"comment_status":"open","ping_status":"open","sticky":false,"template":"","format":"standard","meta":{"footnotes":""},"categories":[1],"tags":[],"class_list":{"0":"post-1314","1":"post","2":"type-post","3":"status-publish","4":"format-standard","5":"has-post-thumbnail","7":"category-workshopsepalestras"},"_links":{"self":[{"href":"https:\/\/tveventos.tv.br\/index.php?rest_route=\/wp\/v2\/posts\/1314","targetHints":{"allow":["GET"]}}],"collection":[{"href":"https:\/\/tveventos.tv.br\/index.php?rest_route=\/wp\/v2\/posts"}],"about":[{"href":"https:\/\/tveventos.tv.br\/index.php?rest_route=\/wp\/v2\/types\/post"}],"author":[{"embeddable":true,"href":"https:\/\/tveventos.tv.br\/index.php?rest_route=\/wp\/v2\/users\/2"}],"replies":[{"embeddable":true,"href":"https:\/\/tveventos.tv.br\/index.php?rest_route=%2Fwp%2Fv2%2Fcomments&post=1314"}],"version-history":[{"count":1,"href":"https:\/\/tveventos.tv.br\/index.php?rest_route=\/wp\/v2\/posts\/1314\/revisions"}],"predecessor-version":[{"id":1316,"href":"https:\/\/tveventos.tv.br\/index.php?rest_route=\/wp\/v2\/posts\/1314\/revisions\/1316"}],"wp:featuredmedia":[{"embeddable":true,"href":"https:\/\/tveventos.tv.br\/index.php?rest_route=\/wp\/v2\/media\/1315"}],"wp:attachment":[{"href":"https:\/\/tveventos.tv.br\/index.php?rest_route=%2Fwp%2Fv2%2Fmedia&parent=1314"}],"wp:term":[{"taxonomy":"category","embeddable":true,"href":"https:\/\/tveventos.tv.br\/index.php?rest_route=%2Fwp%2Fv2%2Fcategories&post=1314"},{"taxonomy":"post_tag","embeddable":true,"href":"https:\/\/tveventos.tv.br\/index.php?rest_route=%2Fwp%2Fv2%2Ftags&post=1314"}],"curies":[{"name":"wp","href":"https:\/\/api.w.org\/{rel}","templated":true}]}}